{"id":10246,"date":"2025-06-25T12:53:23","date_gmt":"2025-06-25T10:53:23","guid":{"rendered":"https:\/\/alter-entorn.com\/?p=10246"},"modified":"2025-06-25T12:53:24","modified_gmt":"2025-06-25T10:53:24","slug":"mascotes-un-mes-a-la-familia","status":"publish","type":"post","link":"https:\/\/alter-entorn.com\/ca\/mascotes-un-mes-a-la-familia\/","title":{"rendered":"Mascotes, un m\u00e9s a la fam\u00edlia"},"content":{"rendered":"\n<h2 class=\"wp-block-heading has-text-align-center has-large-font-size\"><p><span id=\"_mce_caret\" data-mce-bogus=\"1\" data-mce-type=\"format-caret\"><strong>Probiotics de neteja, ideals per conviure amb mascotes<\/strong><\/span><br data-mce-bogus=\"1\"><\/p><\/h2>\n\n\n\n<ul class=\"wp-block-list\">\n<li><ul>\r\n \t<li><strong>Ventilar di\u00e0riament:<\/strong>&nbsp;Independentment de la temperatura i l&#8217;estaci\u00f3 de l&#8217;any, totes les habitacions s&#8217;han d&#8217;airejar cada dia. Les mascotes requereixen un contacte freq\u00fcent amb l&#8217;exterior. Si vivim en un pis \u00e9s important tenir un balc\u00f3 o terrassa i reservar-los un espai assegurant-nos que no hi hagi risc de caiguda. En cas de disposar \u00fanicament de finestres hi ha dispositius perqu\u00e8 puguin treure el cap de manera segura.<\/li>\r\n<\/ul><\/li>\n\n\n\n<li><ul>\r\n \t<li style=\"font-weight: 400;\"><strong>Netejar terres i prescindir de catifes<\/strong>. La decisi\u00f3 m\u00e9s higi\u00e8nica per a un habitatge on hi hagi mascotes \u00e9s renunciar a les catifes, ja que retenen molta brut\u00edcia i acumulen els cabells que deixen anar les mascotes. El terra s&#8217;ha de netejar amb m\u00e9s freq\u00fc\u00e8ncia de l&#8217;habitual, ja que \u00e9s on les nostres mascotes passen la major part del temps. \u00c9s imprescindible que el producte que usem sigui lliure de qu\u00edmics nocius i no contingui ni lleixiu ni amon\u00edac ja que s\u00f3n perjudicials per a les vies respirat\u00f2ries i la pell. El millor despr\u00e9s d&#8217;un bon escombrat \u00e9s passar el pal de fregar o una mopa amb un netejador probi\u00f2tic. Aquest tipus de netejadors contenen microorganismes i enzims que degraden la brut\u00edcia. Els microorganismes segueixen actuant per molt de temps, neutralitzen les olors i s\u00f3n beneficiosos per als \u00e9ssers vius. A m\u00e9s, l&#8217;aigua residual \u00e9s excel\u00b7lent per mantenir canonades netes i regar les plantes.<\/li>\r\n<\/ul><\/li>\n\n\n\n<li><ul>\r\n \t<li><strong>Sof\u00e0s, llits i butaques<\/strong>. L&#8217;ideal \u00e9s que les mascotes tinguin el seu propi espai de descans. Les tapisseries i els cobrellits s\u00f3n focus d&#8217;atracci\u00f3 d&#8217;impureses i p\u00e8ls aix\u00ed que si els teus animals pugen al sof\u00e0 millor cobreix-los amb fundes o teles f\u00e0cils de netejar a la rentadora. Les pots espolsar cada dia i rentar-les cada setmana o quan sigui necessari.<\/li>\r\n<\/ul><\/li>\n\n\n\n<li><ul>\r\n \t<li style=\"font-weight: 400;\"><strong>Treure p\u00e8ls de teles i roba.<\/strong> Com a mida casolana pots fer servir cinta d&#8217;embalar sobre la superf\u00edcie per adherir els p\u00e8ls. Tamb\u00e9 serveix una mitja vella amb la que t&#8217;has de cobrir la m\u00e0 abans de passar-la per la tela. O b\u00e9 Per utilitzar en primer lloc un guant antip\u00e8l amb pues de goma, despr\u00e9s un corr\u00f3 antip\u00e8l i finalment un drap de microfibra humit.<\/li>\r\n<\/ul><\/li>\n\n\n\n<li><ul>\r\n \t<li><strong>Trucs antiolors<\/strong>. Hi ha molts trucs antiolors, el vinagre de poma, el bicarbonat escampat a la nit sobre els llocs preferits de la teva mascota, les espelmes anti-olor&#8230; Els ambientadors probi\u00f2tics neutralitzen les olors i no afegeixen cap frag\u00e0ncia ni aroma, simplement aporten sensaci\u00f3 de benestar i de frescor. El mateix netejador multiusos es pot polvoritzar en qualsevol espai com a ambientador. Aportant molts beneficis a la qualitat de l&#8217;aire de l&#8217;interior dels nostres habitatges<\/li>\r\n<\/ul><\/li>\n\n\n\n<li><ul>\r\n \t<li><strong>Aspirar amb freq\u00fc\u00e8ncia<\/strong> per impedir que el cabell animal es dipositi i dissemini, \u00e9s imprescindible passar l&#8217;aspiradora per tota la casa, terres i tapisseries. Tenir un aspirador petit, potent i manejable que aquest sempre a punt ens facilitar\u00e0 molt aquesta tasca.<\/li>\r\n<\/ul><\/li>\n<\/ul>\n\n\n\n<p>Aix\u00ed doncs, si apliquem els tipus d&#8217;higiene i cura de les nostres mascotes m\u00e9s els de la llar gaudirem d&#8217;un ambient saludable i net per a tots els membres de la fam\u00edlia. \r\n\r\n<\/p>\n\n\n\n<p class=\"has-text-align-center has-medium-font-size\"><p style=\"text-align: center;\"><strong>Respectar el medi ambient i lliure de qu\u00edmics nocius.<\/strong><\/p><\/p>\n\n\n\n<p><\/p>\n","protected":false},"excerpt":{"rendered":"<p>Probiotics de neteja, ideals per conviure amb mascotes Aix\u00ed doncs, si apliquem els tipus d&#8217;higiene i cura de les nostres mascotes m\u00e9s els de la llar gaudirem d&#8217;un ambient saludable i net per a tots els membres de la fam\u00edlia. Respectar el medi ambient i lliure de qu\u00edmics nocius.<\/p>\n","protected":false},"author":3,"featured_media":10231,"comment_status":"closed","ping_status":"closed","sticky":false,"template":"","format":"standard","meta":{"_joinchat":[],"footnotes":""},"categories":[74,1677],"tags":[1194,1585,1606,1610,1688,3306],"class_list":["post-10246","post","type-post","status-publish","format-standard","has-post-thumbnail","hentry","category-neteja-ecologica","category-mascotes","tag-probiotics-ca","tag-neteja-sense-quimics","tag-ventilar-interiors","tag-ambient-saludable","tag-beneficis-mascotes","tag-conviure-amb-mascotes"],"yoast_head":"<!-- This site is optimized with the Yoast SEO plugin v27.4 - https:\/\/yoast.com\/product\/yoast-seo-wordpress\/ -->\n<title>Mascotes, un m\u00e9s a la fam\u00edlia - alter-entorn<\/title>\n<meta name=\"description\" content=\"conviure amb mascotes. Un m\u00e9s a la fam\u00edlia mesures d&#039;higiene per una conviv\u00e8ncia sana i una llar lliure de qu\u00edmics nocius.\" \/>\n<meta name=\"robots\" content=\"index, follow, max-snippet:-1, max-image-preview:large, max-video-preview:-1\" \/>\n<link rel=\"canonical\" href=\"https:\/\/alter-entorn.com\/ca\/mascotes-un-mes-a-la-familia\/\" \/>\n<meta property=\"og:locale\" content=\"ca_ES\" \/>\n<meta property=\"og:type\" content=\"article\" \/>\n<meta property=\"og:title\" content=\"Mascotes, un m\u00e9s a la fam\u00edlia - alter-entorn\" \/>\n<meta property=\"og:description\" content=\"conviure amb mascotes. Un m\u00e9s a la fam\u00edlia mesures d&#039;higiene per una conviv\u00e8ncia sana i una llar lliure de qu\u00edmics nocius.\" \/>\n<meta property=\"og:url\" content=\"https:\/\/alter-entorn.com\/ca\/mascotes-un-mes-a-la-familia\/\" \/>\n<meta property=\"og:site_name\" content=\"alter-entorn\" \/>\n<meta property=\"article:publisher\" content=\"https:\/\/www.facebook.com\/alterentorn\/\" \/>\n<meta property=\"article:published_time\" content=\"2025-06-25T10:53:23+00:00\" \/>\n<meta property=\"article:modified_time\" content=\"2025-06-25T10:53:24+00:00\" \/>\n<meta property=\"og:image\" content=\"https:\/\/alter-entorn.com\/wp-content\/uploads\/2025\/05\/354c4b60-bfc2-4063-b8f4-17c29725aab9-scaled-e1746527445755.jpg\" \/>\n\t<meta property=\"og:image:width\" content=\"1920\" \/>\n\t<meta property=\"og:image:height\" content=\"2560\" \/>\n\t<meta property=\"og:image:type\" content=\"image\/jpeg\" \/>\n<meta name=\"author\" content=\"Comandes\" \/>\n<meta name=\"twitter:card\" content=\"summary_large_image\" \/>\n<meta name=\"twitter:creator\" content=\"@alterentorn\" \/>\n<meta name=\"twitter:site\" content=\"@alterentorn\" \/>\n<meta name=\"twitter:label1\" content=\"Escrit per\" \/>\n\t<meta name=\"twitter:data1\" content=\"Comandes\" \/>\n\t<meta name=\"twitter:label2\" content=\"Temps estimat de lectura\" \/>\n\t<meta name=\"twitter:data2\" content=\"3 minuts\" \/>\n<script type=\"application\/ld+json\" class=\"yoast-schema-graph\">{\"@context\":\"https:\\\/\\\/schema.org\",\"@graph\":[{\"@type\":\"Article\",\"@id\":\"https:\\\/\\\/alter-entorn.com\\\/ca\\\/mascotes-un-mes-a-la-familia\\\/#article\",\"isPartOf\":{\"@id\":\"https:\\\/\\\/alter-entorn.com\\\/ca\\\/mascotes-un-mes-a-la-familia\\\/\"},\"author\":{\"name\":\"Comandes\",\"@id\":\"https:\\\/\\\/alter-entorn.com\\\/ca\\\/#\\\/schema\\\/person\\\/038d634ba7da15974cd21b377dac47e7\"},\"headline\":\"Mascotes, un m\u00e9s a la fam\u00edlia\",\"datePublished\":\"2025-06-25T10:53:23+00:00\",\"dateModified\":\"2025-06-25T10:53:24+00:00\",\"mainEntityOfPage\":{\"@id\":\"https:\\\/\\\/alter-entorn.com\\\/ca\\\/mascotes-un-mes-a-la-familia\\\/\"},\"wordCount\":555,\"publisher\":{\"@id\":\"https:\\\/\\\/alter-entorn.com\\\/ca\\\/#organization\"},\"image\":{\"@id\":\"https:\\\/\\\/alter-entorn.com\\\/ca\\\/mascotes-un-mes-a-la-familia\\\/#primaryimage\"},\"thumbnailUrl\":\"https:\\\/\\\/alter-entorn.com\\\/wp-content\\\/uploads\\\/2025\\\/05\\\/354c4b60-bfc2-4063-b8f4-17c29725aab9-scaled-e1746527445755.jpg\",\"keywords\":[\"probiotics\",\"neteja sense quimics\",\"ventilar interiors\",\"ambient saludable\",\"beneficis mascotes\",\"conviure amb mascotes\"],\"articleSection\":[\"NETEJA ECOL\u00d2GICA\",\"MASCOTES\"],\"inLanguage\":\"ca\"},{\"@type\":\"WebPage\",\"@id\":\"https:\\\/\\\/alter-entorn.com\\\/ca\\\/mascotes-un-mes-a-la-familia\\\/\",\"url\":\"https:\\\/\\\/alter-entorn.com\\\/ca\\\/mascotes-un-mes-a-la-familia\\\/\",\"name\":\"Mascotes, un m\u00e9s a la fam\u00edlia - alter-entorn\",\"isPartOf\":{\"@id\":\"https:\\\/\\\/alter-entorn.com\\\/ca\\\/#website\"},\"primaryImageOfPage\":{\"@id\":\"https:\\\/\\\/alter-entorn.com\\\/ca\\\/mascotes-un-mes-a-la-familia\\\/#primaryimage\"},\"image\":{\"@id\":\"https:\\\/\\\/alter-entorn.com\\\/ca\\\/mascotes-un-mes-a-la-familia\\\/#primaryimage\"},\"thumbnailUrl\":\"https:\\\/\\\/alter-entorn.com\\\/wp-content\\\/uploads\\\/2025\\\/05\\\/354c4b60-bfc2-4063-b8f4-17c29725aab9-scaled-e1746527445755.jpg\",\"datePublished\":\"2025-06-25T10:53:23+00:00\",\"dateModified\":\"2025-06-25T10:53:24+00:00\",\"description\":\"conviure amb mascotes. Un m\u00e9s a la fam\u00edlia mesures d'higiene per una conviv\u00e8ncia sana i una llar lliure de qu\u00edmics nocius.\",\"breadcrumb\":{\"@id\":\"https:\\\/\\\/alter-entorn.com\\\/ca\\\/mascotes-un-mes-a-la-familia\\\/#breadcrumb\"},\"inLanguage\":\"ca\",\"potentialAction\":[{\"@type\":\"ReadAction\",\"target\":[\"https:\\\/\\\/alter-entorn.com\\\/ca\\\/mascotes-un-mes-a-la-familia\\\/\"]}]},{\"@type\":\"ImageObject\",\"inLanguage\":\"ca\",\"@id\":\"https:\\\/\\\/alter-entorn.com\\\/ca\\\/mascotes-un-mes-a-la-familia\\\/#primaryimage\",\"url\":\"https:\\\/\\\/alter-entorn.com\\\/wp-content\\\/uploads\\\/2025\\\/05\\\/354c4b60-bfc2-4063-b8f4-17c29725aab9-scaled-e1746527445755.jpg\",\"contentUrl\":\"https:\\\/\\\/alter-entorn.com\\\/wp-content\\\/uploads\\\/2025\\\/05\\\/354c4b60-bfc2-4063-b8f4-17c29725aab9-scaled-e1746527445755.jpg\",\"width\":1920,\"height\":2560,\"caption\":\"Gato dom\u00e9stico mirando por la ventana\"},{\"@type\":\"BreadcrumbList\",\"@id\":\"https:\\\/\\\/alter-entorn.com\\\/ca\\\/mascotes-un-mes-a-la-familia\\\/#breadcrumb\",\"itemListElement\":[{\"@type\":\"ListItem\",\"position\":1,\"name\":\"Portada\",\"item\":\"https:\\\/\\\/alter-entorn.com\\\/ca\\\/\"},{\"@type\":\"ListItem\",\"position\":2,\"name\":\"Mascotes, un m\u00e9s a la fam\u00edlia\"}]},{\"@type\":\"WebSite\",\"@id\":\"https:\\\/\\\/alter-entorn.com\\\/ca\\\/#website\",\"url\":\"https:\\\/\\\/alter-entorn.com\\\/ca\\\/\",\"name\":\"alter-entorn\",\"description\":\"Soluciones Microbiol\u00f3gicas probi\u00f3ticos\",\"publisher\":{\"@id\":\"https:\\\/\\\/alter-entorn.com\\\/ca\\\/#organization\"},\"potentialAction\":[{\"@type\":\"SearchAction\",\"target\":{\"@type\":\"EntryPoint\",\"urlTemplate\":\"https:\\\/\\\/alter-entorn.com\\\/ca\\\/?s={search_term_string}\"},\"query-input\":{\"@type\":\"PropertyValueSpecification\",\"valueRequired\":true,\"valueName\":\"search_term_string\"}}],\"inLanguage\":\"ca\"},{\"@type\":\"Organization\",\"@id\":\"https:\\\/\\\/alter-entorn.com\\\/ca\\\/#organization\",\"name\":\"alter-entorn\",\"url\":\"https:\\\/\\\/alter-entorn.com\\\/ca\\\/\",\"logo\":{\"@type\":\"ImageObject\",\"inLanguage\":\"ca\",\"@id\":\"https:\\\/\\\/alter-entorn.com\\\/ca\\\/#\\\/schema\\\/logo\\\/image\\\/\",\"url\":\"https:\\\/\\\/alter-entorn.com\\\/wp-content\\\/uploads\\\/2018\\\/10\\\/logo_alter_entorn-sin-texto-1.png\",\"contentUrl\":\"https:\\\/\\\/alter-entorn.com\\\/wp-content\\\/uploads\\\/2018\\\/10\\\/logo_alter_entorn-sin-texto-1.png\",\"width\":246,\"height\":68,\"caption\":\"alter-entorn\"},\"image\":{\"@id\":\"https:\\\/\\\/alter-entorn.com\\\/ca\\\/#\\\/schema\\\/logo\\\/image\\\/\"},\"sameAs\":[\"https:\\\/\\\/www.facebook.com\\\/alterentorn\\\/\",\"https:\\\/\\\/x.com\\\/alterentorn\"]},{\"@type\":\"Person\",\"@id\":\"https:\\\/\\\/alter-entorn.com\\\/ca\\\/#\\\/schema\\\/person\\\/038d634ba7da15974cd21b377dac47e7\",\"name\":\"Comandes\"}]}<\/script>\n<!-- \/ Yoast SEO plugin. -->","yoast_head_json":{"title":"Mascotes, un m\u00e9s a la fam\u00edlia - alter-entorn","description":"conviure amb mascotes. Un m\u00e9s a la fam\u00edlia mesures d'higiene per una conviv\u00e8ncia sana i una llar lliure de qu\u00edmics nocius.","robots":{"index":"index","follow":"follow","max-snippet":"max-snippet:-1","max-image-preview":"max-image-preview:large","max-video-preview":"max-video-preview:-1"},"canonical":"https:\/\/alter-entorn.com\/ca\/mascotes-un-mes-a-la-familia\/","og_locale":"ca_ES","og_type":"article","og_title":"Mascotes, un m\u00e9s a la fam\u00edlia - alter-entorn","og_description":"conviure amb mascotes. Un m\u00e9s a la fam\u00edlia mesures d'higiene per una conviv\u00e8ncia sana i una llar lliure de qu\u00edmics nocius.","og_url":"https:\/\/alter-entorn.com\/ca\/mascotes-un-mes-a-la-familia\/","og_site_name":"alter-entorn","article_publisher":"https:\/\/www.facebook.com\/alterentorn\/","article_published_time":"2025-06-25T10:53:23+00:00","article_modified_time":"2025-06-25T10:53:24+00:00","og_image":[{"width":1920,"height":2560,"url":"https:\/\/alter-entorn.com\/wp-content\/uploads\/2025\/05\/354c4b60-bfc2-4063-b8f4-17c29725aab9-scaled-e1746527445755.jpg","type":"image\/jpeg"}],"author":"Comandes","twitter_card":"summary_large_image","twitter_creator":"@alterentorn","twitter_site":"@alterentorn","twitter_misc":{"Escrit per":"Comandes","Temps estimat de lectura":"3 minuts"},"schema":{"@context":"https:\/\/schema.org","@graph":[{"@type":"Article","@id":"https:\/\/alter-entorn.com\/ca\/mascotes-un-mes-a-la-familia\/#article","isPartOf":{"@id":"https:\/\/alter-entorn.com\/ca\/mascotes-un-mes-a-la-familia\/"},"author":{"name":"Comandes","@id":"https:\/\/alter-entorn.com\/ca\/#\/schema\/person\/038d634ba7da15974cd21b377dac47e7"},"headline":"Mascotes, un m\u00e9s a la fam\u00edlia","datePublished":"2025-06-25T10:53:23+00:00","dateModified":"2025-06-25T10:53:24+00:00","mainEntityOfPage":{"@id":"https:\/\/alter-entorn.com\/ca\/mascotes-un-mes-a-la-familia\/"},"wordCount":555,"publisher":{"@id":"https:\/\/alter-entorn.com\/ca\/#organization"},"image":{"@id":"https:\/\/alter-entorn.com\/ca\/mascotes-un-mes-a-la-familia\/#primaryimage"},"thumbnailUrl":"https:\/\/alter-entorn.com\/wp-content\/uploads\/2025\/05\/354c4b60-bfc2-4063-b8f4-17c29725aab9-scaled-e1746527445755.jpg","keywords":["probiotics","neteja sense quimics","ventilar interiors","ambient saludable","beneficis mascotes","conviure amb mascotes"],"articleSection":["NETEJA ECOL\u00d2GICA","MASCOTES"],"inLanguage":"ca"},{"@type":"WebPage","@id":"https:\/\/alter-entorn.com\/ca\/mascotes-un-mes-a-la-familia\/","url":"https:\/\/alter-entorn.com\/ca\/mascotes-un-mes-a-la-familia\/","name":"Mascotes, un m\u00e9s a la fam\u00edlia - alter-entorn","isPartOf":{"@id":"https:\/\/alter-entorn.com\/ca\/#website"},"primaryImageOfPage":{"@id":"https:\/\/alter-entorn.com\/ca\/mascotes-un-mes-a-la-familia\/#primaryimage"},"image":{"@id":"https:\/\/alter-entorn.com\/ca\/mascotes-un-mes-a-la-familia\/#primaryimage"},"thumbnailUrl":"https:\/\/alter-entorn.com\/wp-content\/uploads\/2025\/05\/354c4b60-bfc2-4063-b8f4-17c29725aab9-scaled-e1746527445755.jpg","datePublished":"2025-06-25T10:53:23+00:00","dateModified":"2025-06-25T10:53:24+00:00","description":"conviure amb mascotes. Un m\u00e9s a la fam\u00edlia mesures d'higiene per una conviv\u00e8ncia sana i una llar lliure de qu\u00edmics nocius.","breadcrumb":{"@id":"https:\/\/alter-entorn.com\/ca\/mascotes-un-mes-a-la-familia\/#breadcrumb"},"inLanguage":"ca","potentialAction":[{"@type":"ReadAction","target":["https:\/\/alter-entorn.com\/ca\/mascotes-un-mes-a-la-familia\/"]}]},{"@type":"ImageObject","inLanguage":"ca","@id":"https:\/\/alter-entorn.com\/ca\/mascotes-un-mes-a-la-familia\/#primaryimage","url":"https:\/\/alter-entorn.com\/wp-content\/uploads\/2025\/05\/354c4b60-bfc2-4063-b8f4-17c29725aab9-scaled-e1746527445755.jpg","contentUrl":"https:\/\/alter-entorn.com\/wp-content\/uploads\/2025\/05\/354c4b60-bfc2-4063-b8f4-17c29725aab9-scaled-e1746527445755.jpg","width":1920,"height":2560,"caption":"Gato dom\u00e9stico mirando por la ventana"},{"@type":"BreadcrumbList","@id":"https:\/\/alter-entorn.com\/ca\/mascotes-un-mes-a-la-familia\/#breadcrumb","itemListElement":[{"@type":"ListItem","position":1,"name":"Portada","item":"https:\/\/alter-entorn.com\/ca\/"},{"@type":"ListItem","position":2,"name":"Mascotes, un m\u00e9s a la fam\u00edlia"}]},{"@type":"WebSite","@id":"https:\/\/alter-entorn.com\/ca\/#website","url":"https:\/\/alter-entorn.com\/ca\/","name":"alter-entorn","description":"Soluciones Microbiol\u00f3gicas probi\u00f3ticos","publisher":{"@id":"https:\/\/alter-entorn.com\/ca\/#organization"},"potentialAction":[{"@type":"SearchAction","target":{"@type":"EntryPoint","urlTemplate":"https:\/\/alter-entorn.com\/ca\/?s={search_term_string}"},"query-input":{"@type":"PropertyValueSpecification","valueRequired":true,"valueName":"search_term_string"}}],"inLanguage":"ca"},{"@type":"Organization","@id":"https:\/\/alter-entorn.com\/ca\/#organization","name":"alter-entorn","url":"https:\/\/alter-entorn.com\/ca\/","logo":{"@type":"ImageObject","inLanguage":"ca","@id":"https:\/\/alter-entorn.com\/ca\/#\/schema\/logo\/image\/","url":"https:\/\/alter-entorn.com\/wp-content\/uploads\/2018\/10\/logo_alter_entorn-sin-texto-1.png","contentUrl":"https:\/\/alter-entorn.com\/wp-content\/uploads\/2018\/10\/logo_alter_entorn-sin-texto-1.png","width":246,"height":68,"caption":"alter-entorn"},"image":{"@id":"https:\/\/alter-entorn.com\/ca\/#\/schema\/logo\/image\/"},"sameAs":["https:\/\/www.facebook.com\/alterentorn\/","https:\/\/x.com\/alterentorn"]},{"@type":"Person","@id":"https:\/\/alter-entorn.com\/ca\/#\/schema\/person\/038d634ba7da15974cd21b377dac47e7","name":"Comandes"}]}},"_links":{"self":[{"href":"https:\/\/alter-entorn.com\/ca\/wp-json\/wp\/v2\/posts\/10246","targetHints":{"allow":["GET"]}}],"collection":[{"href":"https:\/\/alter-entorn.com\/ca\/wp-json\/wp\/v2\/posts"}],"about":[{"href":"https:\/\/alter-entorn.com\/ca\/wp-json\/wp\/v2\/types\/post"}],"author":[{"embeddable":true,"href":"https:\/\/alter-entorn.com\/ca\/wp-json\/wp\/v2\/users\/3"}],"replies":[{"embeddable":true,"href":"https:\/\/alter-entorn.com\/ca\/wp-json\/wp\/v2\/comments?post=10246"}],"version-history":[{"count":2,"href":"https:\/\/alter-entorn.com\/ca\/wp-json\/wp\/v2\/posts\/10246\/revisions"}],"predecessor-version":[{"id":10421,"href":"https:\/\/alter-entorn.com\/ca\/wp-json\/wp\/v2\/posts\/10246\/revisions\/10421"}],"wp:featuredmedia":[{"embeddable":true,"href":"https:\/\/alter-entorn.com\/ca\/wp-json\/wp\/v2\/media\/10231"}],"wp:attachment":[{"href":"https:\/\/alter-entorn.com\/ca\/wp-json\/wp\/v2\/media?parent=10246"}],"wp:term":[{"taxonomy":"category","embeddable":true,"href":"https:\/\/alter-entorn.com\/ca\/wp-json\/wp\/v2\/categories?post=10246"},{"taxonomy":"post_tag","embeddable":true,"href":"https:\/\/alter-entorn.com\/ca\/wp-json\/wp\/v2\/tags?post=10246"}],"curies":[{"name":"wp","href":"https:\/\/api.w.org\/{rel}","templated":true}]}}