{"id":10702,"date":"2025-10-15T08:19:51","date_gmt":"2025-10-15T06:19:51","guid":{"rendered":"https:\/\/alter-entorn.com\/?p=10702"},"modified":"2025-10-15T08:21:33","modified_gmt":"2025-10-15T06:21:33","slug":"es-bo-prendre-probiotics-regularment","status":"publish","type":"post","link":"https:\/\/alter-entorn.com\/ca\/es-bo-prendre-probiotics-regularment\/","title":{"rendered":"\u00c9s bo prendre probi\u00f3tics regularment?"},"content":{"rendered":"\n<h2 class=\"wp-block-heading\">Qu\u00e8 s\u00f3n els probi\u00f2tics?<\/h2>\n\n<p>Els probi\u00f2tics s\u00f3n ceps vius de microorganismes beneficiosos que presos en quantitat suficient aporten millores a l&#8217;organisme, notablement en el sistema digestiu. S\u00f3n principalment bacteris bons que es troben de forma natural al cos hum\u00e0 i en alguns aliments fermentats.<br\/><br\/><\/p>\n\n<p>Els probi\u00f2tics es consideren &#8220;bacteris amigables&#8221; perqu\u00e8 ajuden a mantenir un equilibri saludable de microorganismes a l&#8217;intest\u00ed. Aqu\u00ed n&#8217;hi ha una gran quantitat, beneficioses i perjudicials. Quan se n&#8217;altera la proporci\u00f3, hi pot haver problemes de salut, com ara trastorns digestius, infeccions i disminuci\u00f3 de la immunitat. Aquest desequilibri \u00e9s conegut com a disbiosi.<\/p>\n\n<h2 class=\"wp-block-heading\"><strong>Qu\u00e8 passa quan consumim probi\u00f2tics?<\/strong><\/h2>\n\n<div class=\"wp-block-media-text is-stacked-on-mobile\" style=\"grid-template-columns:42% auto\"><figure class=\"wp-block-media-text__media\"><img loading=\"lazy\" decoding=\"async\" width=\"512\" height=\"1024\" src=\"https:\/\/alter-entorn.com\/wp-content\/uploads\/2025\/09\/Diseno-sin-titulo-4-512x1024.png\" alt=\"\" class=\"wp-image-10693 size-full\" srcset=\"https:\/\/alter-entorn.com\/wp-content\/uploads\/2025\/09\/Diseno-sin-titulo-4-512x1024.png 512w, https:\/\/alter-entorn.com\/wp-content\/uploads\/2025\/09\/Diseno-sin-titulo-4-150x300.png 150w, https:\/\/alter-entorn.com\/wp-content\/uploads\/2025\/09\/Diseno-sin-titulo-4-570x1140.png 570w, https:\/\/alter-entorn.com\/wp-content\/uploads\/2025\/09\/Diseno-sin-titulo-4.png 750w\" sizes=\"auto, (max-width: 512px) 100vw, 512px\" \/><\/figure><div class=\"wp-block-media-text__content\">\n<p>El microbioma \u00e9s \u00fanic per a cada persona, gaireb\u00e9 com una petjada digital encara que es pot modificar. Una microbiota saludable es caracteritza per una diversitat d&#8217;esp\u00e8cies, estable i resilient davant dels canvis i amb capacitat per excloure o neutralitzar pat\u00f2gens. Per mantenir-la equilibrada en el temps podem incloure probi\u00f2tics i prebi\u00f2tics diversos a la nostra dieta, a m\u00e9s de prendre aliments naturals de temporada i no processats. En consumir probi\u00f2tics, s&#8217;introdueix una quantitat addicional de bacteris beneficiosos al sistema digestiu, cosa que pot ajudar a restaurar o mantenir l&#8217;equilibri. Elles poden colonitzar l&#8217;intest\u00ed, neutralitzar els microorganismes pat\u00f2gens i mantenir-los inactius, cosa que promou una millor digesti\u00f3, una millora en l&#8217;absorci\u00f3 de nutrients i enforteix el sistema immunol\u00f2gic.\u00a0 A m\u00e9s, \u00a0el microbioma i els bacteris intestinals estan estretament relacionats amb el cervell, a trav\u00e9s del <a href=\"https:\/\/www.adninstitut.com\/el-eje-intestino-cerebro-la-conexion-entre-la-microbiota-la-salud-mental-n-79-es\">nervi vague<\/a>, i tenen un paper important en el desenvolupament d&#8217;aquest, \u00e9s per aix\u00f2 que poden influir en l&#8217;estat d&#8217;\u00e0nim i en el sistema immunitari.<br\/><p style=\"font-weight: 400;\"><\/p><\/p>\n<\/div><\/div>\n\n<h2 class=\"wp-block-heading\"><strong>No tots els probi\u00f2tics s\u00f3n iguals<\/strong>!<\/h2>\n\n<p><p style=\"font-weight: 400;\">Podem trobar molts probi\u00f2tics al mercat. La majoria s\u00f3n liofilitzats i contenen una \u00fanica soca de microorganismes. Aquests poden resoldre un problema puntual, per\u00f2 a llarg pla\u00e7 no ajuden a mantenir una microbi\u00f3ta diversa i equilibrada. A m\u00e9s al ser en pols triguen en activar-se i perden part de la seva efic\u00e0cia. Molts d&#8217;ells es destrueixen a l&#8217;estomag essent pocs els que arriben vius a l&#8217;intest\u00ed. Per aix\u00f2 els suplements <a href=\"https:\/\/alter-entorn.com\/bio-live-equilibrio-es-salud\/\">probi\u00f2tics l\u00edquids microbz<\/a> s\u00f3n una bona opci\u00f3:<\/p><br\/><p style=\"font-weight: 400;\"><\/p><\/p>\n\n<ul class=\"wp-block-list\">\n<li>No estan liofilitzats aix\u00ed que estan vius i actius, llestos aix\u00ed que els prenem.<\/li>\n\n\n\n<li>S&#8217;elaboren amb un ph igual que el de l&#8217;est\u00f3mac, aix\u00ed els bacteris i microorganismes arriben vius fins a l&#8217;intest\u00ed.<\/li>\n\n\n\n<li>Contenen una diversitat de ceps de microbis beneficiosos, cosa que afavoreix l&#8217;equilibri de la microbiota. \u00a0\u00a0<\/li>\n\n\n\n<li>S\u00f3n fermentats en base aigua per la qual cosa no desencadenen la digesti\u00f3 en passar per l&#8217;est\u00f3mac, arriben vius i directes a l&#8217;intest\u00ed, aix\u00ed que comencen a actuar en el moment que els prenem.<\/li>\n<\/ul>\n\n<p>L&#8217;estil de vida accelerat, la sobreexposici\u00f3 als qu\u00edmics nocius, l&#8217;alcohol i l&#8217;estr\u00e8s entre d&#8217;altres s\u00f3n grans destructors de l&#8217;equilibri de la microbi\u00f2ta. Aix\u00ed que per mantenir l&#8217;equilibri en el temps \u00e9s important afegir probi\u00f2tics regularment a la nostra alimentaci\u00f3, tant naturals com a suplements probi\u00f2tics l\u00edquids.<br\/><\/p>\n\n<p class=\"has-text-align-center\"><strong>Per mantenir una microbiota diversa, equilibrada, resilient i capa\u00e7 de neutralitzar els pat\u00f2gens \u00e9s important afegir regularment probi\u00f2tics i prebi\u00f3ticos variats a la nostra alimentaci\u00f3n, tant naturals com suplements probi\u00f3tics l\u00edquids.\u00a0<\/strong><\/p>\n\n<p><\/p>\n","protected":false},"excerpt":{"rendered":"<p>Els probi\u00f3tics s\u00f3n bacteries beneficioses que ajuden a mantenir un equilibri saludable de microorganismes a l&#8217;intest\u00ed. <\/p>\n","protected":false},"author":3,"featured_media":10684,"comment_status":"closed","ping_status":"closed","sticky":false,"template":"","format":"standard","meta":{"_joinchat":[],"footnotes":""},"categories":[97],"tags":[1190,2680,3338,3339,3340],"class_list":["post-10702","post","type-post","status-publish","format-standard","has-post-thumbnail","hentry","category-salut-i-benestar","tag-microbiota-ca","tag-salut-intestinal","tag-microbiota-ca-2","tag-probiotics-liquids","tag-salut-intestinal-ca"],"yoast_head":"<!-- This site is optimized with the Yoast SEO plugin v27.4 - https:\/\/yoast.com\/product\/yoast-seo-wordpress\/ -->\n<title>\u00c9s bo prendre probi\u00f3tics regularment? - alter-entorn<\/title>\n<meta name=\"description\" content=\"Consumir probi\u00f2tics l\u00edquids microbz de forma regular ajuda a millorar i equilibrar la microbiota beneficiosa\" \/>\n<meta name=\"robots\" content=\"index, follow, max-snippet:-1, max-image-preview:large, max-video-preview:-1\" \/>\n<link rel=\"canonical\" href=\"https:\/\/alter-entorn.com\/ca\/es-bo-prendre-probiotics-regularment\/\" \/>\n<meta property=\"og:locale\" content=\"ca_ES\" \/>\n<meta property=\"og:type\" content=\"article\" \/>\n<meta property=\"og:title\" content=\"\u00c9s bo prendre probi\u00f3tics regularment? - alter-entorn\" \/>\n<meta property=\"og:description\" content=\"Consumir probi\u00f2tics l\u00edquids microbz de forma regular ajuda a millorar i equilibrar la microbiota beneficiosa\" \/>\n<meta property=\"og:url\" content=\"https:\/\/alter-entorn.com\/ca\/es-bo-prendre-probiotics-regularment\/\" \/>\n<meta property=\"og:site_name\" content=\"alter-entorn\" \/>\n<meta property=\"article:publisher\" content=\"https:\/\/www.facebook.com\/alterentorn\/\" \/>\n<meta property=\"article:published_time\" content=\"2025-10-15T06:19:51+00:00\" \/>\n<meta property=\"article:modified_time\" content=\"2025-10-15T06:21:33+00:00\" \/>\n<meta property=\"og:image\" content=\"https:\/\/alter-entorn.com\/wp-content\/uploads\/2025\/09\/alimentos-fermentados_71572-e1758626356472.jpg\" \/>\n\t<meta property=\"og:image:width\" content=\"1200\" \/>\n\t<meta property=\"og:image:height\" content=\"800\" \/>\n\t<meta property=\"og:image:type\" content=\"image\/jpeg\" \/>\n<meta name=\"author\" content=\"Comandes\" \/>\n<meta name=\"twitter:card\" content=\"summary_large_image\" \/>\n<meta name=\"twitter:creator\" content=\"@alterentorn\" \/>\n<meta name=\"twitter:site\" content=\"@alterentorn\" \/>\n<meta name=\"twitter:label1\" content=\"Escrit per\" \/>\n\t<meta name=\"twitter:data1\" content=\"Comandes\" \/>\n\t<meta name=\"twitter:label2\" content=\"Temps estimat de lectura\" \/>\n\t<meta name=\"twitter:data2\" content=\"3 minuts\" \/>\n<script type=\"application\/ld+json\" class=\"yoast-schema-graph\">{\"@context\":\"https:\\\/\\\/schema.org\",\"@graph\":[{\"@type\":\"Article\",\"@id\":\"https:\\\/\\\/alter-entorn.com\\\/ca\\\/es-bo-prendre-probiotics-regularment\\\/#article\",\"isPartOf\":{\"@id\":\"https:\\\/\\\/alter-entorn.com\\\/ca\\\/es-bo-prendre-probiotics-regularment\\\/\"},\"author\":{\"name\":\"Comandes\",\"@id\":\"https:\\\/\\\/alter-entorn.com\\\/ca\\\/#\\\/schema\\\/person\\\/038d634ba7da15974cd21b377dac47e7\"},\"headline\":\"\u00c9s bo prendre probi\u00f3tics regularment?\",\"datePublished\":\"2025-10-15T06:19:51+00:00\",\"dateModified\":\"2025-10-15T06:21:33+00:00\",\"mainEntityOfPage\":{\"@id\":\"https:\\\/\\\/alter-entorn.com\\\/ca\\\/es-bo-prendre-probiotics-regularment\\\/\"},\"wordCount\":555,\"publisher\":{\"@id\":\"https:\\\/\\\/alter-entorn.com\\\/ca\\\/#organization\"},\"image\":{\"@id\":\"https:\\\/\\\/alter-entorn.com\\\/ca\\\/es-bo-prendre-probiotics-regularment\\\/#primaryimage\"},\"thumbnailUrl\":\"https:\\\/\\\/alter-entorn.com\\\/wp-content\\\/uploads\\\/2025\\\/09\\\/alimentos-fermentados_71572-e1758626356472.jpg\",\"keywords\":[\"microbiota\",\"salut intestinal\",\"microbiota\",\"probiotics l\u00edquids\",\"salut intestinal\"],\"articleSection\":[\"SALUT I BENESTAR\"],\"inLanguage\":\"ca\"},{\"@type\":\"WebPage\",\"@id\":\"https:\\\/\\\/alter-entorn.com\\\/ca\\\/es-bo-prendre-probiotics-regularment\\\/\",\"url\":\"https:\\\/\\\/alter-entorn.com\\\/ca\\\/es-bo-prendre-probiotics-regularment\\\/\",\"name\":\"\u00c9s bo prendre probi\u00f3tics regularment? - alter-entorn\",\"isPartOf\":{\"@id\":\"https:\\\/\\\/alter-entorn.com\\\/ca\\\/#website\"},\"primaryImageOfPage\":{\"@id\":\"https:\\\/\\\/alter-entorn.com\\\/ca\\\/es-bo-prendre-probiotics-regularment\\\/#primaryimage\"},\"image\":{\"@id\":\"https:\\\/\\\/alter-entorn.com\\\/ca\\\/es-bo-prendre-probiotics-regularment\\\/#primaryimage\"},\"thumbnailUrl\":\"https:\\\/\\\/alter-entorn.com\\\/wp-content\\\/uploads\\\/2025\\\/09\\\/alimentos-fermentados_71572-e1758626356472.jpg\",\"datePublished\":\"2025-10-15T06:19:51+00:00\",\"dateModified\":\"2025-10-15T06:21:33+00:00\",\"description\":\"Consumir probi\u00f2tics l\u00edquids microbz de forma regular ajuda a millorar i equilibrar la microbiota beneficiosa\",\"breadcrumb\":{\"@id\":\"https:\\\/\\\/alter-entorn.com\\\/ca\\\/es-bo-prendre-probiotics-regularment\\\/#breadcrumb\"},\"inLanguage\":\"ca\",\"potentialAction\":[{\"@type\":\"ReadAction\",\"target\":[\"https:\\\/\\\/alter-entorn.com\\\/ca\\\/es-bo-prendre-probiotics-regularment\\\/\"]}]},{\"@type\":\"ImageObject\",\"inLanguage\":\"ca\",\"@id\":\"https:\\\/\\\/alter-entorn.com\\\/ca\\\/es-bo-prendre-probiotics-regularment\\\/#primaryimage\",\"url\":\"https:\\\/\\\/alter-entorn.com\\\/wp-content\\\/uploads\\\/2025\\\/09\\\/alimentos-fermentados_71572-e1758626356472.jpg\",\"contentUrl\":\"https:\\\/\\\/alter-entorn.com\\\/wp-content\\\/uploads\\\/2025\\\/09\\\/alimentos-fermentados_71572-e1758626356472.jpg\",\"width\":1200,\"height\":800},{\"@type\":\"BreadcrumbList\",\"@id\":\"https:\\\/\\\/alter-entorn.com\\\/ca\\\/es-bo-prendre-probiotics-regularment\\\/#breadcrumb\",\"itemListElement\":[{\"@type\":\"ListItem\",\"position\":1,\"name\":\"Portada\",\"item\":\"https:\\\/\\\/alter-entorn.com\\\/ca\\\/\"},{\"@type\":\"ListItem\",\"position\":2,\"name\":\"\u00c9s bo prendre probi\u00f3tics regularment?\"}]},{\"@type\":\"WebSite\",\"@id\":\"https:\\\/\\\/alter-entorn.com\\\/ca\\\/#website\",\"url\":\"https:\\\/\\\/alter-entorn.com\\\/ca\\\/\",\"name\":\"alter-entorn\",\"description\":\"Soluciones Microbiol\u00f3gicas probi\u00f3ticos\",\"publisher\":{\"@id\":\"https:\\\/\\\/alter-entorn.com\\\/ca\\\/#organization\"},\"potentialAction\":[{\"@type\":\"SearchAction\",\"target\":{\"@type\":\"EntryPoint\",\"urlTemplate\":\"https:\\\/\\\/alter-entorn.com\\\/ca\\\/?s={search_term_string}\"},\"query-input\":{\"@type\":\"PropertyValueSpecification\",\"valueRequired\":true,\"valueName\":\"search_term_string\"}}],\"inLanguage\":\"ca\"},{\"@type\":\"Organization\",\"@id\":\"https:\\\/\\\/alter-entorn.com\\\/ca\\\/#organization\",\"name\":\"alter-entorn\",\"url\":\"https:\\\/\\\/alter-entorn.com\\\/ca\\\/\",\"logo\":{\"@type\":\"ImageObject\",\"inLanguage\":\"ca\",\"@id\":\"https:\\\/\\\/alter-entorn.com\\\/ca\\\/#\\\/schema\\\/logo\\\/image\\\/\",\"url\":\"https:\\\/\\\/alter-entorn.com\\\/wp-content\\\/uploads\\\/2018\\\/10\\\/logo_alter_entorn-sin-texto-1.png\",\"contentUrl\":\"https:\\\/\\\/alter-entorn.com\\\/wp-content\\\/uploads\\\/2018\\\/10\\\/logo_alter_entorn-sin-texto-1.png\",\"width\":246,\"height\":68,\"caption\":\"alter-entorn\"},\"image\":{\"@id\":\"https:\\\/\\\/alter-entorn.com\\\/ca\\\/#\\\/schema\\\/logo\\\/image\\\/\"},\"sameAs\":[\"https:\\\/\\\/www.facebook.com\\\/alterentorn\\\/\",\"https:\\\/\\\/x.com\\\/alterentorn\"]},{\"@type\":\"Person\",\"@id\":\"https:\\\/\\\/alter-entorn.com\\\/ca\\\/#\\\/schema\\\/person\\\/038d634ba7da15974cd21b377dac47e7\",\"name\":\"Comandes\"}]}<\/script>\n<!-- \/ Yoast SEO plugin. -->","yoast_head_json":{"title":"\u00c9s bo prendre probi\u00f3tics regularment? - alter-entorn","description":"Consumir probi\u00f2tics l\u00edquids microbz de forma regular ajuda a millorar i equilibrar la microbiota beneficiosa","robots":{"index":"index","follow":"follow","max-snippet":"max-snippet:-1","max-image-preview":"max-image-preview:large","max-video-preview":"max-video-preview:-1"},"canonical":"https:\/\/alter-entorn.com\/ca\/es-bo-prendre-probiotics-regularment\/","og_locale":"ca_ES","og_type":"article","og_title":"\u00c9s bo prendre probi\u00f3tics regularment? - alter-entorn","og_description":"Consumir probi\u00f2tics l\u00edquids microbz de forma regular ajuda a millorar i equilibrar la microbiota beneficiosa","og_url":"https:\/\/alter-entorn.com\/ca\/es-bo-prendre-probiotics-regularment\/","og_site_name":"alter-entorn","article_publisher":"https:\/\/www.facebook.com\/alterentorn\/","article_published_time":"2025-10-15T06:19:51+00:00","article_modified_time":"2025-10-15T06:21:33+00:00","og_image":[{"width":1200,"height":800,"url":"https:\/\/alter-entorn.com\/wp-content\/uploads\/2025\/09\/alimentos-fermentados_71572-e1758626356472.jpg","type":"image\/jpeg"}],"author":"Comandes","twitter_card":"summary_large_image","twitter_creator":"@alterentorn","twitter_site":"@alterentorn","twitter_misc":{"Escrit per":"Comandes","Temps estimat de lectura":"3 minuts"},"schema":{"@context":"https:\/\/schema.org","@graph":[{"@type":"Article","@id":"https:\/\/alter-entorn.com\/ca\/es-bo-prendre-probiotics-regularment\/#article","isPartOf":{"@id":"https:\/\/alter-entorn.com\/ca\/es-bo-prendre-probiotics-regularment\/"},"author":{"name":"Comandes","@id":"https:\/\/alter-entorn.com\/ca\/#\/schema\/person\/038d634ba7da15974cd21b377dac47e7"},"headline":"\u00c9s bo prendre probi\u00f3tics regularment?","datePublished":"2025-10-15T06:19:51+00:00","dateModified":"2025-10-15T06:21:33+00:00","mainEntityOfPage":{"@id":"https:\/\/alter-entorn.com\/ca\/es-bo-prendre-probiotics-regularment\/"},"wordCount":555,"publisher":{"@id":"https:\/\/alter-entorn.com\/ca\/#organization"},"image":{"@id":"https:\/\/alter-entorn.com\/ca\/es-bo-prendre-probiotics-regularment\/#primaryimage"},"thumbnailUrl":"https:\/\/alter-entorn.com\/wp-content\/uploads\/2025\/09\/alimentos-fermentados_71572-e1758626356472.jpg","keywords":["microbiota","salut intestinal","microbiota","probiotics l\u00edquids","salut intestinal"],"articleSection":["SALUT I BENESTAR"],"inLanguage":"ca"},{"@type":"WebPage","@id":"https:\/\/alter-entorn.com\/ca\/es-bo-prendre-probiotics-regularment\/","url":"https:\/\/alter-entorn.com\/ca\/es-bo-prendre-probiotics-regularment\/","name":"\u00c9s bo prendre probi\u00f3tics regularment? - alter-entorn","isPartOf":{"@id":"https:\/\/alter-entorn.com\/ca\/#website"},"primaryImageOfPage":{"@id":"https:\/\/alter-entorn.com\/ca\/es-bo-prendre-probiotics-regularment\/#primaryimage"},"image":{"@id":"https:\/\/alter-entorn.com\/ca\/es-bo-prendre-probiotics-regularment\/#primaryimage"},"thumbnailUrl":"https:\/\/alter-entorn.com\/wp-content\/uploads\/2025\/09\/alimentos-fermentados_71572-e1758626356472.jpg","datePublished":"2025-10-15T06:19:51+00:00","dateModified":"2025-10-15T06:21:33+00:00","description":"Consumir probi\u00f2tics l\u00edquids microbz de forma regular ajuda a millorar i equilibrar la microbiota beneficiosa","breadcrumb":{"@id":"https:\/\/alter-entorn.com\/ca\/es-bo-prendre-probiotics-regularment\/#breadcrumb"},"inLanguage":"ca","potentialAction":[{"@type":"ReadAction","target":["https:\/\/alter-entorn.com\/ca\/es-bo-prendre-probiotics-regularment\/"]}]},{"@type":"ImageObject","inLanguage":"ca","@id":"https:\/\/alter-entorn.com\/ca\/es-bo-prendre-probiotics-regularment\/#primaryimage","url":"https:\/\/alter-entorn.com\/wp-content\/uploads\/2025\/09\/alimentos-fermentados_71572-e1758626356472.jpg","contentUrl":"https:\/\/alter-entorn.com\/wp-content\/uploads\/2025\/09\/alimentos-fermentados_71572-e1758626356472.jpg","width":1200,"height":800},{"@type":"BreadcrumbList","@id":"https:\/\/alter-entorn.com\/ca\/es-bo-prendre-probiotics-regularment\/#breadcrumb","itemListElement":[{"@type":"ListItem","position":1,"name":"Portada","item":"https:\/\/alter-entorn.com\/ca\/"},{"@type":"ListItem","position":2,"name":"\u00c9s bo prendre probi\u00f3tics regularment?"}]},{"@type":"WebSite","@id":"https:\/\/alter-entorn.com\/ca\/#website","url":"https:\/\/alter-entorn.com\/ca\/","name":"alter-entorn","description":"Soluciones Microbiol\u00f3gicas probi\u00f3ticos","publisher":{"@id":"https:\/\/alter-entorn.com\/ca\/#organization"},"potentialAction":[{"@type":"SearchAction","target":{"@type":"EntryPoint","urlTemplate":"https:\/\/alter-entorn.com\/ca\/?s={search_term_string}"},"query-input":{"@type":"PropertyValueSpecification","valueRequired":true,"valueName":"search_term_string"}}],"inLanguage":"ca"},{"@type":"Organization","@id":"https:\/\/alter-entorn.com\/ca\/#organization","name":"alter-entorn","url":"https:\/\/alter-entorn.com\/ca\/","logo":{"@type":"ImageObject","inLanguage":"ca","@id":"https:\/\/alter-entorn.com\/ca\/#\/schema\/logo\/image\/","url":"https:\/\/alter-entorn.com\/wp-content\/uploads\/2018\/10\/logo_alter_entorn-sin-texto-1.png","contentUrl":"https:\/\/alter-entorn.com\/wp-content\/uploads\/2018\/10\/logo_alter_entorn-sin-texto-1.png","width":246,"height":68,"caption":"alter-entorn"},"image":{"@id":"https:\/\/alter-entorn.com\/ca\/#\/schema\/logo\/image\/"},"sameAs":["https:\/\/www.facebook.com\/alterentorn\/","https:\/\/x.com\/alterentorn"]},{"@type":"Person","@id":"https:\/\/alter-entorn.com\/ca\/#\/schema\/person\/038d634ba7da15974cd21b377dac47e7","name":"Comandes"}]}},"_links":{"self":[{"href":"https:\/\/alter-entorn.com\/ca\/wp-json\/wp\/v2\/posts\/10702","targetHints":{"allow":["GET"]}}],"collection":[{"href":"https:\/\/alter-entorn.com\/ca\/wp-json\/wp\/v2\/posts"}],"about":[{"href":"https:\/\/alter-entorn.com\/ca\/wp-json\/wp\/v2\/types\/post"}],"author":[{"embeddable":true,"href":"https:\/\/alter-entorn.com\/ca\/wp-json\/wp\/v2\/users\/3"}],"replies":[{"embeddable":true,"href":"https:\/\/alter-entorn.com\/ca\/wp-json\/wp\/v2\/comments?post=10702"}],"version-history":[{"count":1,"href":"https:\/\/alter-entorn.com\/ca\/wp-json\/wp\/v2\/posts\/10702\/revisions"}],"predecessor-version":[{"id":10703,"href":"https:\/\/alter-entorn.com\/ca\/wp-json\/wp\/v2\/posts\/10702\/revisions\/10703"}],"wp:featuredmedia":[{"embeddable":true,"href":"https:\/\/alter-entorn.com\/ca\/wp-json\/wp\/v2\/media\/10684"}],"wp:attachment":[{"href":"https:\/\/alter-entorn.com\/ca\/wp-json\/wp\/v2\/media?parent=10702"}],"wp:term":[{"taxonomy":"category","embeddable":true,"href":"https:\/\/alter-entorn.com\/ca\/wp-json\/wp\/v2\/categories?post=10702"},{"taxonomy":"post_tag","embeddable":true,"href":"https:\/\/alter-entorn.com\/ca\/wp-json\/wp\/v2\/tags?post=10702"}],"curies":[{"name":"wp","href":"https:\/\/api.w.org\/{rel}","templated":true}]}}