{"id":10729,"date":"2025-10-15T08:36:35","date_gmt":"2025-10-15T06:36:35","guid":{"rendered":"https:\/\/alter-entorn.com\/?p=10729"},"modified":"2025-10-15T08:36:37","modified_gmt":"2025-10-15T06:36:37","slug":"suplements-probiotics-en-la-primera-infancia","status":"publish","type":"post","link":"https:\/\/alter-entorn.com\/ca\/suplements-probiotics-en-la-primera-infancia\/","title":{"rendered":"suplements probiotics en la primera inf\u00e0ncia"},"content":{"rendered":"\n<h2 class=\"wp-block-heading\">La flora d&#8217;un nounat \u00e9s molt limitada en n\u00e9ixer, de mica en mica es va desenvolupant a trav\u00e9s de la transmissi\u00f3 de microorganismes entre el nad\u00f3 i el seu entorn.<\/h2>\n\n<p class=\"has-text-align-left\">La flora d&#8217;un beb\u00e8 est\u00e0 molt condicionada pel tipus de part i per la lact\u00e0ncia, sent els processos naturals els que li aportaran una microbi\u00f2ta m\u00e9s diversa i equilibrada. Aix\u00ed el part vaginal proporciona m\u00e9s microorganismes al tub digestiu del nad\u00f3, que un part per cas\u00e0ria. La lact\u00e0ncia materna ajuda que els bacteris beneficiosos, com els b\u00edfidobacteris i els lactobacils, que ens protegeixen davant de malalties respirat\u00f2ries i digestives, es desenvolupin a l&#8217;intest\u00ed. Quan no \u00e9s possible la lact\u00e0ncia materna o optem per llets formulades cal verificar que aquestes incorporen diferents tipus de probi\u00f2tics.<br\/><\/p>\n\n<p class=\"has-text-align-left\">De la mateixa manera quan arriba l&#8217;alimentaci\u00f3 complement\u00e0ria, hem de tenir en compte que la nutrici\u00f3 deficient de nutrients i vitamines pot influir en el dany de la flora intestinal. La microbi\u00f2ta d&#8217;un nen s&#8217;estabilitza al voltant dels tres anys, per aix\u00f2 \u00e9s tan important la<a href=\"https:\/\/scptfe.com\/probioticos-en-pediatria\/\"> ingesta de probi\u00f2tics saludables des de la primera infancia<\/a>. Perqu\u00e8 tinguin una microbiota rica, diversa, equilibrada i resilient.<\/p>\n\n<h2 class=\"wp-block-heading has-text-align-left\">Com enfortir la microbi\u00f2ta en la inf\u00e0ncia?<\/h2>\n\n<ul class=\"wp-block-list\">\n<li>Alimentaci\u00f3 saludable de la mare a l&#8217;embar\u00e0s.<\/li>\n\n\n\n<li>Si teniu la possibilitat, opteu per l&#8217;opci\u00f3 de part vaginal.<\/li>\n\n\n\n<li>Lact\u00e0ncia materna exclusiva durant els primers 6 mesos sempre que sigui possible.<br\/><br\/><br\/><br\/><br\/><\/li>\n\n\n\n<li>Consumir probi\u00f2tics saludables.<\/li>\n\n\n\n<li>Mastegar molt b\u00e9 el menjar.<\/li>\n\n\n\n<li>Rentar-se molt b\u00e9 les mans.<\/li>\n\n\n\n<li>Ingesta de fruites i verdures.<\/li>\n\n\n\n<li>Antibi\u00f2tics nom\u00e9s quan sigui realment necessari.<\/li>\n<\/ul>\n\n<h2 class=\"wp-block-heading\">Beneficis dels probi\u00f2tics per a la salut dels infants<\/h2>\n\n<p>No tots els probi\u00f2tics s\u00f3n iguals ni actuen de la mateixa manera, aix\u00ed que abans de prendre probi\u00f2tics \u00e9s aconsellable consultar-ho amb un professional. Per\u00f2 de manera general si no \u00e9s per tractar un problema molt concret els probi\u00f2tics l\u00edquids que contenen diferents soques de microorganismes s\u00f3n una opci\u00f3 equilibrada i saludable que ajuden les funcions de l&#8217;organisme. Aqu\u00ed t&#8217;expliquem alguns dels seus beneficis:<\/p>\n\n<ul class=\"wp-block-list\">\n<li>Millora de la salut digestiva: ajuda a mantenir un equilibri saludable de bacteris a l&#8217;intest\u00ed. Aix\u00f2 pot ajudar a prevenir problemes digestius com diarrea, restrenyiment, gasos i c\u00f2lics en els nens.<\/li>\n\n\n\n<li>Refor\u00e7 del sistema immunol\u00f2gic: enforteix la impermeabilitat intestinal, ajudant a prevenir i reduir la incid\u00e8ncia de malalties respirat\u00f2ries, grip i otitis mitjana.<\/li>\n\n\n\n<li>Prevenci\u00f3 d&#8217;infeccions intestinals: ajuden a prevenir infeccions intestinals causades per bacteris pat\u00f2gens, ja que els microorganismes beneficiosos van colonitzant l&#8217;intest\u00ed neutralitzant els nocius.<\/li>\n\n\n\n<li>Millora de l&#8217;absorci\u00f3 de nutrients: garanteix una utilitzaci\u00f3 millor de vitamines, minerals juntament amb altres nutrients essencials per al creixement i desenvolupament adequat dels nens. Ajudant a regular l&#8217;equilibri de nutrients i contribuint a un pes saludable.<\/li>\n\n\n\n<li>Suport a la salut mental: Hi ha una connexi\u00f3 important entre l&#8217;intest\u00ed i el cervell a trav\u00e9s del nervi vague. Els probi\u00f2tics poden influir positivament en aquest enlla\u00e7, millorant l&#8217;estat d&#8217;\u00e0nim, reduint l&#8217;ansietat i la depressi\u00f3 als nens.<\/li>\n\n\n\n<li>Reducci\u00f3 de les al\u00b7l\u00e8rgies: s&#8217;ha observat que el consum de probi\u00f2tics durant l&#8217;embar\u00e0s i la lact\u00e0ncia, aix\u00ed com a la inf\u00e0ncia primerenca, pot disminuir la incid\u00e8ncia de dermatitis at\u00f2pica i les al\u00b7l\u00e8rgies aliment\u00e0ries.<\/li>\n<\/ul>\n\n<h2 class=\"wp-block-heading\">Quins aliments contenen probi\u00f2tics?<\/h2>\n\n<p>Els probi\u00f2tics es poden trobar en diferents aliments i suplements. Algunes fonts comunes de probi\u00f2tics s\u00f3n els <a href=\"https:\/\/alter-entorn.com\/fermentados-y-probioticos-para-el-microbioma\/\">aliments fermentats<\/a> com el iogurt i fruites com la poma, la pinya, la taronja o els fruits vermells, que proporcionen vitamines i nutrients perfectes per a la salut de la flora intestinal i s\u00f3n molt apropiats a la inf\u00e0ncia. A m\u00e9s, ajudarem a generar bons h\u00e0bits alimentaris. Menjant aliments frescos i de temporada, evitant sucres i aliments processats. Evitar els aliments molt salats, picants o molt dol\u00e7os per potenciar el sentit del gust i els sabors naturals.<\/p>\n\n<p>En els moments de canvi que poden generar estr\u00e8s com: tornada a l&#8217;escola, canvi horari, vacances i manca de rutina, refredats, canvi d&#8217;estaci\u00f3\u2026 \u00e9s important donar-los un suplement probi\u00f2tic l\u00edquid amb ceps diversos de microorganismes que els ajudi a mantenir o restablir l&#8217;equilibri de la flora intestinal. Aix\u00ed com vitamines i minerals necessaris per al bon funcionament de lorganisme. Els probi\u00f2tics l\u00edquids <a href=\"https:\/\/alter-entorn.com\/ca\/producto\/bio-live-goo-for-you\/\"><em><strong>microbz kids<\/strong><\/em><\/a> s\u00f3n l&#8217;opci\u00f3 perfecta per als primers anys aix\u00ed com per a les mares durant l&#8217;embr\u00e0s i la lact\u00e0ncia. S\u00f3n molt complets i equilibrats ja que combinen diferents ceps de microorganismes, amb extractes de plantes, sucs i minerals.<\/p>\n\n<p><\/p>\n","protected":false},"excerpt":{"rendered":"<p>La flora d&#8217;un nounat \u00e9s molt limitada en n\u00e9ixer, de mica en mica es va desenvolupant a trav\u00e9s de la transmissi\u00f3 de microorganismes entre el nad\u00f3 i el seu entorn. La flora d&#8217;un beb\u00e8 est\u00e0 molt condicionada pel tipus de part i per la lact\u00e0ncia, sent els processos naturals els que li aportaran una microbi\u00f2ta [&hellip;]<\/p>\n","protected":false},"author":3,"featured_media":10722,"comment_status":"closed","ping_status":"closed","sticky":false,"template":"","format":"standard","meta":{"_joinchat":[],"footnotes":""},"categories":[97],"tags":[1190,2033,2680,2760,3353,3354,3355],"class_list":["post-10729","post","type-post","status-publish","format-standard","has-post-thumbnail","hentry","category-salut-i-benestar","tag-microbiota-ca","tag-microbioma-ca","tag-salut-intestinal","tag-flora-intestinal-nens","tag-probiotics-ca-2","tag-probiotics-liquids-ca","tag-microbz-ca"],"yoast_head":"<!-- This site is optimized with the Yoast SEO plugin v27.4 - https:\/\/yoast.com\/product\/yoast-seo-wordpress\/ -->\n<title>suplements probiotics en la primera inf\u00e0ncia - alter-entorn<\/title>\n<meta name=\"description\" content=\"Els suplements probiotics en la inf\u00e0ncia aporten molts beneficis per la salut. Al voltant dels tres anys la microbiota s&#039;estabilitza.\" \/>\n<meta name=\"robots\" content=\"index, follow, max-snippet:-1, max-image-preview:large, max-video-preview:-1\" \/>\n<link rel=\"canonical\" href=\"https:\/\/alter-entorn.com\/ca\/suplements-probiotics-en-la-primera-infancia\/\" \/>\n<meta property=\"og:locale\" content=\"ca_ES\" \/>\n<meta property=\"og:type\" content=\"article\" \/>\n<meta property=\"og:title\" content=\"suplements probiotics en la primera inf\u00e0ncia - alter-entorn\" \/>\n<meta property=\"og:description\" content=\"Els suplements probiotics en la inf\u00e0ncia aporten molts beneficis per la salut. Al voltant dels tres anys la microbiota s&#039;estabilitza.\" \/>\n<meta property=\"og:url\" content=\"https:\/\/alter-entorn.com\/ca\/suplements-probiotics-en-la-primera-infancia\/\" \/>\n<meta property=\"og:site_name\" content=\"alter-entorn\" \/>\n<meta property=\"article:publisher\" content=\"https:\/\/www.facebook.com\/alterentorn\/\" \/>\n<meta property=\"article:published_time\" content=\"2025-10-15T06:36:35+00:00\" \/>\n<meta property=\"article:modified_time\" content=\"2025-10-15T06:36:37+00:00\" \/>\n<meta property=\"og:image\" content=\"https:\/\/alter-entorn.com\/wp-content\/uploads\/2025\/10\/bebe.jpg\" \/>\n\t<meta property=\"og:image:width\" content=\"640\" \/>\n\t<meta property=\"og:image:height\" content=\"412\" \/>\n\t<meta property=\"og:image:type\" content=\"image\/jpeg\" \/>\n<meta name=\"author\" content=\"Comandes\" \/>\n<meta name=\"twitter:card\" content=\"summary_large_image\" \/>\n<meta name=\"twitter:creator\" content=\"@alterentorn\" \/>\n<meta name=\"twitter:site\" content=\"@alterentorn\" \/>\n<meta name=\"twitter:label1\" content=\"Escrit per\" \/>\n\t<meta name=\"twitter:data1\" content=\"Comandes\" \/>\n\t<meta name=\"twitter:label2\" content=\"Temps estimat de lectura\" \/>\n\t<meta name=\"twitter:data2\" content=\"4 minuts\" \/>\n<script type=\"application\/ld+json\" class=\"yoast-schema-graph\">{\"@context\":\"https:\\\/\\\/schema.org\",\"@graph\":[{\"@type\":\"Article\",\"@id\":\"https:\\\/\\\/alter-entorn.com\\\/ca\\\/suplements-probiotics-en-la-primera-infancia\\\/#article\",\"isPartOf\":{\"@id\":\"https:\\\/\\\/alter-entorn.com\\\/ca\\\/suplements-probiotics-en-la-primera-infancia\\\/\"},\"author\":{\"name\":\"Comandes\",\"@id\":\"https:\\\/\\\/alter-entorn.com\\\/ca\\\/#\\\/schema\\\/person\\\/038d634ba7da15974cd21b377dac47e7\"},\"headline\":\"suplements probiotics en la primera inf\u00e0ncia\",\"datePublished\":\"2025-10-15T06:36:35+00:00\",\"dateModified\":\"2025-10-15T06:36:37+00:00\",\"mainEntityOfPage\":{\"@id\":\"https:\\\/\\\/alter-entorn.com\\\/ca\\\/suplements-probiotics-en-la-primera-infancia\\\/\"},\"wordCount\":776,\"publisher\":{\"@id\":\"https:\\\/\\\/alter-entorn.com\\\/ca\\\/#organization\"},\"image\":{\"@id\":\"https:\\\/\\\/alter-entorn.com\\\/ca\\\/suplements-probiotics-en-la-primera-infancia\\\/#primaryimage\"},\"thumbnailUrl\":\"https:\\\/\\\/alter-entorn.com\\\/wp-content\\\/uploads\\\/2025\\\/10\\\/bebe.jpg\",\"keywords\":[\"microbiota\",\"microbioma\",\"salut intestinal\",\"flora intestinal nens\",\"probi\u00f2tics\",\"probi\u00f2tics l\u00edquids\",\"microbz\"],\"articleSection\":[\"SALUT I BENESTAR\"],\"inLanguage\":\"ca\"},{\"@type\":\"WebPage\",\"@id\":\"https:\\\/\\\/alter-entorn.com\\\/ca\\\/suplements-probiotics-en-la-primera-infancia\\\/\",\"url\":\"https:\\\/\\\/alter-entorn.com\\\/ca\\\/suplements-probiotics-en-la-primera-infancia\\\/\",\"name\":\"suplements probiotics en la primera inf\u00e0ncia - alter-entorn\",\"isPartOf\":{\"@id\":\"https:\\\/\\\/alter-entorn.com\\\/ca\\\/#website\"},\"primaryImageOfPage\":{\"@id\":\"https:\\\/\\\/alter-entorn.com\\\/ca\\\/suplements-probiotics-en-la-primera-infancia\\\/#primaryimage\"},\"image\":{\"@id\":\"https:\\\/\\\/alter-entorn.com\\\/ca\\\/suplements-probiotics-en-la-primera-infancia\\\/#primaryimage\"},\"thumbnailUrl\":\"https:\\\/\\\/alter-entorn.com\\\/wp-content\\\/uploads\\\/2025\\\/10\\\/bebe.jpg\",\"datePublished\":\"2025-10-15T06:36:35+00:00\",\"dateModified\":\"2025-10-15T06:36:37+00:00\",\"description\":\"Els suplements probiotics en la inf\u00e0ncia aporten molts beneficis per la salut. Al voltant dels tres anys la microbiota s'estabilitza.\",\"breadcrumb\":{\"@id\":\"https:\\\/\\\/alter-entorn.com\\\/ca\\\/suplements-probiotics-en-la-primera-infancia\\\/#breadcrumb\"},\"inLanguage\":\"ca\",\"potentialAction\":[{\"@type\":\"ReadAction\",\"target\":[\"https:\\\/\\\/alter-entorn.com\\\/ca\\\/suplements-probiotics-en-la-primera-infancia\\\/\"]}]},{\"@type\":\"ImageObject\",\"inLanguage\":\"ca\",\"@id\":\"https:\\\/\\\/alter-entorn.com\\\/ca\\\/suplements-probiotics-en-la-primera-infancia\\\/#primaryimage\",\"url\":\"https:\\\/\\\/alter-entorn.com\\\/wp-content\\\/uploads\\\/2025\\\/10\\\/bebe.jpg\",\"contentUrl\":\"https:\\\/\\\/alter-entorn.com\\\/wp-content\\\/uploads\\\/2025\\\/10\\\/bebe.jpg\",\"width\":640,\"height\":412,\"caption\":\"recien nacido durmiendo\"},{\"@type\":\"BreadcrumbList\",\"@id\":\"https:\\\/\\\/alter-entorn.com\\\/ca\\\/suplements-probiotics-en-la-primera-infancia\\\/#breadcrumb\",\"itemListElement\":[{\"@type\":\"ListItem\",\"position\":1,\"name\":\"Portada\",\"item\":\"https:\\\/\\\/alter-entorn.com\\\/ca\\\/\"},{\"@type\":\"ListItem\",\"position\":2,\"name\":\"suplements probiotics en la primera inf\u00e0ncia\"}]},{\"@type\":\"WebSite\",\"@id\":\"https:\\\/\\\/alter-entorn.com\\\/ca\\\/#website\",\"url\":\"https:\\\/\\\/alter-entorn.com\\\/ca\\\/\",\"name\":\"alter-entorn\",\"description\":\"Soluciones Microbiol\u00f3gicas probi\u00f3ticos\",\"publisher\":{\"@id\":\"https:\\\/\\\/alter-entorn.com\\\/ca\\\/#organization\"},\"potentialAction\":[{\"@type\":\"SearchAction\",\"target\":{\"@type\":\"EntryPoint\",\"urlTemplate\":\"https:\\\/\\\/alter-entorn.com\\\/ca\\\/?s={search_term_string}\"},\"query-input\":{\"@type\":\"PropertyValueSpecification\",\"valueRequired\":true,\"valueName\":\"search_term_string\"}}],\"inLanguage\":\"ca\"},{\"@type\":\"Organization\",\"@id\":\"https:\\\/\\\/alter-entorn.com\\\/ca\\\/#organization\",\"name\":\"alter-entorn\",\"url\":\"https:\\\/\\\/alter-entorn.com\\\/ca\\\/\",\"logo\":{\"@type\":\"ImageObject\",\"inLanguage\":\"ca\",\"@id\":\"https:\\\/\\\/alter-entorn.com\\\/ca\\\/#\\\/schema\\\/logo\\\/image\\\/\",\"url\":\"https:\\\/\\\/alter-entorn.com\\\/wp-content\\\/uploads\\\/2018\\\/10\\\/logo_alter_entorn-sin-texto-1.png\",\"contentUrl\":\"https:\\\/\\\/alter-entorn.com\\\/wp-content\\\/uploads\\\/2018\\\/10\\\/logo_alter_entorn-sin-texto-1.png\",\"width\":246,\"height\":68,\"caption\":\"alter-entorn\"},\"image\":{\"@id\":\"https:\\\/\\\/alter-entorn.com\\\/ca\\\/#\\\/schema\\\/logo\\\/image\\\/\"},\"sameAs\":[\"https:\\\/\\\/www.facebook.com\\\/alterentorn\\\/\",\"https:\\\/\\\/x.com\\\/alterentorn\"]},{\"@type\":\"Person\",\"@id\":\"https:\\\/\\\/alter-entorn.com\\\/ca\\\/#\\\/schema\\\/person\\\/038d634ba7da15974cd21b377dac47e7\",\"name\":\"Comandes\"}]}<\/script>\n<!-- \/ Yoast SEO plugin. -->","yoast_head_json":{"title":"suplements probiotics en la primera inf\u00e0ncia - alter-entorn","description":"Els suplements probiotics en la inf\u00e0ncia aporten molts beneficis per la salut. Al voltant dels tres anys la microbiota s'estabilitza.","robots":{"index":"index","follow":"follow","max-snippet":"max-snippet:-1","max-image-preview":"max-image-preview:large","max-video-preview":"max-video-preview:-1"},"canonical":"https:\/\/alter-entorn.com\/ca\/suplements-probiotics-en-la-primera-infancia\/","og_locale":"ca_ES","og_type":"article","og_title":"suplements probiotics en la primera inf\u00e0ncia - alter-entorn","og_description":"Els suplements probiotics en la inf\u00e0ncia aporten molts beneficis per la salut. Al voltant dels tres anys la microbiota s'estabilitza.","og_url":"https:\/\/alter-entorn.com\/ca\/suplements-probiotics-en-la-primera-infancia\/","og_site_name":"alter-entorn","article_publisher":"https:\/\/www.facebook.com\/alterentorn\/","article_published_time":"2025-10-15T06:36:35+00:00","article_modified_time":"2025-10-15T06:36:37+00:00","og_image":[{"width":640,"height":412,"url":"https:\/\/alter-entorn.com\/wp-content\/uploads\/2025\/10\/bebe.jpg","type":"image\/jpeg"}],"author":"Comandes","twitter_card":"summary_large_image","twitter_creator":"@alterentorn","twitter_site":"@alterentorn","twitter_misc":{"Escrit per":"Comandes","Temps estimat de lectura":"4 minuts"},"schema":{"@context":"https:\/\/schema.org","@graph":[{"@type":"Article","@id":"https:\/\/alter-entorn.com\/ca\/suplements-probiotics-en-la-primera-infancia\/#article","isPartOf":{"@id":"https:\/\/alter-entorn.com\/ca\/suplements-probiotics-en-la-primera-infancia\/"},"author":{"name":"Comandes","@id":"https:\/\/alter-entorn.com\/ca\/#\/schema\/person\/038d634ba7da15974cd21b377dac47e7"},"headline":"suplements probiotics en la primera inf\u00e0ncia","datePublished":"2025-10-15T06:36:35+00:00","dateModified":"2025-10-15T06:36:37+00:00","mainEntityOfPage":{"@id":"https:\/\/alter-entorn.com\/ca\/suplements-probiotics-en-la-primera-infancia\/"},"wordCount":776,"publisher":{"@id":"https:\/\/alter-entorn.com\/ca\/#organization"},"image":{"@id":"https:\/\/alter-entorn.com\/ca\/suplements-probiotics-en-la-primera-infancia\/#primaryimage"},"thumbnailUrl":"https:\/\/alter-entorn.com\/wp-content\/uploads\/2025\/10\/bebe.jpg","keywords":["microbiota","microbioma","salut intestinal","flora intestinal nens","probi\u00f2tics","probi\u00f2tics l\u00edquids","microbz"],"articleSection":["SALUT I BENESTAR"],"inLanguage":"ca"},{"@type":"WebPage","@id":"https:\/\/alter-entorn.com\/ca\/suplements-probiotics-en-la-primera-infancia\/","url":"https:\/\/alter-entorn.com\/ca\/suplements-probiotics-en-la-primera-infancia\/","name":"suplements probiotics en la primera inf\u00e0ncia - alter-entorn","isPartOf":{"@id":"https:\/\/alter-entorn.com\/ca\/#website"},"primaryImageOfPage":{"@id":"https:\/\/alter-entorn.com\/ca\/suplements-probiotics-en-la-primera-infancia\/#primaryimage"},"image":{"@id":"https:\/\/alter-entorn.com\/ca\/suplements-probiotics-en-la-primera-infancia\/#primaryimage"},"thumbnailUrl":"https:\/\/alter-entorn.com\/wp-content\/uploads\/2025\/10\/bebe.jpg","datePublished":"2025-10-15T06:36:35+00:00","dateModified":"2025-10-15T06:36:37+00:00","description":"Els suplements probiotics en la inf\u00e0ncia aporten molts beneficis per la salut. Al voltant dels tres anys la microbiota s'estabilitza.","breadcrumb":{"@id":"https:\/\/alter-entorn.com\/ca\/suplements-probiotics-en-la-primera-infancia\/#breadcrumb"},"inLanguage":"ca","potentialAction":[{"@type":"ReadAction","target":["https:\/\/alter-entorn.com\/ca\/suplements-probiotics-en-la-primera-infancia\/"]}]},{"@type":"ImageObject","inLanguage":"ca","@id":"https:\/\/alter-entorn.com\/ca\/suplements-probiotics-en-la-primera-infancia\/#primaryimage","url":"https:\/\/alter-entorn.com\/wp-content\/uploads\/2025\/10\/bebe.jpg","contentUrl":"https:\/\/alter-entorn.com\/wp-content\/uploads\/2025\/10\/bebe.jpg","width":640,"height":412,"caption":"recien nacido durmiendo"},{"@type":"BreadcrumbList","@id":"https:\/\/alter-entorn.com\/ca\/suplements-probiotics-en-la-primera-infancia\/#breadcrumb","itemListElement":[{"@type":"ListItem","position":1,"name":"Portada","item":"https:\/\/alter-entorn.com\/ca\/"},{"@type":"ListItem","position":2,"name":"suplements probiotics en la primera inf\u00e0ncia"}]},{"@type":"WebSite","@id":"https:\/\/alter-entorn.com\/ca\/#website","url":"https:\/\/alter-entorn.com\/ca\/","name":"alter-entorn","description":"Soluciones Microbiol\u00f3gicas probi\u00f3ticos","publisher":{"@id":"https:\/\/alter-entorn.com\/ca\/#organization"},"potentialAction":[{"@type":"SearchAction","target":{"@type":"EntryPoint","urlTemplate":"https:\/\/alter-entorn.com\/ca\/?s={search_term_string}"},"query-input":{"@type":"PropertyValueSpecification","valueRequired":true,"valueName":"search_term_string"}}],"inLanguage":"ca"},{"@type":"Organization","@id":"https:\/\/alter-entorn.com\/ca\/#organization","name":"alter-entorn","url":"https:\/\/alter-entorn.com\/ca\/","logo":{"@type":"ImageObject","inLanguage":"ca","@id":"https:\/\/alter-entorn.com\/ca\/#\/schema\/logo\/image\/","url":"https:\/\/alter-entorn.com\/wp-content\/uploads\/2018\/10\/logo_alter_entorn-sin-texto-1.png","contentUrl":"https:\/\/alter-entorn.com\/wp-content\/uploads\/2018\/10\/logo_alter_entorn-sin-texto-1.png","width":246,"height":68,"caption":"alter-entorn"},"image":{"@id":"https:\/\/alter-entorn.com\/ca\/#\/schema\/logo\/image\/"},"sameAs":["https:\/\/www.facebook.com\/alterentorn\/","https:\/\/x.com\/alterentorn"]},{"@type":"Person","@id":"https:\/\/alter-entorn.com\/ca\/#\/schema\/person\/038d634ba7da15974cd21b377dac47e7","name":"Comandes"}]}},"_links":{"self":[{"href":"https:\/\/alter-entorn.com\/ca\/wp-json\/wp\/v2\/posts\/10729","targetHints":{"allow":["GET"]}}],"collection":[{"href":"https:\/\/alter-entorn.com\/ca\/wp-json\/wp\/v2\/posts"}],"about":[{"href":"https:\/\/alter-entorn.com\/ca\/wp-json\/wp\/v2\/types\/post"}],"author":[{"embeddable":true,"href":"https:\/\/alter-entorn.com\/ca\/wp-json\/wp\/v2\/users\/3"}],"replies":[{"embeddable":true,"href":"https:\/\/alter-entorn.com\/ca\/wp-json\/wp\/v2\/comments?post=10729"}],"version-history":[{"count":3,"href":"https:\/\/alter-entorn.com\/ca\/wp-json\/wp\/v2\/posts\/10729\/revisions"}],"predecessor-version":[{"id":10743,"href":"https:\/\/alter-entorn.com\/ca\/wp-json\/wp\/v2\/posts\/10729\/revisions\/10743"}],"wp:featuredmedia":[{"embeddable":true,"href":"https:\/\/alter-entorn.com\/ca\/wp-json\/wp\/v2\/media\/10722"}],"wp:attachment":[{"href":"https:\/\/alter-entorn.com\/ca\/wp-json\/wp\/v2\/media?parent=10729"}],"wp:term":[{"taxonomy":"category","embeddable":true,"href":"https:\/\/alter-entorn.com\/ca\/wp-json\/wp\/v2\/categories?post=10729"},{"taxonomy":"post_tag","embeddable":true,"href":"https:\/\/alter-entorn.com\/ca\/wp-json\/wp\/v2\/tags?post=10729"}],"curies":[{"name":"wp","href":"https:\/\/api.w.org\/{rel}","templated":true}]}}