{"id":4931,"date":"2018-03-07T11:21:47","date_gmt":"2018-03-07T10:21:47","guid":{"rendered":"http:\/\/alter-entorn.com\/avantatges-de-la-neteja-probiotica\/"},"modified":"2018-03-07T11:24:24","modified_gmt":"2018-03-07T10:24:24","slug":"avantatges-de-la-neteja-probiotica","status":"publish","type":"post","link":"https:\/\/alter-entorn.com\/ca\/avantatges-de-la-neteja-probiotica\/","title":{"rendered":"AVANTATGES DE LA NETEJA PROBI\u00d2TICA"},"content":{"rendered":"<h2><strong>La neteja probi\u00f2tica \u00e9s una alternativa als productes de neteja convencionals, totalment natural, m\u00e9s efectiva i que preserva el medi ambient<\/strong><\/h2>\n<h2 class=\"Peromissi\"><\/h2>\n<h2><!--more--><\/h2>\n<p>&nbsp;<\/p>\n<p>A alter-entorn disposem d\u2019una gamma d\u2019aquest tipus de productes anomenada eMC\u00ae (enlla\u00e7 a la tenda). Descriurem els seus avantatges principals:<\/p>\n<ol>\n<li><strong>Neteja ecol\u00f2gica<\/strong><\/li>\n<\/ol>\n<p>Els productes de neteja probi\u00f2tica, es diferencien dels netejadors convencionals per ser elaborats a base de microorganismes enlloc de subst\u00e0ncies qu\u00edmiques nocives. Aquests, barrejats amb altres ingredients naturals com els olis essencials, donen com a resultat una gamma de productes de neteja totalment ecol\u00f2gics que no han utilitzat cap tipus de subst\u00e0ncia qu\u00edmica en el seu proc\u00e9s d\u2019elaboraci\u00f3.<\/p>\n<ol start=\"2\">\n<li><strong>Neteja efica\u00e7 i duradora<\/strong><\/li>\n<\/ol>\n<p>Els microorganismes promouen les bact\u00e8ries beneficioses que acaben dominant el microclima de la nostra llar, i aix\u00ed impedeixen la proliferaci\u00f3 de pat\u00f2gens. Degraden la brut\u00edcia, dividint les part\u00edcules per que siguin m\u00e9s simples i per tant, m\u00e9s f\u00e0cils d\u2019eliminar.A m\u00e9s, <strong>els microorganismes segueixen treballant despr\u00e9s de la neteja, i tenen un efecte antiest\u00e0tic i antiadherent <\/strong>que fa que la superf\u00edcie duri molt m\u00e9s temps neta, ja que la pols no s\u2019hi veu atreta. D\u2019aquesta manera, aconsegueixen ser m\u00e9s efica\u00e7os que els productes tradicionals.<\/p>\n<ol start=\"3\">\n<li><strong>Neteja econ\u00f2mica<\/strong><\/li>\n<\/ol>\n<p>Tots els productes de la gamma eMC\u00ae (enlla\u00e7 a la tenda) <strong>s\u00f3n concentrats,<\/strong> de manera que se n\u2019utilitza una petita quantitat a diluir amb aigua. Aix\u00ed, <strong>el producte t\u00e9 una llarga durada que ens permet estalviar-nos diners, temps en la compra, envasos innecessaris i espai on guardar-los.<\/strong><\/p>\n<ol start=\"4\">\n<li><strong>Neteja saludable<\/strong><\/li>\n<\/ol>\n<p>Al tractar-se de productes naturals, s\u00f3n molt m\u00e9s saludables per les persones que els utilitzen i tot el seu entorn. <strong>Eviten irritacions a la pell de qui els utilitza, no provoquen al\u00b7l\u00e8rgies i no contaminen l\u2019ambient.A m\u00e9s, neutralitzen les olors<\/strong> pel que s\u00f3n ideals en molts casos. Aquesta condici\u00f3 els fa perfectament compatibles amb tot tipus d\u2019ambients: cuines, hospitals, escoles, f\u00e0briques d\u2019alimentaci\u00f3 i begudes, supermercats, granges\u2026<\/p>\n<ol start=\"5\">\n<li><strong>Neteja completa<\/strong><\/li>\n<\/ol>\n<p>Els productes eMC\u00ae (enlla\u00e7 a la tenda) <strong>s\u00f3n aptes per qualsevol superf\u00edcie:<\/strong> rajoles, alumini, vidres, fusta, acer inoxidable, pl\u00e0stic&#8230; de manera que no els caldr\u00e0 tenir un producte espec\u00edfic per cada material. A m\u00e9s, diem que la neteja \u00e9s completa per que va m\u00e9s enll\u00e0 de les superf\u00edcies on s\u2019ha aplicat ja que l\u2019aigua residual tamb\u00e9 t\u00e9 beneficis. <strong>L\u2019aigua restant de la galleda de fregar o el polvoritzador ser\u00e0 beneficiosa per les canonades on la llencem,<\/strong> netejant-les i prevenint obstruccions. <strong>Tamb\u00e9 es pot utilitzar per regar les plantes,<\/strong> i els aportar\u00e0 una estimulaci\u00f3 radicular.<\/p>\n<p>&nbsp;<\/p>\n","protected":false},"excerpt":{"rendered":"<p>La neteja probi\u00f2tica \u00e9s una alternativa als productes de neteja convencionals, totalment natural, m\u00e9s efectiva i que preserva el medi ambient<\/p>\n","protected":false},"author":3,"featured_media":3454,"comment_status":"closed","ping_status":"closed","sticky":false,"template":"","format":"standard","meta":{"_joinchat":[],"footnotes":""},"categories":[74],"tags":[1098,1099,1101,1111,1273,1274],"class_list":["post-4931","post","type-post","status-publish","format-standard","has-post-thumbnail","hentry","category-neteja-ecologica","tag-netejar-sense-quimics","tag-neteja-ecologica","tag-neteja-natural","tag-neteja-saludable","tag-netejar-sense-toxics","tag-netejar-sense-alergies"],"yoast_head":"<!-- This site is optimized with the Yoast SEO plugin v27.4 - https:\/\/yoast.com\/product\/yoast-seo-wordpress\/ -->\n<title>Avantatges de la neteja probi\u00f2tica: neteja ecol\u00f2gica, efica\u00e7, econ\u00f2mica...<\/title>\n<meta name=\"description\" content=\"La neteja probi\u00f2tica \u00e9s una alternativa a la neteja convenvional, totalment natural, m\u00e9s efectiva i que preserva el medi ambient\" \/>\n<meta name=\"robots\" content=\"index, follow, max-snippet:-1, max-image-preview:large, max-video-preview:-1\" \/>\n<link rel=\"canonical\" href=\"https:\/\/alter-entorn.com\/ca\/avantatges-de-la-neteja-probiotica\/\" \/>\n<meta property=\"og:locale\" content=\"ca_ES\" \/>\n<meta property=\"og:type\" content=\"article\" \/>\n<meta property=\"og:title\" content=\"Avantatges de la neteja probi\u00f2tica: neteja ecol\u00f2gica, efica\u00e7, econ\u00f2mica...\" \/>\n<meta property=\"og:description\" content=\"La neteja probi\u00f2tica \u00e9s una alternativa a la neteja convenvional, totalment natural, m\u00e9s efectiva i que preserva el medi ambient\" \/>\n<meta property=\"og:url\" content=\"https:\/\/alter-entorn.com\/ca\/avantatges-de-la-neteja-probiotica\/\" \/>\n<meta property=\"og:site_name\" content=\"alter-entorn\" \/>\n<meta property=\"article:publisher\" content=\"https:\/\/www.facebook.com\/alterentorn\/\" \/>\n<meta property=\"article:published_time\" content=\"2018-03-07T10:21:47+00:00\" \/>\n<meta property=\"article:modified_time\" content=\"2018-03-07T10:24:24+00:00\" \/>\n<meta property=\"og:image\" content=\"https:\/\/alter-entorn.com\/wp-content\/uploads\/2017\/07\/IMG_5016.jpg\" \/>\n\t<meta property=\"og:image:width\" content=\"4032\" \/>\n\t<meta property=\"og:image:height\" content=\"3024\" \/>\n\t<meta property=\"og:image:type\" content=\"image\/jpeg\" \/>\n<meta name=\"author\" content=\"Comandes\" \/>\n<meta name=\"twitter:card\" content=\"summary_large_image\" \/>\n<meta name=\"twitter:creator\" content=\"@alterentorn\" \/>\n<meta name=\"twitter:site\" content=\"@alterentorn\" \/>\n<meta name=\"twitter:label1\" content=\"Escrit per\" \/>\n\t<meta name=\"twitter:data1\" content=\"Comandes\" \/>\n\t<meta name=\"twitter:label2\" content=\"Temps estimat de lectura\" \/>\n\t<meta name=\"twitter:data2\" content=\"2 minuts\" \/>\n<script type=\"application\/ld+json\" class=\"yoast-schema-graph\">{\"@context\":\"https:\\\/\\\/schema.org\",\"@graph\":[{\"@type\":\"Article\",\"@id\":\"https:\\\/\\\/alter-entorn.com\\\/ca\\\/avantatges-de-la-neteja-probiotica\\\/#article\",\"isPartOf\":{\"@id\":\"https:\\\/\\\/alter-entorn.com\\\/ca\\\/avantatges-de-la-neteja-probiotica\\\/\"},\"author\":{\"name\":\"Comandes\",\"@id\":\"https:\\\/\\\/alter-entorn.com\\\/ca\\\/#\\\/schema\\\/person\\\/038d634ba7da15974cd21b377dac47e7\"},\"headline\":\"AVANTATGES DE LA NETEJA PROBI\u00d2TICA\",\"datePublished\":\"2018-03-07T10:21:47+00:00\",\"dateModified\":\"2018-03-07T10:24:24+00:00\",\"mainEntityOfPage\":{\"@id\":\"https:\\\/\\\/alter-entorn.com\\\/ca\\\/avantatges-de-la-neteja-probiotica\\\/\"},\"wordCount\":464,\"publisher\":{\"@id\":\"https:\\\/\\\/alter-entorn.com\\\/ca\\\/#organization\"},\"image\":{\"@id\":\"https:\\\/\\\/alter-entorn.com\\\/ca\\\/avantatges-de-la-neteja-probiotica\\\/#primaryimage\"},\"thumbnailUrl\":\"https:\\\/\\\/alter-entorn.com\\\/wp-content\\\/uploads\\\/2017\\\/07\\\/IMG_5016.jpg\",\"keywords\":[\"netejar sense quimics\",\"neteja ecologica\",\"neteja natural\",\"neteja saludable\",\"netejar sense toxics\",\"netejar sense alergies\"],\"articleSection\":[\"NETEJA ECOL\u00d2GICA\"],\"inLanguage\":\"ca\"},{\"@type\":\"WebPage\",\"@id\":\"https:\\\/\\\/alter-entorn.com\\\/ca\\\/avantatges-de-la-neteja-probiotica\\\/\",\"url\":\"https:\\\/\\\/alter-entorn.com\\\/ca\\\/avantatges-de-la-neteja-probiotica\\\/\",\"name\":\"Avantatges de la neteja probi\u00f2tica: neteja ecol\u00f2gica, efica\u00e7, econ\u00f2mica...\",\"isPartOf\":{\"@id\":\"https:\\\/\\\/alter-entorn.com\\\/ca\\\/#website\"},\"primaryImageOfPage\":{\"@id\":\"https:\\\/\\\/alter-entorn.com\\\/ca\\\/avantatges-de-la-neteja-probiotica\\\/#primaryimage\"},\"image\":{\"@id\":\"https:\\\/\\\/alter-entorn.com\\\/ca\\\/avantatges-de-la-neteja-probiotica\\\/#primaryimage\"},\"thumbnailUrl\":\"https:\\\/\\\/alter-entorn.com\\\/wp-content\\\/uploads\\\/2017\\\/07\\\/IMG_5016.jpg\",\"datePublished\":\"2018-03-07T10:21:47+00:00\",\"dateModified\":\"2018-03-07T10:24:24+00:00\",\"description\":\"La neteja probi\u00f2tica \u00e9s una alternativa a la neteja convenvional, totalment natural, m\u00e9s efectiva i que preserva el medi ambient\",\"breadcrumb\":{\"@id\":\"https:\\\/\\\/alter-entorn.com\\\/ca\\\/avantatges-de-la-neteja-probiotica\\\/#breadcrumb\"},\"inLanguage\":\"ca\",\"potentialAction\":[{\"@type\":\"ReadAction\",\"target\":[\"https:\\\/\\\/alter-entorn.com\\\/ca\\\/avantatges-de-la-neteja-probiotica\\\/\"]}]},{\"@type\":\"ImageObject\",\"inLanguage\":\"ca\",\"@id\":\"https:\\\/\\\/alter-entorn.com\\\/ca\\\/avantatges-de-la-neteja-probiotica\\\/#primaryimage\",\"url\":\"https:\\\/\\\/alter-entorn.com\\\/wp-content\\\/uploads\\\/2017\\\/07\\\/IMG_5016.jpg\",\"contentUrl\":\"https:\\\/\\\/alter-entorn.com\\\/wp-content\\\/uploads\\\/2017\\\/07\\\/IMG_5016.jpg\",\"width\":4032,\"height\":3024},{\"@type\":\"BreadcrumbList\",\"@id\":\"https:\\\/\\\/alter-entorn.com\\\/ca\\\/avantatges-de-la-neteja-probiotica\\\/#breadcrumb\",\"itemListElement\":[{\"@type\":\"ListItem\",\"position\":1,\"name\":\"Portada\",\"item\":\"https:\\\/\\\/alter-entorn.com\\\/ca\\\/\"},{\"@type\":\"ListItem\",\"position\":2,\"name\":\"AVANTATGES DE LA NETEJA PROBI\u00d2TICA\"}]},{\"@type\":\"WebSite\",\"@id\":\"https:\\\/\\\/alter-entorn.com\\\/ca\\\/#website\",\"url\":\"https:\\\/\\\/alter-entorn.com\\\/ca\\\/\",\"name\":\"alter-entorn\",\"description\":\"Soluciones Microbiol\u00f3gicas probi\u00f3ticos\",\"publisher\":{\"@id\":\"https:\\\/\\\/alter-entorn.com\\\/ca\\\/#organization\"},\"potentialAction\":[{\"@type\":\"SearchAction\",\"target\":{\"@type\":\"EntryPoint\",\"urlTemplate\":\"https:\\\/\\\/alter-entorn.com\\\/ca\\\/?s={search_term_string}\"},\"query-input\":{\"@type\":\"PropertyValueSpecification\",\"valueRequired\":true,\"valueName\":\"search_term_string\"}}],\"inLanguage\":\"ca\"},{\"@type\":\"Organization\",\"@id\":\"https:\\\/\\\/alter-entorn.com\\\/ca\\\/#organization\",\"name\":\"alter-entorn\",\"url\":\"https:\\\/\\\/alter-entorn.com\\\/ca\\\/\",\"logo\":{\"@type\":\"ImageObject\",\"inLanguage\":\"ca\",\"@id\":\"https:\\\/\\\/alter-entorn.com\\\/ca\\\/#\\\/schema\\\/logo\\\/image\\\/\",\"url\":\"https:\\\/\\\/alter-entorn.com\\\/wp-content\\\/uploads\\\/2018\\\/10\\\/logo_alter_entorn-sin-texto-1.png\",\"contentUrl\":\"https:\\\/\\\/alter-entorn.com\\\/wp-content\\\/uploads\\\/2018\\\/10\\\/logo_alter_entorn-sin-texto-1.png\",\"width\":246,\"height\":68,\"caption\":\"alter-entorn\"},\"image\":{\"@id\":\"https:\\\/\\\/alter-entorn.com\\\/ca\\\/#\\\/schema\\\/logo\\\/image\\\/\"},\"sameAs\":[\"https:\\\/\\\/www.facebook.com\\\/alterentorn\\\/\",\"https:\\\/\\\/x.com\\\/alterentorn\"]},{\"@type\":\"Person\",\"@id\":\"https:\\\/\\\/alter-entorn.com\\\/ca\\\/#\\\/schema\\\/person\\\/038d634ba7da15974cd21b377dac47e7\",\"name\":\"Comandes\"}]}<\/script>\n<!-- \/ Yoast SEO plugin. -->","yoast_head_json":{"title":"Avantatges de la neteja probi\u00f2tica: neteja ecol\u00f2gica, efica\u00e7, econ\u00f2mica...","description":"La neteja probi\u00f2tica \u00e9s una alternativa a la neteja convenvional, totalment natural, m\u00e9s efectiva i que preserva el medi ambient","robots":{"index":"index","follow":"follow","max-snippet":"max-snippet:-1","max-image-preview":"max-image-preview:large","max-video-preview":"max-video-preview:-1"},"canonical":"https:\/\/alter-entorn.com\/ca\/avantatges-de-la-neteja-probiotica\/","og_locale":"ca_ES","og_type":"article","og_title":"Avantatges de la neteja probi\u00f2tica: neteja ecol\u00f2gica, efica\u00e7, econ\u00f2mica...","og_description":"La neteja probi\u00f2tica \u00e9s una alternativa a la neteja convenvional, totalment natural, m\u00e9s efectiva i que preserva el medi ambient","og_url":"https:\/\/alter-entorn.com\/ca\/avantatges-de-la-neteja-probiotica\/","og_site_name":"alter-entorn","article_publisher":"https:\/\/www.facebook.com\/alterentorn\/","article_published_time":"2018-03-07T10:21:47+00:00","article_modified_time":"2018-03-07T10:24:24+00:00","og_image":[{"width":4032,"height":3024,"url":"https:\/\/alter-entorn.com\/wp-content\/uploads\/2017\/07\/IMG_5016.jpg","type":"image\/jpeg"}],"author":"Comandes","twitter_card":"summary_large_image","twitter_creator":"@alterentorn","twitter_site":"@alterentorn","twitter_misc":{"Escrit per":"Comandes","Temps estimat de lectura":"2 minuts"},"schema":{"@context":"https:\/\/schema.org","@graph":[{"@type":"Article","@id":"https:\/\/alter-entorn.com\/ca\/avantatges-de-la-neteja-probiotica\/#article","isPartOf":{"@id":"https:\/\/alter-entorn.com\/ca\/avantatges-de-la-neteja-probiotica\/"},"author":{"name":"Comandes","@id":"https:\/\/alter-entorn.com\/ca\/#\/schema\/person\/038d634ba7da15974cd21b377dac47e7"},"headline":"AVANTATGES DE LA NETEJA PROBI\u00d2TICA","datePublished":"2018-03-07T10:21:47+00:00","dateModified":"2018-03-07T10:24:24+00:00","mainEntityOfPage":{"@id":"https:\/\/alter-entorn.com\/ca\/avantatges-de-la-neteja-probiotica\/"},"wordCount":464,"publisher":{"@id":"https:\/\/alter-entorn.com\/ca\/#organization"},"image":{"@id":"https:\/\/alter-entorn.com\/ca\/avantatges-de-la-neteja-probiotica\/#primaryimage"},"thumbnailUrl":"https:\/\/alter-entorn.com\/wp-content\/uploads\/2017\/07\/IMG_5016.jpg","keywords":["netejar sense quimics","neteja ecologica","neteja natural","neteja saludable","netejar sense toxics","netejar sense alergies"],"articleSection":["NETEJA ECOL\u00d2GICA"],"inLanguage":"ca"},{"@type":"WebPage","@id":"https:\/\/alter-entorn.com\/ca\/avantatges-de-la-neteja-probiotica\/","url":"https:\/\/alter-entorn.com\/ca\/avantatges-de-la-neteja-probiotica\/","name":"Avantatges de la neteja probi\u00f2tica: neteja ecol\u00f2gica, efica\u00e7, econ\u00f2mica...","isPartOf":{"@id":"https:\/\/alter-entorn.com\/ca\/#website"},"primaryImageOfPage":{"@id":"https:\/\/alter-entorn.com\/ca\/avantatges-de-la-neteja-probiotica\/#primaryimage"},"image":{"@id":"https:\/\/alter-entorn.com\/ca\/avantatges-de-la-neteja-probiotica\/#primaryimage"},"thumbnailUrl":"https:\/\/alter-entorn.com\/wp-content\/uploads\/2017\/07\/IMG_5016.jpg","datePublished":"2018-03-07T10:21:47+00:00","dateModified":"2018-03-07T10:24:24+00:00","description":"La neteja probi\u00f2tica \u00e9s una alternativa a la neteja convenvional, totalment natural, m\u00e9s efectiva i que preserva el medi ambient","breadcrumb":{"@id":"https:\/\/alter-entorn.com\/ca\/avantatges-de-la-neteja-probiotica\/#breadcrumb"},"inLanguage":"ca","potentialAction":[{"@type":"ReadAction","target":["https:\/\/alter-entorn.com\/ca\/avantatges-de-la-neteja-probiotica\/"]}]},{"@type":"ImageObject","inLanguage":"ca","@id":"https:\/\/alter-entorn.com\/ca\/avantatges-de-la-neteja-probiotica\/#primaryimage","url":"https:\/\/alter-entorn.com\/wp-content\/uploads\/2017\/07\/IMG_5016.jpg","contentUrl":"https:\/\/alter-entorn.com\/wp-content\/uploads\/2017\/07\/IMG_5016.jpg","width":4032,"height":3024},{"@type":"BreadcrumbList","@id":"https:\/\/alter-entorn.com\/ca\/avantatges-de-la-neteja-probiotica\/#breadcrumb","itemListElement":[{"@type":"ListItem","position":1,"name":"Portada","item":"https:\/\/alter-entorn.com\/ca\/"},{"@type":"ListItem","position":2,"name":"AVANTATGES DE LA NETEJA PROBI\u00d2TICA"}]},{"@type":"WebSite","@id":"https:\/\/alter-entorn.com\/ca\/#website","url":"https:\/\/alter-entorn.com\/ca\/","name":"alter-entorn","description":"Soluciones Microbiol\u00f3gicas probi\u00f3ticos","publisher":{"@id":"https:\/\/alter-entorn.com\/ca\/#organization"},"potentialAction":[{"@type":"SearchAction","target":{"@type":"EntryPoint","urlTemplate":"https:\/\/alter-entorn.com\/ca\/?s={search_term_string}"},"query-input":{"@type":"PropertyValueSpecification","valueRequired":true,"valueName":"search_term_string"}}],"inLanguage":"ca"},{"@type":"Organization","@id":"https:\/\/alter-entorn.com\/ca\/#organization","name":"alter-entorn","url":"https:\/\/alter-entorn.com\/ca\/","logo":{"@type":"ImageObject","inLanguage":"ca","@id":"https:\/\/alter-entorn.com\/ca\/#\/schema\/logo\/image\/","url":"https:\/\/alter-entorn.com\/wp-content\/uploads\/2018\/10\/logo_alter_entorn-sin-texto-1.png","contentUrl":"https:\/\/alter-entorn.com\/wp-content\/uploads\/2018\/10\/logo_alter_entorn-sin-texto-1.png","width":246,"height":68,"caption":"alter-entorn"},"image":{"@id":"https:\/\/alter-entorn.com\/ca\/#\/schema\/logo\/image\/"},"sameAs":["https:\/\/www.facebook.com\/alterentorn\/","https:\/\/x.com\/alterentorn"]},{"@type":"Person","@id":"https:\/\/alter-entorn.com\/ca\/#\/schema\/person\/038d634ba7da15974cd21b377dac47e7","name":"Comandes"}]}},"_links":{"self":[{"href":"https:\/\/alter-entorn.com\/ca\/wp-json\/wp\/v2\/posts\/4931","targetHints":{"allow":["GET"]}}],"collection":[{"href":"https:\/\/alter-entorn.com\/ca\/wp-json\/wp\/v2\/posts"}],"about":[{"href":"https:\/\/alter-entorn.com\/ca\/wp-json\/wp\/v2\/types\/post"}],"author":[{"embeddable":true,"href":"https:\/\/alter-entorn.com\/ca\/wp-json\/wp\/v2\/users\/3"}],"replies":[{"embeddable":true,"href":"https:\/\/alter-entorn.com\/ca\/wp-json\/wp\/v2\/comments?post=4931"}],"version-history":[{"count":0,"href":"https:\/\/alter-entorn.com\/ca\/wp-json\/wp\/v2\/posts\/4931\/revisions"}],"wp:featuredmedia":[{"embeddable":true,"href":"https:\/\/alter-entorn.com\/ca\/wp-json\/wp\/v2\/media\/3454"}],"wp:attachment":[{"href":"https:\/\/alter-entorn.com\/ca\/wp-json\/wp\/v2\/media?parent=4931"}],"wp:term":[{"taxonomy":"category","embeddable":true,"href":"https:\/\/alter-entorn.com\/ca\/wp-json\/wp\/v2\/categories?post=4931"},{"taxonomy":"post_tag","embeddable":true,"href":"https:\/\/alter-entorn.com\/ca\/wp-json\/wp\/v2\/tags?post=4931"}],"curies":[{"name":"wp","href":"https:\/\/api.w.org\/{rel}","templated":true}]}}