{"id":5185,"date":"2018-03-20T11:16:07","date_gmt":"2018-03-20T10:16:07","guid":{"rendered":"http:\/\/alter-entorn.com\/preguntes-frequents-sobre-el-bio-live-primera-part\/"},"modified":"2018-05-17T10:39:18","modified_gmt":"2018-05-17T08:39:18","slug":"preguntes-frequents-sobre-el-bio-live-primera-part","status":"publish","type":"post","link":"https:\/\/alter-entorn.com\/ca\/preguntes-frequents-sobre-el-bio-live-primera-part\/","title":{"rendered":"PREGUNTES FREQ\u00dcENTS SOBRE EL BIO-LIVE (PRIMERA PART)"},"content":{"rendered":"<h2><strong>Respostes als dubtes m\u00e9s habituals a l\u2019hora de comen\u00e7ar a prendre probi\u00f2tics<\/strong><\/h2>\n<p>&nbsp;<\/p>\n<h2><!--more--><\/h2>\n<p>Al consumir Bio-live o qualsevol altre suplement probi\u00f2tic, acostumen a sorgir-nos dubtes sobre el seu funcionament, els seus efectes, les condicions en qu\u00e8 s\u2019ha de prendre, etc. Intentarem resoldre les q\u00fcestions que creiem que s\u00f3n m\u00e9s freq\u00fcents:<\/p>\n<ol>\n<li><strong>Quina \u00e9s la difer\u00e8ncia entre el Bio-live Gold i el Dark?<\/strong> La majoria d\u2019ingredients s\u00f3n els mateixos i els beneficis que ens aporten s\u00f3n iguals. Nom\u00e9s en canvia lleugerament el gust i el color per qu\u00e8 el<a href=\"http:\/\/alter-entorn.com\/ca\/botiga\/salut-i-benestar\/bio-live-dark\/\"> Bio-live Dark<\/a> \u00e9s fermentat amb melassa i <a href=\"http:\/\/alter-entorn.com\/ca\/botiga\/salut-i-benestar\/bio-live-gold\/\">el Gold<\/a> amb extracte de malta. Ambd\u00f3s ingredients contenen els sucres i minerals que serveixen d\u2019aliment pels microorganismes durant el proc\u00e9s de fermentaci\u00f3. Podriem dir que el Bio-live Gold t\u00e9 un sabor m\u00e9s suau i lleuger, mentre que el Dark \u00e9s m\u00e9s intens.<\/li>\n<li><strong>Si he comen\u00e7at a prendre\u2019n un dels dos, puc provar l\u2019altre sense alterar el proc\u00e9s?<\/strong> S\u00ed. \u00c9s aconsellable provar les dues variants per escollir quina \u00e9s la que ens va millor i ens agrada m\u00e9s. No hi ha cap problema<\/li>\n<li><strong>Com he de mantenir-lo?<\/strong> Es recomana conservar en un lloc sec i fosc, sense refrigeraci\u00f3. \u00c9s ideal en un armari de la cuina o del rebost, a temperatura ambient.<\/li>\n<li><strong>Quant de temps dura? <\/strong>S\u2019estima que una botella ser\u00e0 consumida al llarg d\u2019un mes aproximadament. Tots els envasos tenen una data de caducitat, per\u00f2 cal tenir en compte que s\u2019ha de consumir en un m\u00e0xim de dos mesos un cop obert, ja que cada vegada que es destapa la botella hi entren microorganismes presents a l\u2019ambient.<\/li>\n<li><strong>\u00c9s imprescindible consumir-lo al mat\u00ed?<\/strong> Per aconseguir la seva efic\u00e0cia m\u00e0xima, recomanem consumir-lo en dej\u00fa a primera hora del mat\u00ed ja que \u00e9s quan el nostre organisme cont\u00e9 menys \u00e0cids g\u00e0strics que puguin afectar els microorganismes, ja que portem diverses hores sense menjar. Tot i aix\u00ed, pot consumir-se en altres moments del dia i continua sent benefici\u00f3s.<\/li>\n<li><strong>Es pot prendre abans i despr\u00e9s de menjar<\/strong>? Recomanem el seu consum especialment abans i despr\u00e9s d\u2019\u00e0pats forts o consum d\u2019alcohol, per exemple abans de sortir a sopar i al tornar de prendre una copa, ja que els microorganismes ajudaran a tenir una digesti\u00f3 m\u00e9s f\u00e0cil i s\u2019alimentaran de l\u2019exc\u00e9s de sucres. Aix\u00ed doncs, com que la dosi recomanada \u00e9s entre 10 i 30ml, el dia que tinguem un esdeveniment especial podem prendre 10 ml al mat\u00ed com sempre, i despr\u00e9s 10 m\u00e9s abans del dinar o sopar i 10 m\u00e9s al tornar a casa.<\/li>\n<li><strong>Cal consumir-lo di\u00e0riament? <\/strong>Per aconseguir els millors resultats recomanem consumir Bio-live a diari. Tot i aix\u00f2, si algun dia ens en oblidem tampoc \u00e9s com si torn\u00e9ssim a comen\u00e7ar el proc\u00e9s.<\/li>\n<li><strong>S\u2019ha de prendre sol?<\/strong> Es recomana consumir-lo sol per qu\u00e8 alguns ingredients poden alterar la vida dels microorganismes i fer que no siguin tant efica\u00e7os. Tot i aix\u00ed, no hi ha cap problema amb diluir-lo en aigua o barrejar-lo amb sucs no c\u00edtrics, per exemple.<\/li>\n<li><strong>Han aparegut sediments, subst\u00e0ncies flotants o un tel blanc en el Bio-live. Continua sent apte per el consum? <\/strong>S\u00ed. Recordem que el Bio-live \u00e9s un producte elaborat a partir de microorganismes vius, i que per tant, tenen un cicle de vida i el seu aspecte pot canviar. Aquestes s\u00f3n algunes de les caracter\u00edstiques m\u00e9s comunes, \u00e9s un signe de qualitat del producte.<\/li>\n<li><strong>Com saps si s\u2019ha fet malb\u00e9?<\/strong> S\u2019ha de controlar la data de caducitat i consumir-lo amb un m\u00e0xim de dos mesos un cop obert. Tot i aix\u00ed, sabrem r\u00e0pidament si s\u2019ha fet malb\u00e9, ja que es despr\u00e8n una olor molt forta i desagradable que ens adverteix que no \u00e9s apte pel consum.<\/li>\n<li><strong>Per qu\u00e8 el Bio-live \u00e9s millor que els suplements probi\u00f2tics en c\u00e0psules?<\/strong> El fet que Bio-live sigui l\u00edquid ens permet un consum m\u00e9s c\u00f2mode. Els sucs, minerals i altres ingredients que acompanyen els microorganismes fan que aquests es mantinguin vius i amb aliment suficient per arribar en perfecte estat a les nostres llars. Els protegeixen dels \u00e0cids g\u00e0strics, i a m\u00e9s, els l\u00edquids es distribueixen millor i m\u00e9s r\u00e0pidament pel nostre organisme.<\/li>\n<\/ol>\n<p><a href=\"https:\/\/alter-entorn.com\/ca\/preguntes-frequents-sobre-el-bio-live-segona-part\/\">Anar a la segona part de l&#8217;article de preguntes freq\u00fcents sobre el Bio-live<\/a><\/p>\n","protected":false},"excerpt":{"rendered":"<p>Respostes als dubtes m\u00e9s habituals a l\u2019hora de comen\u00e7ar a prendre probi\u00f2tics &nbsp;<\/p>\n","protected":false},"author":3,"featured_media":5136,"comment_status":"closed","ping_status":"closed","sticky":false,"template":"","format":"standard","meta":{"_joinchat":[],"footnotes":""},"categories":[97],"tags":[1308,1309,1310,1311,1312,1313,1314,1315,1316],"class_list":["post-5185","post","type-post","status-publish","format-standard","has-post-thumbnail","hentry","category-salut-i-benestar","tag-dubtes-probiotics","tag-dubtes-biolive","tag-condicions-us-biolive","tag-quan-prendre-probiotics","tag-probiotics-liquid","tag-diferencia-biolive-dark-i-gold","tag-preguntes-frequents-biolive","tag-com-prendre-biolive","tag-preguntes-probiotics"],"yoast_head":"<!-- This site is optimized with the Yoast SEO plugin v27.4 - https:\/\/yoast.com\/product\/yoast-seo-wordpress\/ -->\n<title>Preguntes i dubtes freq\u00fcents sobre com prendre Bio-live<\/title>\n<meta name=\"description\" content=\"Respostes als dubtes m\u00e9s habituals que sorgeixen al comen\u00e7ar a prendre probi\u00f2tics com Bio-live: conservaci\u00f3, dosis, consum....\" \/>\n<meta name=\"robots\" content=\"index, follow, max-snippet:-1, max-image-preview:large, max-video-preview:-1\" \/>\n<link rel=\"canonical\" href=\"https:\/\/alter-entorn.com\/ca\/preguntes-frequents-sobre-el-bio-live-primera-part\/\" \/>\n<meta property=\"og:locale\" content=\"ca_ES\" \/>\n<meta property=\"og:type\" content=\"article\" \/>\n<meta property=\"og:title\" content=\"Preguntes i dubtes freq\u00fcents sobre com prendre Bio-live\" \/>\n<meta property=\"og:description\" content=\"Respostes als dubtes m\u00e9s habituals que sorgeixen al comen\u00e7ar a prendre probi\u00f2tics com Bio-live: conservaci\u00f3, dosis, consum....\" \/>\n<meta property=\"og:url\" content=\"https:\/\/alter-entorn.com\/ca\/preguntes-frequents-sobre-el-bio-live-primera-part\/\" \/>\n<meta property=\"og:site_name\" content=\"alter-entorn\" \/>\n<meta property=\"article:publisher\" content=\"https:\/\/www.facebook.com\/alterentorn\/\" \/>\n<meta property=\"article:published_time\" content=\"2018-03-20T10:16:07+00:00\" \/>\n<meta property=\"article:modified_time\" content=\"2018-05-17T08:39:18+00:00\" \/>\n<meta property=\"og:image\" content=\"https:\/\/alter-entorn.com\/wp-content\/uploads\/2018\/03\/dudas-bio-live.jpg\" \/>\n\t<meta property=\"og:image:width\" content=\"960\" \/>\n\t<meta property=\"og:image:height\" content=\"697\" \/>\n\t<meta property=\"og:image:type\" content=\"image\/jpeg\" \/>\n<meta name=\"author\" content=\"Comandes\" \/>\n<meta name=\"twitter:card\" content=\"summary_large_image\" \/>\n<meta name=\"twitter:creator\" content=\"@alterentorn\" \/>\n<meta name=\"twitter:site\" content=\"@alterentorn\" \/>\n<meta name=\"twitter:label1\" content=\"Escrit per\" \/>\n\t<meta name=\"twitter:data1\" content=\"Comandes\" \/>\n\t<meta name=\"twitter:label2\" content=\"Temps estimat de lectura\" \/>\n\t<meta name=\"twitter:data2\" content=\"4 minuts\" \/>\n<script type=\"application\/ld+json\" class=\"yoast-schema-graph\">{\"@context\":\"https:\\\/\\\/schema.org\",\"@graph\":[{\"@type\":\"Article\",\"@id\":\"https:\\\/\\\/alter-entorn.com\\\/ca\\\/preguntes-frequents-sobre-el-bio-live-primera-part\\\/#article\",\"isPartOf\":{\"@id\":\"https:\\\/\\\/alter-entorn.com\\\/ca\\\/preguntes-frequents-sobre-el-bio-live-primera-part\\\/\"},\"author\":{\"name\":\"Comandes\",\"@id\":\"https:\\\/\\\/alter-entorn.com\\\/ca\\\/#\\\/schema\\\/person\\\/038d634ba7da15974cd21b377dac47e7\"},\"headline\":\"PREGUNTES FREQ\u00dcENTS SOBRE EL BIO-LIVE (PRIMERA PART)\",\"datePublished\":\"2018-03-20T10:16:07+00:00\",\"dateModified\":\"2018-05-17T08:39:18+00:00\",\"mainEntityOfPage\":{\"@id\":\"https:\\\/\\\/alter-entorn.com\\\/ca\\\/preguntes-frequents-sobre-el-bio-live-primera-part\\\/\"},\"wordCount\":767,\"publisher\":{\"@id\":\"https:\\\/\\\/alter-entorn.com\\\/ca\\\/#organization\"},\"image\":{\"@id\":\"https:\\\/\\\/alter-entorn.com\\\/ca\\\/preguntes-frequents-sobre-el-bio-live-primera-part\\\/#primaryimage\"},\"thumbnailUrl\":\"https:\\\/\\\/alter-entorn.com\\\/wp-content\\\/uploads\\\/2018\\\/03\\\/dudas-bio-live.jpg\",\"keywords\":[\"dubtes probiotics\",\"dubtes biolive\",\"condicions us biolive\",\"quan prendre probiotics\",\"probiotics liquid\",\"diferencia biolive dark i gold\",\"preguntes frequents biolive\",\"com prendre biolive\",\"preguntes probiotics\"],\"articleSection\":[\"SALUT I BENESTAR\"],\"inLanguage\":\"ca\"},{\"@type\":\"WebPage\",\"@id\":\"https:\\\/\\\/alter-entorn.com\\\/ca\\\/preguntes-frequents-sobre-el-bio-live-primera-part\\\/\",\"url\":\"https:\\\/\\\/alter-entorn.com\\\/ca\\\/preguntes-frequents-sobre-el-bio-live-primera-part\\\/\",\"name\":\"Preguntes i dubtes freq\u00fcents sobre com prendre Bio-live\",\"isPartOf\":{\"@id\":\"https:\\\/\\\/alter-entorn.com\\\/ca\\\/#website\"},\"primaryImageOfPage\":{\"@id\":\"https:\\\/\\\/alter-entorn.com\\\/ca\\\/preguntes-frequents-sobre-el-bio-live-primera-part\\\/#primaryimage\"},\"image\":{\"@id\":\"https:\\\/\\\/alter-entorn.com\\\/ca\\\/preguntes-frequents-sobre-el-bio-live-primera-part\\\/#primaryimage\"},\"thumbnailUrl\":\"https:\\\/\\\/alter-entorn.com\\\/wp-content\\\/uploads\\\/2018\\\/03\\\/dudas-bio-live.jpg\",\"datePublished\":\"2018-03-20T10:16:07+00:00\",\"dateModified\":\"2018-05-17T08:39:18+00:00\",\"description\":\"Respostes als dubtes m\u00e9s habituals que sorgeixen al comen\u00e7ar a prendre probi\u00f2tics com Bio-live: conservaci\u00f3, dosis, consum....\",\"breadcrumb\":{\"@id\":\"https:\\\/\\\/alter-entorn.com\\\/ca\\\/preguntes-frequents-sobre-el-bio-live-primera-part\\\/#breadcrumb\"},\"inLanguage\":\"ca\",\"potentialAction\":[{\"@type\":\"ReadAction\",\"target\":[\"https:\\\/\\\/alter-entorn.com\\\/ca\\\/preguntes-frequents-sobre-el-bio-live-primera-part\\\/\"]}]},{\"@type\":\"ImageObject\",\"inLanguage\":\"ca\",\"@id\":\"https:\\\/\\\/alter-entorn.com\\\/ca\\\/preguntes-frequents-sobre-el-bio-live-primera-part\\\/#primaryimage\",\"url\":\"https:\\\/\\\/alter-entorn.com\\\/wp-content\\\/uploads\\\/2018\\\/03\\\/dudas-bio-live.jpg\",\"contentUrl\":\"https:\\\/\\\/alter-entorn.com\\\/wp-content\\\/uploads\\\/2018\\\/03\\\/dudas-bio-live.jpg\",\"width\":960,\"height\":697},{\"@type\":\"BreadcrumbList\",\"@id\":\"https:\\\/\\\/alter-entorn.com\\\/ca\\\/preguntes-frequents-sobre-el-bio-live-primera-part\\\/#breadcrumb\",\"itemListElement\":[{\"@type\":\"ListItem\",\"position\":1,\"name\":\"Portada\",\"item\":\"https:\\\/\\\/alter-entorn.com\\\/ca\\\/\"},{\"@type\":\"ListItem\",\"position\":2,\"name\":\"PREGUNTES FREQ\u00dcENTS SOBRE EL BIO-LIVE (PRIMERA PART)\"}]},{\"@type\":\"WebSite\",\"@id\":\"https:\\\/\\\/alter-entorn.com\\\/ca\\\/#website\",\"url\":\"https:\\\/\\\/alter-entorn.com\\\/ca\\\/\",\"name\":\"alter-entorn\",\"description\":\"Soluciones Microbiol\u00f3gicas probi\u00f3ticos\",\"publisher\":{\"@id\":\"https:\\\/\\\/alter-entorn.com\\\/ca\\\/#organization\"},\"potentialAction\":[{\"@type\":\"SearchAction\",\"target\":{\"@type\":\"EntryPoint\",\"urlTemplate\":\"https:\\\/\\\/alter-entorn.com\\\/ca\\\/?s={search_term_string}\"},\"query-input\":{\"@type\":\"PropertyValueSpecification\",\"valueRequired\":true,\"valueName\":\"search_term_string\"}}],\"inLanguage\":\"ca\"},{\"@type\":\"Organization\",\"@id\":\"https:\\\/\\\/alter-entorn.com\\\/ca\\\/#organization\",\"name\":\"alter-entorn\",\"url\":\"https:\\\/\\\/alter-entorn.com\\\/ca\\\/\",\"logo\":{\"@type\":\"ImageObject\",\"inLanguage\":\"ca\",\"@id\":\"https:\\\/\\\/alter-entorn.com\\\/ca\\\/#\\\/schema\\\/logo\\\/image\\\/\",\"url\":\"https:\\\/\\\/alter-entorn.com\\\/wp-content\\\/uploads\\\/2018\\\/10\\\/logo_alter_entorn-sin-texto-1.png\",\"contentUrl\":\"https:\\\/\\\/alter-entorn.com\\\/wp-content\\\/uploads\\\/2018\\\/10\\\/logo_alter_entorn-sin-texto-1.png\",\"width\":246,\"height\":68,\"caption\":\"alter-entorn\"},\"image\":{\"@id\":\"https:\\\/\\\/alter-entorn.com\\\/ca\\\/#\\\/schema\\\/logo\\\/image\\\/\"},\"sameAs\":[\"https:\\\/\\\/www.facebook.com\\\/alterentorn\\\/\",\"https:\\\/\\\/x.com\\\/alterentorn\"]},{\"@type\":\"Person\",\"@id\":\"https:\\\/\\\/alter-entorn.com\\\/ca\\\/#\\\/schema\\\/person\\\/038d634ba7da15974cd21b377dac47e7\",\"name\":\"Comandes\"}]}<\/script>\n<!-- \/ Yoast SEO plugin. -->","yoast_head_json":{"title":"Preguntes i dubtes freq\u00fcents sobre com prendre Bio-live","description":"Respostes als dubtes m\u00e9s habituals que sorgeixen al comen\u00e7ar a prendre probi\u00f2tics com Bio-live: conservaci\u00f3, dosis, consum....","robots":{"index":"index","follow":"follow","max-snippet":"max-snippet:-1","max-image-preview":"max-image-preview:large","max-video-preview":"max-video-preview:-1"},"canonical":"https:\/\/alter-entorn.com\/ca\/preguntes-frequents-sobre-el-bio-live-primera-part\/","og_locale":"ca_ES","og_type":"article","og_title":"Preguntes i dubtes freq\u00fcents sobre com prendre Bio-live","og_description":"Respostes als dubtes m\u00e9s habituals que sorgeixen al comen\u00e7ar a prendre probi\u00f2tics com Bio-live: conservaci\u00f3, dosis, consum....","og_url":"https:\/\/alter-entorn.com\/ca\/preguntes-frequents-sobre-el-bio-live-primera-part\/","og_site_name":"alter-entorn","article_publisher":"https:\/\/www.facebook.com\/alterentorn\/","article_published_time":"2018-03-20T10:16:07+00:00","article_modified_time":"2018-05-17T08:39:18+00:00","og_image":[{"width":960,"height":697,"url":"https:\/\/alter-entorn.com\/wp-content\/uploads\/2018\/03\/dudas-bio-live.jpg","type":"image\/jpeg"}],"author":"Comandes","twitter_card":"summary_large_image","twitter_creator":"@alterentorn","twitter_site":"@alterentorn","twitter_misc":{"Escrit per":"Comandes","Temps estimat de lectura":"4 minuts"},"schema":{"@context":"https:\/\/schema.org","@graph":[{"@type":"Article","@id":"https:\/\/alter-entorn.com\/ca\/preguntes-frequents-sobre-el-bio-live-primera-part\/#article","isPartOf":{"@id":"https:\/\/alter-entorn.com\/ca\/preguntes-frequents-sobre-el-bio-live-primera-part\/"},"author":{"name":"Comandes","@id":"https:\/\/alter-entorn.com\/ca\/#\/schema\/person\/038d634ba7da15974cd21b377dac47e7"},"headline":"PREGUNTES FREQ\u00dcENTS SOBRE EL BIO-LIVE (PRIMERA PART)","datePublished":"2018-03-20T10:16:07+00:00","dateModified":"2018-05-17T08:39:18+00:00","mainEntityOfPage":{"@id":"https:\/\/alter-entorn.com\/ca\/preguntes-frequents-sobre-el-bio-live-primera-part\/"},"wordCount":767,"publisher":{"@id":"https:\/\/alter-entorn.com\/ca\/#organization"},"image":{"@id":"https:\/\/alter-entorn.com\/ca\/preguntes-frequents-sobre-el-bio-live-primera-part\/#primaryimage"},"thumbnailUrl":"https:\/\/alter-entorn.com\/wp-content\/uploads\/2018\/03\/dudas-bio-live.jpg","keywords":["dubtes probiotics","dubtes biolive","condicions us biolive","quan prendre probiotics","probiotics liquid","diferencia biolive dark i gold","preguntes frequents biolive","com prendre biolive","preguntes probiotics"],"articleSection":["SALUT I BENESTAR"],"inLanguage":"ca"},{"@type":"WebPage","@id":"https:\/\/alter-entorn.com\/ca\/preguntes-frequents-sobre-el-bio-live-primera-part\/","url":"https:\/\/alter-entorn.com\/ca\/preguntes-frequents-sobre-el-bio-live-primera-part\/","name":"Preguntes i dubtes freq\u00fcents sobre com prendre Bio-live","isPartOf":{"@id":"https:\/\/alter-entorn.com\/ca\/#website"},"primaryImageOfPage":{"@id":"https:\/\/alter-entorn.com\/ca\/preguntes-frequents-sobre-el-bio-live-primera-part\/#primaryimage"},"image":{"@id":"https:\/\/alter-entorn.com\/ca\/preguntes-frequents-sobre-el-bio-live-primera-part\/#primaryimage"},"thumbnailUrl":"https:\/\/alter-entorn.com\/wp-content\/uploads\/2018\/03\/dudas-bio-live.jpg","datePublished":"2018-03-20T10:16:07+00:00","dateModified":"2018-05-17T08:39:18+00:00","description":"Respostes als dubtes m\u00e9s habituals que sorgeixen al comen\u00e7ar a prendre probi\u00f2tics com Bio-live: conservaci\u00f3, dosis, consum....","breadcrumb":{"@id":"https:\/\/alter-entorn.com\/ca\/preguntes-frequents-sobre-el-bio-live-primera-part\/#breadcrumb"},"inLanguage":"ca","potentialAction":[{"@type":"ReadAction","target":["https:\/\/alter-entorn.com\/ca\/preguntes-frequents-sobre-el-bio-live-primera-part\/"]}]},{"@type":"ImageObject","inLanguage":"ca","@id":"https:\/\/alter-entorn.com\/ca\/preguntes-frequents-sobre-el-bio-live-primera-part\/#primaryimage","url":"https:\/\/alter-entorn.com\/wp-content\/uploads\/2018\/03\/dudas-bio-live.jpg","contentUrl":"https:\/\/alter-entorn.com\/wp-content\/uploads\/2018\/03\/dudas-bio-live.jpg","width":960,"height":697},{"@type":"BreadcrumbList","@id":"https:\/\/alter-entorn.com\/ca\/preguntes-frequents-sobre-el-bio-live-primera-part\/#breadcrumb","itemListElement":[{"@type":"ListItem","position":1,"name":"Portada","item":"https:\/\/alter-entorn.com\/ca\/"},{"@type":"ListItem","position":2,"name":"PREGUNTES FREQ\u00dcENTS SOBRE EL BIO-LIVE (PRIMERA PART)"}]},{"@type":"WebSite","@id":"https:\/\/alter-entorn.com\/ca\/#website","url":"https:\/\/alter-entorn.com\/ca\/","name":"alter-entorn","description":"Soluciones Microbiol\u00f3gicas probi\u00f3ticos","publisher":{"@id":"https:\/\/alter-entorn.com\/ca\/#organization"},"potentialAction":[{"@type":"SearchAction","target":{"@type":"EntryPoint","urlTemplate":"https:\/\/alter-entorn.com\/ca\/?s={search_term_string}"},"query-input":{"@type":"PropertyValueSpecification","valueRequired":true,"valueName":"search_term_string"}}],"inLanguage":"ca"},{"@type":"Organization","@id":"https:\/\/alter-entorn.com\/ca\/#organization","name":"alter-entorn","url":"https:\/\/alter-entorn.com\/ca\/","logo":{"@type":"ImageObject","inLanguage":"ca","@id":"https:\/\/alter-entorn.com\/ca\/#\/schema\/logo\/image\/","url":"https:\/\/alter-entorn.com\/wp-content\/uploads\/2018\/10\/logo_alter_entorn-sin-texto-1.png","contentUrl":"https:\/\/alter-entorn.com\/wp-content\/uploads\/2018\/10\/logo_alter_entorn-sin-texto-1.png","width":246,"height":68,"caption":"alter-entorn"},"image":{"@id":"https:\/\/alter-entorn.com\/ca\/#\/schema\/logo\/image\/"},"sameAs":["https:\/\/www.facebook.com\/alterentorn\/","https:\/\/x.com\/alterentorn"]},{"@type":"Person","@id":"https:\/\/alter-entorn.com\/ca\/#\/schema\/person\/038d634ba7da15974cd21b377dac47e7","name":"Comandes"}]}},"_links":{"self":[{"href":"https:\/\/alter-entorn.com\/ca\/wp-json\/wp\/v2\/posts\/5185","targetHints":{"allow":["GET"]}}],"collection":[{"href":"https:\/\/alter-entorn.com\/ca\/wp-json\/wp\/v2\/posts"}],"about":[{"href":"https:\/\/alter-entorn.com\/ca\/wp-json\/wp\/v2\/types\/post"}],"author":[{"embeddable":true,"href":"https:\/\/alter-entorn.com\/ca\/wp-json\/wp\/v2\/users\/3"}],"replies":[{"embeddable":true,"href":"https:\/\/alter-entorn.com\/ca\/wp-json\/wp\/v2\/comments?post=5185"}],"version-history":[{"count":0,"href":"https:\/\/alter-entorn.com\/ca\/wp-json\/wp\/v2\/posts\/5185\/revisions"}],"wp:featuredmedia":[{"embeddable":true,"href":"https:\/\/alter-entorn.com\/ca\/wp-json\/wp\/v2\/media\/5136"}],"wp:attachment":[{"href":"https:\/\/alter-entorn.com\/ca\/wp-json\/wp\/v2\/media?parent=5185"}],"wp:term":[{"taxonomy":"category","embeddable":true,"href":"https:\/\/alter-entorn.com\/ca\/wp-json\/wp\/v2\/categories?post=5185"},{"taxonomy":"post_tag","embeddable":true,"href":"https:\/\/alter-entorn.com\/ca\/wp-json\/wp\/v2\/tags?post=5185"}],"curies":[{"name":"wp","href":"https:\/\/api.w.org\/{rel}","templated":true}]}}