{"id":5332,"date":"2018-04-23T11:32:33","date_gmt":"2018-04-23T09:32:33","guid":{"rendered":"http:\/\/alter-entorn.com\/residus-que-no-sabem-en-quin-contenidor-shan-de-dipositar\/"},"modified":"2018-05-03T11:17:36","modified_gmt":"2018-05-03T09:17:36","slug":"en-quin-contenidor-va","status":"publish","type":"post","link":"https:\/\/alter-entorn.com\/ca\/en-quin-contenidor-va\/","title":{"rendered":"RESIDUS QUE NO SABEM EN QUIN CONTENIDOR S\u2019HAN DE DIPOSITAR"},"content":{"rendered":"<h2><strong>Hi ha residus que no generem tant freq\u00fcentment i que ens poden provocar dubtes a l\u2019hora de reciclar-los correctament. I tamb\u00e9 n\u2019hi ha que aparenten haver d\u2019anar a un contenidor per la seva composici\u00f3, per\u00f2 van en un altre per alguna ra\u00f3<\/strong><\/h2>\n<p>&nbsp;<\/p>\n<h2><!--more--><\/h2>\n<p>&nbsp;<\/p>\n<p>En alguns casos, els residus que ens provoquen dubtes <strong>s\u2019haurien de portar a un punt de reciclatge especialitzat com les deixalleries:<\/strong> oli usat, piles, bombetes, electrodom\u00e8stics, joguines&#8230; <strong>Tamb\u00e9 n\u2019hi ha alguns que es recullen al seu lloc d\u2019origen,<\/strong> com els medicaments a les farm\u00e0cies o les ulleres a les \u00f2ptiques.<\/p>\n<p><strong>Alguns ens provoquen dubtes per que contenen diferents tipus de materials<\/strong> com per exemple els embolcalls de joguines o els sobres amb finestra de la correspond\u00e8ncia que contenen paper i pl\u00e0stic. En aquests casos, <strong>hem d\u2019intentar separar-ne les parts.<\/strong><\/p>\n<p>Majorit\u00e0riament, dependr\u00e0 de la localitat on residim i per tant, a on van a parar les nostres deixalles. Tot i aix\u00ed, si no estem segurs on \u00e9s millor llen\u00e7ar un objecte en concret, recomanem dipositar-lo al contenidor gris o de rebuig, per no dificultar el proc\u00e9s de reciclatge dels altres residus. En aquest article, intentem resoldre alguns dels dubtes m\u00e9s habituals:<\/p>\n<p><strong>-Brics de llet i sucs:<\/strong> actualment gaireb\u00e9 tothom t\u00e9 clar que s\u2019han de dipositar <strong>al contenidor groc,<\/strong> ja que contenen pl\u00e0stic i serien impossible de reciclar juntament amb el paper i cartr\u00f3.<\/p>\n<p><strong>-Taps de suro:<\/strong> molta gent encara acostuma a llen\u00e7ar el tap de suro de les botelles de vi al contenidor verd, juntament amb l\u2019env\u00e0s. La veritat \u00e9s que tot i que el suro \u00e9s un material reciclable, desconeixem cap planta que el tracti adequadament. Aix\u00ed doncs, aquests residus han de dipositar-se <strong>al contenidor gris si s\u00f3n de suro tradicional, o al groc si s\u00f3n sint\u00e8tics.<\/strong><\/p>\n<p><strong>-Xapes de botelles de cervesa, refrescos, cava&#8230;: <\/strong>s\u2019han de dipositar<strong> al contenidor groc, <\/strong>al igual que les llaunes s\u00f3n 100% reciclables.<\/p>\n<p><strong>-C\u00e0psules de caf\u00e8 i bosses de te:<\/strong> tot i que continguin restes org\u00e0niques i\/o pl\u00e0stic, s\u2019han de dipositar <strong>al contenidor gris.<\/strong> La millor soluci\u00f3 per\u00f2, ser\u00e0 portar-les a algun lloc on les puguin reutilitzar.<\/p>\n<p><strong>-Cer\u00e0mica i terrines de fang:<\/strong> si se\u2019ns trenca un gerro o qualsevol altre objecte de decoraci\u00f3, aix\u00ed com els envasos de productes l\u00e0ctics com les quallades o crema catalana per exemple, els haurem de dipositar sempre <strong>al contenidor gris,<\/strong> mai al verd ja que no s\u00f3n vidre.<\/p>\n<p><strong>-Miralls i vaixella:<\/strong> haurien de portar-se a la deixalleria o punt net m\u00e9s proper. Si no \u00e9s possible, \u00e9s millor dipositar-los <strong>al contenidor gris<\/strong> que al verd, ja que contenen \u00f2xid de plom que no es pot fondre juntament amb els envasos de vidre.<\/p>\n<p><strong>-Paper plastificat utilitzat en carnisseries i peixateries:<\/strong> s\u2019ha de dipositar <strong>al contenidor groc<\/strong> ja que cont\u00e9 pl\u00e0stic i\/o cera, si cont\u00e9 moltes restes de menjar ser\u00e0 millor llen\u00e7ar-lo al gris.<\/p>\n<p><strong>-Bol\u00edgrafs<\/strong>: tot i que tinguin l\u2019exterior de pl\u00e0stic, s\u2019han de dipositar <strong>al contenidor gris<\/strong> ja que contenen restes de tinta.<\/p>\n<p><strong>-Caixetes de fusta petites com les de les maduixes:<\/strong> poden dipositar-se <strong>al contenidor groc<\/strong> ja que la fusta en petites quantitats, pot reciclar-se juntament amb el pl\u00e0stic.<\/p>\n<p><strong>-Bolquers, compreses, preservatius, tampons i tovalloletes humides:<\/strong> sempre <strong>al contenidor gris. <\/strong>\u00c9s molt habitual llen\u00e7ar-los en contenidors que no els corresponen i fins i tot, directament pel v\u00e0ter provocant embussaments importants a les canonades i danys al medi ambient.<\/p>\n<p><strong>-Taps met\u00e0l\u00b7lics dels pots de conserves, melmelades&#8230;:<\/strong> es dipositen <strong>al contenidor groc, <\/strong>no juntament amb l\u2019env\u00e0s que normalment ser\u00e0 de vidre.<\/p>\n<p><strong>-Raspalls de dents, fulles d\u2019afaitar i bastonets de les orelles:<\/strong> tamb\u00e9 <strong>al contenidor gris.<\/strong> Tot i que siguin majorit\u00e0riament de pl\u00e0stic no es poden reciclar juntament amb els envasos.<\/p>\n","protected":false},"excerpt":{"rendered":"<p>Hi ha residus que no generem tant freq\u00fcentment i que ens poden provocar dubtes a l\u2019hora de reciclar-los correctament. I tamb\u00e9 n\u2019hi ha que aparenten haver d\u2019anar a un contenidor per la seva composici\u00f3, per\u00f2 van en un altre per alguna ra\u00f3 &nbsp;<\/p>\n","protected":false},"author":3,"featured_media":5327,"comment_status":"closed","ping_status":"closed","sticky":false,"template":"","format":"standard","meta":{"_joinchat":[],"footnotes":""},"categories":[3294],"tags":[1639,1643,1644,1645,1646,1647],"class_list":["post-5332","post","type-post","status-publish","format-standard","has-post-thumbnail","hentry","category-compost-hort-jardi","tag-contenidor-gris-vs-groc","tag-reciclar-correctament","tag-punt-verd","tag-reciclar-miralls","tag-reciclar-raspalls-de-dents","tag-reciclar-taps-de-suro"],"yoast_head":"<!-- This site is optimized with the Yoast SEO plugin v27.4 - https:\/\/yoast.com\/product\/yoast-seo-wordpress\/ -->\n<title>Residus que no sabem a quin contenidor van o s&#039;han de dipositar<\/title>\n<meta name=\"description\" content=\"Residus menys frequents o de composici\u00f3 especial que no tenim clar a quin contenidor van o s&#039;han de dipositar\" \/>\n<meta name=\"robots\" content=\"index, follow, max-snippet:-1, max-image-preview:large, max-video-preview:-1\" \/>\n<link rel=\"canonical\" href=\"https:\/\/alter-entorn.com\/ca\/en-quin-contenidor-va\/\" \/>\n<meta property=\"og:locale\" content=\"ca_ES\" \/>\n<meta property=\"og:type\" content=\"article\" \/>\n<meta property=\"og:title\" content=\"Residus que no sabem a quin contenidor van o s&#039;han de dipositar\" \/>\n<meta property=\"og:description\" content=\"Residus menys frequents o de composici\u00f3 especial que no tenim clar a quin contenidor van o s&#039;han de dipositar\" \/>\n<meta property=\"og:url\" content=\"https:\/\/alter-entorn.com\/ca\/en-quin-contenidor-va\/\" \/>\n<meta property=\"og:site_name\" content=\"alter-entorn\" \/>\n<meta property=\"article:publisher\" content=\"https:\/\/www.facebook.com\/alterentorn\/\" \/>\n<meta property=\"article:published_time\" content=\"2018-04-23T09:32:33+00:00\" \/>\n<meta property=\"article:modified_time\" content=\"2018-05-03T09:17:36+00:00\" \/>\n<meta property=\"og:image\" content=\"https:\/\/alter-entorn.com\/wp-content\/uploads\/2018\/04\/en-que-contenedor-va.jpg\" \/>\n\t<meta property=\"og:image:width\" content=\"960\" \/>\n\t<meta property=\"og:image:height\" content=\"640\" \/>\n\t<meta property=\"og:image:type\" content=\"image\/jpeg\" \/>\n<meta name=\"author\" content=\"Comandes\" \/>\n<meta name=\"twitter:card\" content=\"summary_large_image\" \/>\n<meta name=\"twitter:creator\" content=\"@alterentorn\" \/>\n<meta name=\"twitter:site\" content=\"@alterentorn\" \/>\n<meta name=\"twitter:label1\" content=\"Escrit per\" \/>\n\t<meta name=\"twitter:data1\" content=\"Comandes\" \/>\n\t<meta name=\"twitter:label2\" content=\"Temps estimat de lectura\" \/>\n\t<meta name=\"twitter:data2\" content=\"3 minuts\" \/>\n<script type=\"application\/ld+json\" class=\"yoast-schema-graph\">{\"@context\":\"https:\\\/\\\/schema.org\",\"@graph\":[{\"@type\":\"Article\",\"@id\":\"https:\\\/\\\/alter-entorn.com\\\/ca\\\/en-quin-contenidor-va\\\/#article\",\"isPartOf\":{\"@id\":\"https:\\\/\\\/alter-entorn.com\\\/ca\\\/en-quin-contenidor-va\\\/\"},\"author\":{\"name\":\"Comandes\",\"@id\":\"https:\\\/\\\/alter-entorn.com\\\/ca\\\/#\\\/schema\\\/person\\\/038d634ba7da15974cd21b377dac47e7\"},\"headline\":\"RESIDUS QUE NO SABEM EN QUIN CONTENIDOR S\u2019HAN DE DIPOSITAR\",\"datePublished\":\"2018-04-23T09:32:33+00:00\",\"dateModified\":\"2018-05-03T09:17:36+00:00\",\"mainEntityOfPage\":{\"@id\":\"https:\\\/\\\/alter-entorn.com\\\/ca\\\/en-quin-contenidor-va\\\/\"},\"wordCount\":667,\"publisher\":{\"@id\":\"https:\\\/\\\/alter-entorn.com\\\/ca\\\/#organization\"},\"image\":{\"@id\":\"https:\\\/\\\/alter-entorn.com\\\/ca\\\/en-quin-contenidor-va\\\/#primaryimage\"},\"thumbnailUrl\":\"https:\\\/\\\/alter-entorn.com\\\/wp-content\\\/uploads\\\/2018\\\/04\\\/en-que-contenedor-va.jpg\",\"keywords\":[\"contenidor gris vs groc\",\"reciclar correctament\",\"punt verd\",\"reciclar miralls\",\"reciclar raspalls de dents\",\"reciclar taps de suro\"],\"articleSection\":[\"COMPOST, HORT I JARD\u00cd\"],\"inLanguage\":\"ca\"},{\"@type\":\"WebPage\",\"@id\":\"https:\\\/\\\/alter-entorn.com\\\/ca\\\/en-quin-contenidor-va\\\/\",\"url\":\"https:\\\/\\\/alter-entorn.com\\\/ca\\\/en-quin-contenidor-va\\\/\",\"name\":\"Residus que no sabem a quin contenidor van o s'han de dipositar\",\"isPartOf\":{\"@id\":\"https:\\\/\\\/alter-entorn.com\\\/ca\\\/#website\"},\"primaryImageOfPage\":{\"@id\":\"https:\\\/\\\/alter-entorn.com\\\/ca\\\/en-quin-contenidor-va\\\/#primaryimage\"},\"image\":{\"@id\":\"https:\\\/\\\/alter-entorn.com\\\/ca\\\/en-quin-contenidor-va\\\/#primaryimage\"},\"thumbnailUrl\":\"https:\\\/\\\/alter-entorn.com\\\/wp-content\\\/uploads\\\/2018\\\/04\\\/en-que-contenedor-va.jpg\",\"datePublished\":\"2018-04-23T09:32:33+00:00\",\"dateModified\":\"2018-05-03T09:17:36+00:00\",\"description\":\"Residus menys frequents o de composici\u00f3 especial que no tenim clar a quin contenidor van o s'han de dipositar\",\"breadcrumb\":{\"@id\":\"https:\\\/\\\/alter-entorn.com\\\/ca\\\/en-quin-contenidor-va\\\/#breadcrumb\"},\"inLanguage\":\"ca\",\"potentialAction\":[{\"@type\":\"ReadAction\",\"target\":[\"https:\\\/\\\/alter-entorn.com\\\/ca\\\/en-quin-contenidor-va\\\/\"]}]},{\"@type\":\"ImageObject\",\"inLanguage\":\"ca\",\"@id\":\"https:\\\/\\\/alter-entorn.com\\\/ca\\\/en-quin-contenidor-va\\\/#primaryimage\",\"url\":\"https:\\\/\\\/alter-entorn.com\\\/wp-content\\\/uploads\\\/2018\\\/04\\\/en-que-contenedor-va.jpg\",\"contentUrl\":\"https:\\\/\\\/alter-entorn.com\\\/wp-content\\\/uploads\\\/2018\\\/04\\\/en-que-contenedor-va.jpg\",\"width\":960,\"height\":640,\"caption\":\"Residuos que no sabemos en que contenedor van\"},{\"@type\":\"BreadcrumbList\",\"@id\":\"https:\\\/\\\/alter-entorn.com\\\/ca\\\/en-quin-contenidor-va\\\/#breadcrumb\",\"itemListElement\":[{\"@type\":\"ListItem\",\"position\":1,\"name\":\"Portada\",\"item\":\"https:\\\/\\\/alter-entorn.com\\\/ca\\\/\"},{\"@type\":\"ListItem\",\"position\":2,\"name\":\"RESIDUS QUE NO SABEM EN QUIN CONTENIDOR S\u2019HAN DE DIPOSITAR\"}]},{\"@type\":\"WebSite\",\"@id\":\"https:\\\/\\\/alter-entorn.com\\\/ca\\\/#website\",\"url\":\"https:\\\/\\\/alter-entorn.com\\\/ca\\\/\",\"name\":\"alter-entorn\",\"description\":\"Soluciones Microbiol\u00f3gicas probi\u00f3ticos\",\"publisher\":{\"@id\":\"https:\\\/\\\/alter-entorn.com\\\/ca\\\/#organization\"},\"potentialAction\":[{\"@type\":\"SearchAction\",\"target\":{\"@type\":\"EntryPoint\",\"urlTemplate\":\"https:\\\/\\\/alter-entorn.com\\\/ca\\\/?s={search_term_string}\"},\"query-input\":{\"@type\":\"PropertyValueSpecification\",\"valueRequired\":true,\"valueName\":\"search_term_string\"}}],\"inLanguage\":\"ca\"},{\"@type\":\"Organization\",\"@id\":\"https:\\\/\\\/alter-entorn.com\\\/ca\\\/#organization\",\"name\":\"alter-entorn\",\"url\":\"https:\\\/\\\/alter-entorn.com\\\/ca\\\/\",\"logo\":{\"@type\":\"ImageObject\",\"inLanguage\":\"ca\",\"@id\":\"https:\\\/\\\/alter-entorn.com\\\/ca\\\/#\\\/schema\\\/logo\\\/image\\\/\",\"url\":\"https:\\\/\\\/alter-entorn.com\\\/wp-content\\\/uploads\\\/2018\\\/10\\\/logo_alter_entorn-sin-texto-1.png\",\"contentUrl\":\"https:\\\/\\\/alter-entorn.com\\\/wp-content\\\/uploads\\\/2018\\\/10\\\/logo_alter_entorn-sin-texto-1.png\",\"width\":246,\"height\":68,\"caption\":\"alter-entorn\"},\"image\":{\"@id\":\"https:\\\/\\\/alter-entorn.com\\\/ca\\\/#\\\/schema\\\/logo\\\/image\\\/\"},\"sameAs\":[\"https:\\\/\\\/www.facebook.com\\\/alterentorn\\\/\",\"https:\\\/\\\/x.com\\\/alterentorn\"]},{\"@type\":\"Person\",\"@id\":\"https:\\\/\\\/alter-entorn.com\\\/ca\\\/#\\\/schema\\\/person\\\/038d634ba7da15974cd21b377dac47e7\",\"name\":\"Comandes\"}]}<\/script>\n<!-- \/ Yoast SEO plugin. -->","yoast_head_json":{"title":"Residus que no sabem a quin contenidor van o s'han de dipositar","description":"Residus menys frequents o de composici\u00f3 especial que no tenim clar a quin contenidor van o s'han de dipositar","robots":{"index":"index","follow":"follow","max-snippet":"max-snippet:-1","max-image-preview":"max-image-preview:large","max-video-preview":"max-video-preview:-1"},"canonical":"https:\/\/alter-entorn.com\/ca\/en-quin-contenidor-va\/","og_locale":"ca_ES","og_type":"article","og_title":"Residus que no sabem a quin contenidor van o s'han de dipositar","og_description":"Residus menys frequents o de composici\u00f3 especial que no tenim clar a quin contenidor van o s'han de dipositar","og_url":"https:\/\/alter-entorn.com\/ca\/en-quin-contenidor-va\/","og_site_name":"alter-entorn","article_publisher":"https:\/\/www.facebook.com\/alterentorn\/","article_published_time":"2018-04-23T09:32:33+00:00","article_modified_time":"2018-05-03T09:17:36+00:00","og_image":[{"width":960,"height":640,"url":"https:\/\/alter-entorn.com\/wp-content\/uploads\/2018\/04\/en-que-contenedor-va.jpg","type":"image\/jpeg"}],"author":"Comandes","twitter_card":"summary_large_image","twitter_creator":"@alterentorn","twitter_site":"@alterentorn","twitter_misc":{"Escrit per":"Comandes","Temps estimat de lectura":"3 minuts"},"schema":{"@context":"https:\/\/schema.org","@graph":[{"@type":"Article","@id":"https:\/\/alter-entorn.com\/ca\/en-quin-contenidor-va\/#article","isPartOf":{"@id":"https:\/\/alter-entorn.com\/ca\/en-quin-contenidor-va\/"},"author":{"name":"Comandes","@id":"https:\/\/alter-entorn.com\/ca\/#\/schema\/person\/038d634ba7da15974cd21b377dac47e7"},"headline":"RESIDUS QUE NO SABEM EN QUIN CONTENIDOR S\u2019HAN DE DIPOSITAR","datePublished":"2018-04-23T09:32:33+00:00","dateModified":"2018-05-03T09:17:36+00:00","mainEntityOfPage":{"@id":"https:\/\/alter-entorn.com\/ca\/en-quin-contenidor-va\/"},"wordCount":667,"publisher":{"@id":"https:\/\/alter-entorn.com\/ca\/#organization"},"image":{"@id":"https:\/\/alter-entorn.com\/ca\/en-quin-contenidor-va\/#primaryimage"},"thumbnailUrl":"https:\/\/alter-entorn.com\/wp-content\/uploads\/2018\/04\/en-que-contenedor-va.jpg","keywords":["contenidor gris vs groc","reciclar correctament","punt verd","reciclar miralls","reciclar raspalls de dents","reciclar taps de suro"],"articleSection":["COMPOST, HORT I JARD\u00cd"],"inLanguage":"ca"},{"@type":"WebPage","@id":"https:\/\/alter-entorn.com\/ca\/en-quin-contenidor-va\/","url":"https:\/\/alter-entorn.com\/ca\/en-quin-contenidor-va\/","name":"Residus que no sabem a quin contenidor van o s'han de dipositar","isPartOf":{"@id":"https:\/\/alter-entorn.com\/ca\/#website"},"primaryImageOfPage":{"@id":"https:\/\/alter-entorn.com\/ca\/en-quin-contenidor-va\/#primaryimage"},"image":{"@id":"https:\/\/alter-entorn.com\/ca\/en-quin-contenidor-va\/#primaryimage"},"thumbnailUrl":"https:\/\/alter-entorn.com\/wp-content\/uploads\/2018\/04\/en-que-contenedor-va.jpg","datePublished":"2018-04-23T09:32:33+00:00","dateModified":"2018-05-03T09:17:36+00:00","description":"Residus menys frequents o de composici\u00f3 especial que no tenim clar a quin contenidor van o s'han de dipositar","breadcrumb":{"@id":"https:\/\/alter-entorn.com\/ca\/en-quin-contenidor-va\/#breadcrumb"},"inLanguage":"ca","potentialAction":[{"@type":"ReadAction","target":["https:\/\/alter-entorn.com\/ca\/en-quin-contenidor-va\/"]}]},{"@type":"ImageObject","inLanguage":"ca","@id":"https:\/\/alter-entorn.com\/ca\/en-quin-contenidor-va\/#primaryimage","url":"https:\/\/alter-entorn.com\/wp-content\/uploads\/2018\/04\/en-que-contenedor-va.jpg","contentUrl":"https:\/\/alter-entorn.com\/wp-content\/uploads\/2018\/04\/en-que-contenedor-va.jpg","width":960,"height":640,"caption":"Residuos que no sabemos en que contenedor van"},{"@type":"BreadcrumbList","@id":"https:\/\/alter-entorn.com\/ca\/en-quin-contenidor-va\/#breadcrumb","itemListElement":[{"@type":"ListItem","position":1,"name":"Portada","item":"https:\/\/alter-entorn.com\/ca\/"},{"@type":"ListItem","position":2,"name":"RESIDUS QUE NO SABEM EN QUIN CONTENIDOR S\u2019HAN DE DIPOSITAR"}]},{"@type":"WebSite","@id":"https:\/\/alter-entorn.com\/ca\/#website","url":"https:\/\/alter-entorn.com\/ca\/","name":"alter-entorn","description":"Soluciones Microbiol\u00f3gicas probi\u00f3ticos","publisher":{"@id":"https:\/\/alter-entorn.com\/ca\/#organization"},"potentialAction":[{"@type":"SearchAction","target":{"@type":"EntryPoint","urlTemplate":"https:\/\/alter-entorn.com\/ca\/?s={search_term_string}"},"query-input":{"@type":"PropertyValueSpecification","valueRequired":true,"valueName":"search_term_string"}}],"inLanguage":"ca"},{"@type":"Organization","@id":"https:\/\/alter-entorn.com\/ca\/#organization","name":"alter-entorn","url":"https:\/\/alter-entorn.com\/ca\/","logo":{"@type":"ImageObject","inLanguage":"ca","@id":"https:\/\/alter-entorn.com\/ca\/#\/schema\/logo\/image\/","url":"https:\/\/alter-entorn.com\/wp-content\/uploads\/2018\/10\/logo_alter_entorn-sin-texto-1.png","contentUrl":"https:\/\/alter-entorn.com\/wp-content\/uploads\/2018\/10\/logo_alter_entorn-sin-texto-1.png","width":246,"height":68,"caption":"alter-entorn"},"image":{"@id":"https:\/\/alter-entorn.com\/ca\/#\/schema\/logo\/image\/"},"sameAs":["https:\/\/www.facebook.com\/alterentorn\/","https:\/\/x.com\/alterentorn"]},{"@type":"Person","@id":"https:\/\/alter-entorn.com\/ca\/#\/schema\/person\/038d634ba7da15974cd21b377dac47e7","name":"Comandes"}]}},"_links":{"self":[{"href":"https:\/\/alter-entorn.com\/ca\/wp-json\/wp\/v2\/posts\/5332","targetHints":{"allow":["GET"]}}],"collection":[{"href":"https:\/\/alter-entorn.com\/ca\/wp-json\/wp\/v2\/posts"}],"about":[{"href":"https:\/\/alter-entorn.com\/ca\/wp-json\/wp\/v2\/types\/post"}],"author":[{"embeddable":true,"href":"https:\/\/alter-entorn.com\/ca\/wp-json\/wp\/v2\/users\/3"}],"replies":[{"embeddable":true,"href":"https:\/\/alter-entorn.com\/ca\/wp-json\/wp\/v2\/comments?post=5332"}],"version-history":[{"count":0,"href":"https:\/\/alter-entorn.com\/ca\/wp-json\/wp\/v2\/posts\/5332\/revisions"}],"wp:featuredmedia":[{"embeddable":true,"href":"https:\/\/alter-entorn.com\/ca\/wp-json\/wp\/v2\/media\/5327"}],"wp:attachment":[{"href":"https:\/\/alter-entorn.com\/ca\/wp-json\/wp\/v2\/media?parent=5332"}],"wp:term":[{"taxonomy":"category","embeddable":true,"href":"https:\/\/alter-entorn.com\/ca\/wp-json\/wp\/v2\/categories?post=5332"},{"taxonomy":"post_tag","embeddable":true,"href":"https:\/\/alter-entorn.com\/ca\/wp-json\/wp\/v2\/tags?post=5332"}],"curies":[{"name":"wp","href":"https:\/\/api.w.org\/{rel}","templated":true}]}}