{"id":5415,"date":"2018-05-21T10:10:58","date_gmt":"2018-05-21T08:10:58","guid":{"rendered":"http:\/\/alter-entorn.com\/experiencies-de-consumidors-de-productes-emc\/"},"modified":"2018-05-21T10:12:14","modified_gmt":"2018-05-21T08:12:14","slug":"experiencies-de-consumidors-de-productes-emc","status":"publish","type":"post","link":"https:\/\/alter-entorn.com\/ca\/experiencies-de-consumidors-de-productes-emc\/","title":{"rendered":"EXPERI\u00c8NCIES DE CONSUMIDORS DE PRODUCTES eMC\u00ae"},"content":{"rendered":"<h2><strong>La Blanca i la Concha ja fa temps que utilitzen productes de neteja probi\u00f2tica i ecol\u00f2gica. Ens expliquen la seva experi\u00e8ncia personal i la seva opini\u00f3 al respecte<\/strong><\/h2>\n<p>&nbsp;<\/p>\n<h2><!--more--><\/h2>\n<p>&nbsp;<\/p>\n<p>Hem entrevistat a unes quantes persones que ja porten un temps utilitzant <a href=\"https:\/\/alter-entorn.com\/ca\/categoria-producte\/neteja\/\">productes de neteja eMC\u00ae,<\/a> per saber quina \u00e9s la seva opini\u00f3 al respecte i aix\u00ed con\u00e8ixer en quins aspectes podem seguir millorant. Tamb\u00e9 ens han explicat com van descobrir la neteja ecol\u00f2gica i quins han estat els seus canvis d\u2019h\u00e0bits. Gr\u00e0cies a les seves valoracions i experi\u00e8ncies personals, hem elaborat aquest article per que serveixi d\u2019inspiraci\u00f3 a persones que vulguin comen\u00e7ar a <a href=\"https:\/\/www.facebook.com\/groups\/332484847155255\/\">#Viure Lliure de Qu\u00edmics<\/a>.<\/p>\n<p>La Blanca i la Concha sempre havien utilitzat productes de neteja convencionals, com sempre havien vist a casa, fins que van comen\u00e7ar a interessar-se pels productes ecol\u00f2gics. <strong>Eren conscients d\u2019alguns dels perills que ens suposen els t\u00f2xics<\/strong> que contenen els productes de neteja i van decidir anar-los substituint a poc a poc.<\/p>\n<p>Ara que ja fa uns anys que utilitzen eMC\u00ae, una d\u2019elles assegura haver notat una millora important de la seva salut i benestar. Mentre que l\u2019altra, no relaciona directament aquest consum amb la salut, per\u00f2 s\u00ed amb la satisfacci\u00f3 de saber que col\u00b7labora amb la preservaci\u00f3 del planeta. Considerem que \u00e9s una ra\u00f3 igual d\u2019important!<\/p>\n<p><strong>Les dues es van sorprendre de l\u2019efic\u00e0cia dels productes, i estan d\u2019acord amb els seus principals avantatges:<\/strong> estalvien diners, temps i envasos, ajuden al medi ambient, etc. De la mateixa manera que veuen molt important el fet de poder aprofitar l\u2019aigua restant de la neteja pel reg i el manteniment de les canonades.<\/p>\n<p>En el cas dels inconvenients, la Concha veu problem\u00e0tica en la disposici\u00f3 dels productes ja que creu que si es venguessin m\u00e9s en supermercats n\u2019augmentaria el consum. Coincideixen amb la Blanca en que hi ha molta desconeixen\u00e7a d\u2019aquests tipus de productes, que no se sap molt b\u00e9 com i on utilitzar-los: dosis, superf\u00edcies permeses, etc. Intentarem difondre m\u00e9s i millor informaci\u00f3 en aquest aspecte.<\/p>\n<p>Ens han explicat tamb\u00e9, que <strong>han redu\u00eft molt notablement la quantitat de productes de neteja que utilitzen a casa. <\/strong>En els dos casos n\u2019han eliminat m\u00e9s de tres, tot i que segueixen utilitzant algun producte convencional per qu\u00e8 no coneixen cap ecol\u00f2gic que funcioni per un determinat \u00fas.<\/p>\n<p>Normalment es tracta dels rentavaixelles i els netejadors per la roba, on hi ha menys oferta ecol\u00f2gica i sembla que no \u00e9s tant efica\u00e7. Volem anunciar-vos doncs, que estem treballant en la creaci\u00f3 d\u2019aquests dos nous productes, que ben aviat us podrem presentar.<\/p>\n<p>Agra\u00efm la col\u00b7laboraci\u00f3 de les persones entrevistades, i animem a tothom a enviar-nos valoracions i suggeriments a <a href=\"mailto:alter-entorn@alter-entorn.com\">alter-entorn@alter-entorn.com<\/a>, i les nostres xarxes socials, i a comen\u00e7ar a Viure Lliure de Qu\u00edmics!<\/p>\n<p>&nbsp;<\/p>\n","protected":false},"excerpt":{"rendered":"<p>La Blanca i la Concha ja fa temps que utilitzen productes de neteja probi\u00f2tica i ecol\u00f2gica. Ens expliquen la seva experi\u00e8ncia personal i la seva opini\u00f3 al respecte &nbsp;<\/p>\n","protected":false},"author":3,"featured_media":5409,"comment_status":"closed","ping_status":"closed","sticky":false,"template":"","format":"standard","meta":{"_joinchat":[],"footnotes":""},"categories":[74],"tags":[1714,1716],"class_list":["post-5415","post","type-post","status-publish","format-standard","has-post-thumbnail","hentry","category-neteja-ecologica","tag-neteja-concentrada","tag-trucs-neteja"],"yoast_head":"<!-- This site is optimized with the Yoast SEO plugin v27.4 - https:\/\/yoast.com\/product\/yoast-seo-wordpress\/ -->\n<title>Experi\u00e8ncia de consumidors de productes eMC\u00ae<\/title>\n<meta name=\"description\" content=\"Entrevista personal a consumidors de productes eMC\u00ae que ens expliquen la seva experi\u00e8ncia i la seva opini\u00f3 sobre els productes\" \/>\n<meta name=\"robots\" content=\"index, follow, max-snippet:-1, max-image-preview:large, max-video-preview:-1\" \/>\n<link rel=\"canonical\" href=\"https:\/\/alter-entorn.com\/ca\/experiencies-de-consumidors-de-productes-emc\/\" \/>\n<meta property=\"og:locale\" content=\"ca_ES\" \/>\n<meta property=\"og:type\" content=\"article\" \/>\n<meta property=\"og:title\" content=\"Experi\u00e8ncia de consumidors de productes eMC\u00ae\" \/>\n<meta property=\"og:description\" content=\"Entrevista personal a consumidors de productes eMC\u00ae que ens expliquen la seva experi\u00e8ncia i la seva opini\u00f3 sobre els productes\" \/>\n<meta property=\"og:url\" content=\"https:\/\/alter-entorn.com\/ca\/experiencies-de-consumidors-de-productes-emc\/\" \/>\n<meta property=\"og:site_name\" content=\"alter-entorn\" \/>\n<meta property=\"article:publisher\" content=\"https:\/\/www.facebook.com\/alterentorn\/\" \/>\n<meta property=\"article:published_time\" content=\"2018-05-21T08:10:58+00:00\" \/>\n<meta property=\"article:modified_time\" content=\"2018-05-21T08:12:14+00:00\" \/>\n<meta property=\"og:image\" content=\"https:\/\/alter-entorn.com\/wp-content\/uploads\/2018\/05\/experiencia-limpieza-ecologica.jpg\" \/>\n\t<meta property=\"og:image:width\" content=\"1200\" \/>\n\t<meta property=\"og:image:height\" content=\"907\" \/>\n\t<meta property=\"og:image:type\" content=\"image\/jpeg\" \/>\n<meta name=\"author\" content=\"Comandes\" \/>\n<meta name=\"twitter:card\" content=\"summary_large_image\" \/>\n<meta name=\"twitter:creator\" content=\"@alterentorn\" \/>\n<meta name=\"twitter:site\" content=\"@alterentorn\" \/>\n<meta name=\"twitter:label1\" content=\"Escrit per\" \/>\n\t<meta name=\"twitter:data1\" content=\"Comandes\" \/>\n\t<meta name=\"twitter:label2\" content=\"Temps estimat de lectura\" \/>\n\t<meta name=\"twitter:data2\" content=\"2 minuts\" \/>\n<script type=\"application\/ld+json\" class=\"yoast-schema-graph\">{\"@context\":\"https:\\\/\\\/schema.org\",\"@graph\":[{\"@type\":\"Article\",\"@id\":\"https:\\\/\\\/alter-entorn.com\\\/ca\\\/experiencies-de-consumidors-de-productes-emc\\\/#article\",\"isPartOf\":{\"@id\":\"https:\\\/\\\/alter-entorn.com\\\/ca\\\/experiencies-de-consumidors-de-productes-emc\\\/\"},\"author\":{\"name\":\"Comandes\",\"@id\":\"https:\\\/\\\/alter-entorn.com\\\/ca\\\/#\\\/schema\\\/person\\\/038d634ba7da15974cd21b377dac47e7\"},\"headline\":\"EXPERI\u00c8NCIES DE CONSUMIDORS DE PRODUCTES eMC\u00ae\",\"datePublished\":\"2018-05-21T08:10:58+00:00\",\"dateModified\":\"2018-05-21T08:12:14+00:00\",\"mainEntityOfPage\":{\"@id\":\"https:\\\/\\\/alter-entorn.com\\\/ca\\\/experiencies-de-consumidors-de-productes-emc\\\/\"},\"wordCount\":505,\"publisher\":{\"@id\":\"https:\\\/\\\/alter-entorn.com\\\/ca\\\/#organization\"},\"image\":{\"@id\":\"https:\\\/\\\/alter-entorn.com\\\/ca\\\/experiencies-de-consumidors-de-productes-emc\\\/#primaryimage\"},\"thumbnailUrl\":\"https:\\\/\\\/alter-entorn.com\\\/wp-content\\\/uploads\\\/2018\\\/05\\\/experiencia-limpieza-ecologica.jpg\",\"keywords\":[\"neteja concentrada\",\"trucs neteja\"],\"articleSection\":[\"NETEJA ECOL\u00d2GICA\"],\"inLanguage\":\"ca\"},{\"@type\":\"WebPage\",\"@id\":\"https:\\\/\\\/alter-entorn.com\\\/ca\\\/experiencies-de-consumidors-de-productes-emc\\\/\",\"url\":\"https:\\\/\\\/alter-entorn.com\\\/ca\\\/experiencies-de-consumidors-de-productes-emc\\\/\",\"name\":\"Experi\u00e8ncia de consumidors de productes eMC\u00ae\",\"isPartOf\":{\"@id\":\"https:\\\/\\\/alter-entorn.com\\\/ca\\\/#website\"},\"primaryImageOfPage\":{\"@id\":\"https:\\\/\\\/alter-entorn.com\\\/ca\\\/experiencies-de-consumidors-de-productes-emc\\\/#primaryimage\"},\"image\":{\"@id\":\"https:\\\/\\\/alter-entorn.com\\\/ca\\\/experiencies-de-consumidors-de-productes-emc\\\/#primaryimage\"},\"thumbnailUrl\":\"https:\\\/\\\/alter-entorn.com\\\/wp-content\\\/uploads\\\/2018\\\/05\\\/experiencia-limpieza-ecologica.jpg\",\"datePublished\":\"2018-05-21T08:10:58+00:00\",\"dateModified\":\"2018-05-21T08:12:14+00:00\",\"description\":\"Entrevista personal a consumidors de productes eMC\u00ae que ens expliquen la seva experi\u00e8ncia i la seva opini\u00f3 sobre els productes\",\"breadcrumb\":{\"@id\":\"https:\\\/\\\/alter-entorn.com\\\/ca\\\/experiencies-de-consumidors-de-productes-emc\\\/#breadcrumb\"},\"inLanguage\":\"ca\",\"potentialAction\":[{\"@type\":\"ReadAction\",\"target\":[\"https:\\\/\\\/alter-entorn.com\\\/ca\\\/experiencies-de-consumidors-de-productes-emc\\\/\"]}]},{\"@type\":\"ImageObject\",\"inLanguage\":\"ca\",\"@id\":\"https:\\\/\\\/alter-entorn.com\\\/ca\\\/experiencies-de-consumidors-de-productes-emc\\\/#primaryimage\",\"url\":\"https:\\\/\\\/alter-entorn.com\\\/wp-content\\\/uploads\\\/2018\\\/05\\\/experiencia-limpieza-ecologica.jpg\",\"contentUrl\":\"https:\\\/\\\/alter-entorn.com\\\/wp-content\\\/uploads\\\/2018\\\/05\\\/experiencia-limpieza-ecologica.jpg\",\"width\":1200,\"height\":907,\"caption\":\"DSCF0002.JPG\"},{\"@type\":\"BreadcrumbList\",\"@id\":\"https:\\\/\\\/alter-entorn.com\\\/ca\\\/experiencies-de-consumidors-de-productes-emc\\\/#breadcrumb\",\"itemListElement\":[{\"@type\":\"ListItem\",\"position\":1,\"name\":\"Portada\",\"item\":\"https:\\\/\\\/alter-entorn.com\\\/ca\\\/\"},{\"@type\":\"ListItem\",\"position\":2,\"name\":\"EXPERI\u00c8NCIES DE CONSUMIDORS DE PRODUCTES eMC\u00ae\"}]},{\"@type\":\"WebSite\",\"@id\":\"https:\\\/\\\/alter-entorn.com\\\/ca\\\/#website\",\"url\":\"https:\\\/\\\/alter-entorn.com\\\/ca\\\/\",\"name\":\"alter-entorn\",\"description\":\"Soluciones Microbiol\u00f3gicas probi\u00f3ticos\",\"publisher\":{\"@id\":\"https:\\\/\\\/alter-entorn.com\\\/ca\\\/#organization\"},\"potentialAction\":[{\"@type\":\"SearchAction\",\"target\":{\"@type\":\"EntryPoint\",\"urlTemplate\":\"https:\\\/\\\/alter-entorn.com\\\/ca\\\/?s={search_term_string}\"},\"query-input\":{\"@type\":\"PropertyValueSpecification\",\"valueRequired\":true,\"valueName\":\"search_term_string\"}}],\"inLanguage\":\"ca\"},{\"@type\":\"Organization\",\"@id\":\"https:\\\/\\\/alter-entorn.com\\\/ca\\\/#organization\",\"name\":\"alter-entorn\",\"url\":\"https:\\\/\\\/alter-entorn.com\\\/ca\\\/\",\"logo\":{\"@type\":\"ImageObject\",\"inLanguage\":\"ca\",\"@id\":\"https:\\\/\\\/alter-entorn.com\\\/ca\\\/#\\\/schema\\\/logo\\\/image\\\/\",\"url\":\"https:\\\/\\\/alter-entorn.com\\\/wp-content\\\/uploads\\\/2018\\\/10\\\/logo_alter_entorn-sin-texto-1.png\",\"contentUrl\":\"https:\\\/\\\/alter-entorn.com\\\/wp-content\\\/uploads\\\/2018\\\/10\\\/logo_alter_entorn-sin-texto-1.png\",\"width\":246,\"height\":68,\"caption\":\"alter-entorn\"},\"image\":{\"@id\":\"https:\\\/\\\/alter-entorn.com\\\/ca\\\/#\\\/schema\\\/logo\\\/image\\\/\"},\"sameAs\":[\"https:\\\/\\\/www.facebook.com\\\/alterentorn\\\/\",\"https:\\\/\\\/x.com\\\/alterentorn\"]},{\"@type\":\"Person\",\"@id\":\"https:\\\/\\\/alter-entorn.com\\\/ca\\\/#\\\/schema\\\/person\\\/038d634ba7da15974cd21b377dac47e7\",\"name\":\"Comandes\"}]}<\/script>\n<!-- \/ Yoast SEO plugin. -->","yoast_head_json":{"title":"Experi\u00e8ncia de consumidors de productes eMC\u00ae","description":"Entrevista personal a consumidors de productes eMC\u00ae que ens expliquen la seva experi\u00e8ncia i la seva opini\u00f3 sobre els productes","robots":{"index":"index","follow":"follow","max-snippet":"max-snippet:-1","max-image-preview":"max-image-preview:large","max-video-preview":"max-video-preview:-1"},"canonical":"https:\/\/alter-entorn.com\/ca\/experiencies-de-consumidors-de-productes-emc\/","og_locale":"ca_ES","og_type":"article","og_title":"Experi\u00e8ncia de consumidors de productes eMC\u00ae","og_description":"Entrevista personal a consumidors de productes eMC\u00ae que ens expliquen la seva experi\u00e8ncia i la seva opini\u00f3 sobre els productes","og_url":"https:\/\/alter-entorn.com\/ca\/experiencies-de-consumidors-de-productes-emc\/","og_site_name":"alter-entorn","article_publisher":"https:\/\/www.facebook.com\/alterentorn\/","article_published_time":"2018-05-21T08:10:58+00:00","article_modified_time":"2018-05-21T08:12:14+00:00","og_image":[{"width":1200,"height":907,"url":"https:\/\/alter-entorn.com\/wp-content\/uploads\/2018\/05\/experiencia-limpieza-ecologica.jpg","type":"image\/jpeg"}],"author":"Comandes","twitter_card":"summary_large_image","twitter_creator":"@alterentorn","twitter_site":"@alterentorn","twitter_misc":{"Escrit per":"Comandes","Temps estimat de lectura":"2 minuts"},"schema":{"@context":"https:\/\/schema.org","@graph":[{"@type":"Article","@id":"https:\/\/alter-entorn.com\/ca\/experiencies-de-consumidors-de-productes-emc\/#article","isPartOf":{"@id":"https:\/\/alter-entorn.com\/ca\/experiencies-de-consumidors-de-productes-emc\/"},"author":{"name":"Comandes","@id":"https:\/\/alter-entorn.com\/ca\/#\/schema\/person\/038d634ba7da15974cd21b377dac47e7"},"headline":"EXPERI\u00c8NCIES DE CONSUMIDORS DE PRODUCTES eMC\u00ae","datePublished":"2018-05-21T08:10:58+00:00","dateModified":"2018-05-21T08:12:14+00:00","mainEntityOfPage":{"@id":"https:\/\/alter-entorn.com\/ca\/experiencies-de-consumidors-de-productes-emc\/"},"wordCount":505,"publisher":{"@id":"https:\/\/alter-entorn.com\/ca\/#organization"},"image":{"@id":"https:\/\/alter-entorn.com\/ca\/experiencies-de-consumidors-de-productes-emc\/#primaryimage"},"thumbnailUrl":"https:\/\/alter-entorn.com\/wp-content\/uploads\/2018\/05\/experiencia-limpieza-ecologica.jpg","keywords":["neteja concentrada","trucs neteja"],"articleSection":["NETEJA ECOL\u00d2GICA"],"inLanguage":"ca"},{"@type":"WebPage","@id":"https:\/\/alter-entorn.com\/ca\/experiencies-de-consumidors-de-productes-emc\/","url":"https:\/\/alter-entorn.com\/ca\/experiencies-de-consumidors-de-productes-emc\/","name":"Experi\u00e8ncia de consumidors de productes eMC\u00ae","isPartOf":{"@id":"https:\/\/alter-entorn.com\/ca\/#website"},"primaryImageOfPage":{"@id":"https:\/\/alter-entorn.com\/ca\/experiencies-de-consumidors-de-productes-emc\/#primaryimage"},"image":{"@id":"https:\/\/alter-entorn.com\/ca\/experiencies-de-consumidors-de-productes-emc\/#primaryimage"},"thumbnailUrl":"https:\/\/alter-entorn.com\/wp-content\/uploads\/2018\/05\/experiencia-limpieza-ecologica.jpg","datePublished":"2018-05-21T08:10:58+00:00","dateModified":"2018-05-21T08:12:14+00:00","description":"Entrevista personal a consumidors de productes eMC\u00ae que ens expliquen la seva experi\u00e8ncia i la seva opini\u00f3 sobre els productes","breadcrumb":{"@id":"https:\/\/alter-entorn.com\/ca\/experiencies-de-consumidors-de-productes-emc\/#breadcrumb"},"inLanguage":"ca","potentialAction":[{"@type":"ReadAction","target":["https:\/\/alter-entorn.com\/ca\/experiencies-de-consumidors-de-productes-emc\/"]}]},{"@type":"ImageObject","inLanguage":"ca","@id":"https:\/\/alter-entorn.com\/ca\/experiencies-de-consumidors-de-productes-emc\/#primaryimage","url":"https:\/\/alter-entorn.com\/wp-content\/uploads\/2018\/05\/experiencia-limpieza-ecologica.jpg","contentUrl":"https:\/\/alter-entorn.com\/wp-content\/uploads\/2018\/05\/experiencia-limpieza-ecologica.jpg","width":1200,"height":907,"caption":"DSCF0002.JPG"},{"@type":"BreadcrumbList","@id":"https:\/\/alter-entorn.com\/ca\/experiencies-de-consumidors-de-productes-emc\/#breadcrumb","itemListElement":[{"@type":"ListItem","position":1,"name":"Portada","item":"https:\/\/alter-entorn.com\/ca\/"},{"@type":"ListItem","position":2,"name":"EXPERI\u00c8NCIES DE CONSUMIDORS DE PRODUCTES eMC\u00ae"}]},{"@type":"WebSite","@id":"https:\/\/alter-entorn.com\/ca\/#website","url":"https:\/\/alter-entorn.com\/ca\/","name":"alter-entorn","description":"Soluciones Microbiol\u00f3gicas probi\u00f3ticos","publisher":{"@id":"https:\/\/alter-entorn.com\/ca\/#organization"},"potentialAction":[{"@type":"SearchAction","target":{"@type":"EntryPoint","urlTemplate":"https:\/\/alter-entorn.com\/ca\/?s={search_term_string}"},"query-input":{"@type":"PropertyValueSpecification","valueRequired":true,"valueName":"search_term_string"}}],"inLanguage":"ca"},{"@type":"Organization","@id":"https:\/\/alter-entorn.com\/ca\/#organization","name":"alter-entorn","url":"https:\/\/alter-entorn.com\/ca\/","logo":{"@type":"ImageObject","inLanguage":"ca","@id":"https:\/\/alter-entorn.com\/ca\/#\/schema\/logo\/image\/","url":"https:\/\/alter-entorn.com\/wp-content\/uploads\/2018\/10\/logo_alter_entorn-sin-texto-1.png","contentUrl":"https:\/\/alter-entorn.com\/wp-content\/uploads\/2018\/10\/logo_alter_entorn-sin-texto-1.png","width":246,"height":68,"caption":"alter-entorn"},"image":{"@id":"https:\/\/alter-entorn.com\/ca\/#\/schema\/logo\/image\/"},"sameAs":["https:\/\/www.facebook.com\/alterentorn\/","https:\/\/x.com\/alterentorn"]},{"@type":"Person","@id":"https:\/\/alter-entorn.com\/ca\/#\/schema\/person\/038d634ba7da15974cd21b377dac47e7","name":"Comandes"}]}},"_links":{"self":[{"href":"https:\/\/alter-entorn.com\/ca\/wp-json\/wp\/v2\/posts\/5415","targetHints":{"allow":["GET"]}}],"collection":[{"href":"https:\/\/alter-entorn.com\/ca\/wp-json\/wp\/v2\/posts"}],"about":[{"href":"https:\/\/alter-entorn.com\/ca\/wp-json\/wp\/v2\/types\/post"}],"author":[{"embeddable":true,"href":"https:\/\/alter-entorn.com\/ca\/wp-json\/wp\/v2\/users\/3"}],"replies":[{"embeddable":true,"href":"https:\/\/alter-entorn.com\/ca\/wp-json\/wp\/v2\/comments?post=5415"}],"version-history":[{"count":0,"href":"https:\/\/alter-entorn.com\/ca\/wp-json\/wp\/v2\/posts\/5415\/revisions"}],"wp:featuredmedia":[{"embeddable":true,"href":"https:\/\/alter-entorn.com\/ca\/wp-json\/wp\/v2\/media\/5409"}],"wp:attachment":[{"href":"https:\/\/alter-entorn.com\/ca\/wp-json\/wp\/v2\/media?parent=5415"}],"wp:term":[{"taxonomy":"category","embeddable":true,"href":"https:\/\/alter-entorn.com\/ca\/wp-json\/wp\/v2\/categories?post=5415"},{"taxonomy":"post_tag","embeddable":true,"href":"https:\/\/alter-entorn.com\/ca\/wp-json\/wp\/v2\/tags?post=5415"}],"curies":[{"name":"wp","href":"https:\/\/api.w.org\/{rel}","templated":true}]}}