{"id":5450,"date":"2018-05-29T11:30:07","date_gmt":"2018-05-29T09:30:07","guid":{"rendered":"http:\/\/alter-entorn.com\/diferencies-entre-intolerancia-i-al%c2%b7lergia-alimentaria\/"},"modified":"2018-05-29T11:30:07","modified_gmt":"2018-05-29T09:30:07","slug":"diferencies-entre-intolerancia-i-al%c2%b7lergia-alimentaria","status":"publish","type":"post","link":"https:\/\/alter-entorn.com\/ca\/diferencies-entre-intolerancia-i-al%c2%b7lergia-alimentaria\/","title":{"rendered":"DIFER\u00c8NCIES ENTRE INTOLER\u00c0NCIA I AL\u00b7L\u00c8RGIA ALIMENT\u00c0RIA"},"content":{"rendered":"<h2><strong>Les al\u00b7l\u00e8rgies i les intoler\u00e0ncies aliment\u00e0ries s\u00f3n termes que es confonen sovint per\u00f2 tenen or\u00edgens, causes i reaccions diferents<\/strong><\/h2>\n<p>&nbsp;<\/p>\n<h2><!--more--><\/h2>\n<p>Les intoler\u00e0ncies i al\u00b7l\u00e8rgies aliment\u00e0ries s\u00f3n cada vegada m\u00e9s freq\u00fcents entre la poblaci\u00f3. La mala alimentaci\u00f3, el consum abusiu d\u2019antibi\u00f2tics i l\u2019exc\u00e9s de t\u00f2xics en s\u00f3n algunes de les causes principals.<\/p>\n<p>En alguns casos, els conceptes d\u2019intoler\u00e0ncia i al\u00b7l\u00e8rgia es poden confondre, ja que de vegades es pateixen s\u00edmptomes semblants o se\u2019n d\u00f3na una explicaci\u00f3 similar. Tot i aix\u00f2, existeixen clars contrastos entre les unes i les altres ja que tenen causes i reaccions diferents:<\/p>\n<ol>\n<li>\n<h4><strong>Formaci\u00f3 de la reacci\u00f3<\/strong><\/h4>\n<\/li>\n<\/ol>\n<p>Biol\u00f2gicament, l\u2019aparici\u00f3 de l\u2019al\u00b7l\u00e8rgia o de la intoler\u00e0ncia \u00e9s ben diferent. En el primer cas, una reacci\u00f3 al\u00b7l\u00e8rgica es produeix com un sistema de defensa davant de la invasi\u00f3 d\u2019un aliment. El nostre sistema immunol\u00f2gic reacciona exageradament davant de la ingesta d\u2019aquest determinat aliment.<\/p>\n<p>Per contra, <strong>la intoler\u00e0ncia \u00fanicament afecta a la digesti\u00f3 i al metabolisme, deixant de banda el sistema immunol\u00f2gic.<\/strong> Es tracta que el nostre organisme t\u00e9 una insufici\u00e8ncia dels enzims que ens ajuden a digerir l\u2019aliment en concret, per aix\u00f2 de vegades se\u2019n poden tolerar petites quantitats. En canvi, si patim una al\u00b7l\u00e8rgia no podem tolerar l\u2019aliment de cap de les maneres, sovint ni altres aliments que hi hagin estat en contacte.<\/p>\n<ol start=\"2\">\n<li>\n<h4><strong>Localitzaci\u00f3 dels s\u00edmptomes<\/strong><\/h4>\n<\/li>\n<\/ol>\n<p><strong>Els s\u00edmptomes que indiquen que patim una intoler\u00e0ncia aliment\u00e0ria s\u2019acostumen a concentrar al llarg del conducte digestiu,<\/strong> des de la boca fins al colon: v\u00f2mits, gasos, diarrees, n\u00e0usees, dolors abdominals, etc. \u00c9s dif\u00edcil experimentar canvis en altres zones del cos com els provocats per un atac d\u2019al\u00b7l\u00e8rgia: sensaci\u00f3 d\u2019asf\u00edxia, urtic\u00e0ria, erupcions, inflamaci\u00f3 del rostre i les parpelles, etc.<\/p>\n<p>Malgrat aix\u00f2, de vegades alguns d\u2019ells poden donar-se en els dos casos com la descomposici\u00f3. Tenint en compte que quan es tracta d\u2019una intoler\u00e0ncia sempre acostuma a ser un dolor o una mol\u00e8stia m\u00e9s lleu que no t\u00e9 per qu\u00e8 suposar una urg\u00e8ncia m\u00e8dica, apareix m\u00e9s tard, etc.<\/p>\n<ol start=\"3\">\n<li>\n<h4><strong>Intensitat dels s\u00edmptomes<\/strong><\/h4>\n<\/li>\n<\/ol>\n<p>Tal com hem senyalat abans, <strong>els s\u00edmptomes que presenta una intoler\u00e0ncia aliment\u00e0ria acostumen a ser m\u00e9s lleus. <\/strong>Evidentment s\u00f3n problemes molestos, per\u00f2 no ens suposen canvis tant alarmants com els atacs d\u2019al\u00b7l\u00e8rgia. Per aix\u00f2 diem que no tenen per qu\u00e8 ser sempre una urg\u00e8ncia m\u00e8dica, sin\u00f3 m\u00e9s aviat una repetici\u00f3 de malestar.<\/p>\n<p>Tot i aix\u00f2, s\u2019ha de tenir en compte <strong>que la intensitat dels s\u00edmptomes variar\u00e0 sempre en funci\u00f3 de la quantitat d\u2019aliment ingerida.<\/strong> Si ets intolerant a la lactosa, no \u00e9s el mateix consumir un trosset de formatge que beure\u2019t un got de llet; de la mateixa manera que un al\u00b7l\u00e8rgic a l\u2019ou no reaccionar\u00e0 igual al menjar-se un aliment fregit al mateix oli que un ou ferrat directament.<\/p>\n<p>D\u2019una manera semblant, <strong>hi ha diversos estudis que apunten sobre la influ\u00e8ncia del nostre estat d\u2019\u00e0nim<\/strong> davant les difer\u00e8ncies dels efectes que ens pot provocar una mateixa intoler\u00e0ncia o al\u00b7l\u00e8rgia. Hi ha dies que ingerint la mateixa quantitat d\u2019aliment podem tenir s\u00edmptomes diferents, m\u00e9s o menys molestos i de m\u00e9s o menys durada.<\/p>\n<ol start=\"4\">\n<li>\n<h4><strong>Tardan\u00e7a en l\u2019aparici\u00f3 dels s\u00edmptomes<\/strong><\/h4>\n<\/li>\n<\/ol>\n<p>\u00c9s una de les difer\u00e8ncies m\u00e9s clares. Mentre <strong>un atac d\u2019al\u00b7l\u00e8rgia es produeix immediatament o al cap de pocs minuts d\u2019haver consumit l\u2019aliment, una intoler\u00e0ncia pot tardar molt m\u00e9s temps<\/strong> a manifestar-se. Acostuma a passar quan els aliments estan en ple proc\u00e9s de digesti\u00f3, entre la mitja hora i les dues despr\u00e9s de l\u2019\u00e0pat, per\u00f2 de vegades poden arribar a tardar m\u00e9s d\u2019un dia.<\/p>\n<ol start=\"5\">\n<li>\n<h4><strong>Detecci\u00f3 i gen\u00e8tica<\/strong><\/h4>\n<\/li>\n<\/ol>\n<p><strong>Normalment, es detecten les al\u00b7l\u00e8rgies durant els primers anys de vida,<\/strong> en les primeres vegades que s\u2019ingereix l\u2019aliment en q\u00fcesti\u00f3<strong>. Mentre que les intoler\u00e0ncies apareixen i desapareixen freq\u00fcentment durant l\u2019edat adulta.<\/strong> Tot i aix\u00f2, es poden diagnosticar al\u00b7l\u00e8rgies en adults i intoler\u00e0ncies en nens. No es tracta d\u2019una llei absoluta sin\u00f3 d\u2019una tend\u00e8ncia.<\/p>\n<p>Aix\u00ed doncs, les al\u00b7l\u00e8rgies poden ser gen\u00e8tiques o adquirides amb el temps. Cal senyalar per\u00f2 que ni que siguin gen\u00e8tiques no tenen per qu\u00e8 ser les mateixes que les dels nostres pares. \u00c9s a dir, que es pot heretar el fet de tenir alguna al\u00b7l\u00e8rgia, per\u00f2 no t\u00e9 per qu\u00e8 ser a l\u2019aliment en concret que ho \u00e9s el familiar. Les intoler\u00e0ncies aliment\u00e0ries, en canvi, no acostumen a tenir causa gen\u00e8tica.<\/p>\n<p>Els suplements probi\u00f2tic\u00a0<a href=\"https:\/\/alter-entorn.com\/ca\/producto\/bio-live-gold\/\">Bio-live Gold<\/a> i\u00a0<a href=\"https:\/\/alter-entorn.com\/ca\/?post_type=product&#038;p=4079\">Dark<\/a> ajuden a millorar els s\u00edmptomes d\u2019algunes de les al\u00b7l\u00e8rgies i intoler\u00e0ncies m\u00e9s freq\u00fcents, arribant de vegades fins i tot a eliminar-los.<\/p>\n<p>&nbsp;<\/p>\n","protected":false},"excerpt":{"rendered":"<p>Les al\u00b7l\u00e8rgies i les intoler\u00e0ncies aliment\u00e0ries s\u00f3n termes que es confonen sovint per\u00f2 tenen or\u00edgens, causes i reaccions diferents &nbsp;<\/p>\n","protected":false},"author":3,"featured_media":5443,"comment_status":"closed","ping_status":"closed","sticky":false,"template":"","format":"standard","meta":{"_joinchat":[],"footnotes":""},"categories":[97],"tags":[1726,1727,1728,1729,1730,1731,1732,1733,1734],"class_list":["post-5450","post","type-post","status-publish","format-standard","has-post-thumbnail","hentry","category-salut-i-benestar","tag-intolerancia-alimentaria-ca","tag-intolerancia-gluten-ca","tag-alergia-alimentaria-ca","tag-intolerancia-vs-alergia-ca","tag-intolerancia-lactosa-ca","tag-intolerancies-comunes","tag-alergies-comunes","tag-simptomes-alergia","tag-deteccio-alergia"],"yoast_head":"<!-- This site is optimized with the Yoast SEO plugin v27.4 - https:\/\/yoast.com\/product\/yoast-seo-wordpress\/ -->\n<title>Difer\u00e8ncies entre intolerancies i al\u00b7l\u00e8rgies aliment\u00e0ries<\/title>\n<meta name=\"description\" content=\"Diferenciar entre una al\u00b7l\u00e8rgia i una intoler\u00e0ncia aliment\u00e0ria pels seus s\u00edmptomes, reaccions, detecci\u00f3, gen\u00e8tica, etc.\" \/>\n<meta name=\"robots\" content=\"index, follow, max-snippet:-1, max-image-preview:large, max-video-preview:-1\" \/>\n<link rel=\"canonical\" href=\"https:\/\/alter-entorn.com\/ca\/diferencies-entre-intolerancia-i-al%c2%b7lergia-alimentaria\/\" \/>\n<meta property=\"og:locale\" content=\"ca_ES\" \/>\n<meta property=\"og:type\" content=\"article\" \/>\n<meta property=\"og:title\" content=\"Difer\u00e8ncies entre intolerancies i al\u00b7l\u00e8rgies aliment\u00e0ries\" \/>\n<meta property=\"og:description\" content=\"Diferenciar entre una al\u00b7l\u00e8rgia i una intoler\u00e0ncia aliment\u00e0ria pels seus s\u00edmptomes, reaccions, detecci\u00f3, gen\u00e8tica, etc.\" \/>\n<meta property=\"og:url\" content=\"https:\/\/alter-entorn.com\/ca\/diferencies-entre-intolerancia-i-al%c2%b7lergia-alimentaria\/\" \/>\n<meta property=\"og:site_name\" content=\"alter-entorn\" \/>\n<meta property=\"article:publisher\" content=\"https:\/\/www.facebook.com\/alterentorn\/\" \/>\n<meta property=\"article:published_time\" content=\"2018-05-29T09:30:07+00:00\" \/>\n<meta property=\"og:image\" content=\"https:\/\/alter-entorn.com\/wp-content\/uploads\/2018\/05\/intolerancia-alergia-alimentaria.jpg\" \/>\n\t<meta property=\"og:image:width\" content=\"960\" \/>\n\t<meta property=\"og:image:height\" content=\"619\" \/>\n\t<meta property=\"og:image:type\" content=\"image\/jpeg\" \/>\n<meta name=\"author\" content=\"Comandes\" \/>\n<meta name=\"twitter:card\" content=\"summary_large_image\" \/>\n<meta name=\"twitter:creator\" content=\"@alterentorn\" \/>\n<meta name=\"twitter:site\" content=\"@alterentorn\" \/>\n<meta name=\"twitter:label1\" content=\"Escrit per\" \/>\n\t<meta name=\"twitter:data1\" content=\"Comandes\" \/>\n\t<meta name=\"twitter:label2\" content=\"Temps estimat de lectura\" \/>\n\t<meta name=\"twitter:data2\" content=\"4 minuts\" \/>\n<script type=\"application\/ld+json\" class=\"yoast-schema-graph\">{\"@context\":\"https:\\\/\\\/schema.org\",\"@graph\":[{\"@type\":\"Article\",\"@id\":\"https:\\\/\\\/alter-entorn.com\\\/ca\\\/diferencies-entre-intolerancia-i-al%c2%b7lergia-alimentaria\\\/#article\",\"isPartOf\":{\"@id\":\"https:\\\/\\\/alter-entorn.com\\\/ca\\\/diferencies-entre-intolerancia-i-al%c2%b7lergia-alimentaria\\\/\"},\"author\":{\"name\":\"Comandes\",\"@id\":\"https:\\\/\\\/alter-entorn.com\\\/ca\\\/#\\\/schema\\\/person\\\/038d634ba7da15974cd21b377dac47e7\"},\"headline\":\"DIFER\u00c8NCIES ENTRE INTOLER\u00c0NCIA I AL\u00b7L\u00c8RGIA ALIMENT\u00c0RIA\",\"datePublished\":\"2018-05-29T09:30:07+00:00\",\"mainEntityOfPage\":{\"@id\":\"https:\\\/\\\/alter-entorn.com\\\/ca\\\/diferencies-entre-intolerancia-i-al%c2%b7lergia-alimentaria\\\/\"},\"wordCount\":882,\"publisher\":{\"@id\":\"https:\\\/\\\/alter-entorn.com\\\/ca\\\/#organization\"},\"image\":{\"@id\":\"https:\\\/\\\/alter-entorn.com\\\/ca\\\/diferencies-entre-intolerancia-i-al%c2%b7lergia-alimentaria\\\/#primaryimage\"},\"thumbnailUrl\":\"https:\\\/\\\/alter-entorn.com\\\/wp-content\\\/uploads\\\/2018\\\/05\\\/intolerancia-alergia-alimentaria.jpg\",\"keywords\":[\"intolerancia alimentaria\",\"intolerancia gluten\",\"alergia alimentaria\",\"intolerancia vs alergia\",\"intolerancia lactosa\",\"intolerancies comunes\",\"alergies comunes\",\"simptomes alergia\",\"deteccio alergia\"],\"articleSection\":[\"SALUT I BENESTAR\"],\"inLanguage\":\"ca\"},{\"@type\":\"WebPage\",\"@id\":\"https:\\\/\\\/alter-entorn.com\\\/ca\\\/diferencies-entre-intolerancia-i-al%c2%b7lergia-alimentaria\\\/\",\"url\":\"https:\\\/\\\/alter-entorn.com\\\/ca\\\/diferencies-entre-intolerancia-i-al%c2%b7lergia-alimentaria\\\/\",\"name\":\"Difer\u00e8ncies entre intolerancies i al\u00b7l\u00e8rgies aliment\u00e0ries\",\"isPartOf\":{\"@id\":\"https:\\\/\\\/alter-entorn.com\\\/ca\\\/#website\"},\"primaryImageOfPage\":{\"@id\":\"https:\\\/\\\/alter-entorn.com\\\/ca\\\/diferencies-entre-intolerancia-i-al%c2%b7lergia-alimentaria\\\/#primaryimage\"},\"image\":{\"@id\":\"https:\\\/\\\/alter-entorn.com\\\/ca\\\/diferencies-entre-intolerancia-i-al%c2%b7lergia-alimentaria\\\/#primaryimage\"},\"thumbnailUrl\":\"https:\\\/\\\/alter-entorn.com\\\/wp-content\\\/uploads\\\/2018\\\/05\\\/intolerancia-alergia-alimentaria.jpg\",\"datePublished\":\"2018-05-29T09:30:07+00:00\",\"description\":\"Diferenciar entre una al\u00b7l\u00e8rgia i una intoler\u00e0ncia aliment\u00e0ria pels seus s\u00edmptomes, reaccions, detecci\u00f3, gen\u00e8tica, etc.\",\"breadcrumb\":{\"@id\":\"https:\\\/\\\/alter-entorn.com\\\/ca\\\/diferencies-entre-intolerancia-i-al%c2%b7lergia-alimentaria\\\/#breadcrumb\"},\"inLanguage\":\"ca\",\"potentialAction\":[{\"@type\":\"ReadAction\",\"target\":[\"https:\\\/\\\/alter-entorn.com\\\/ca\\\/diferencies-entre-intolerancia-i-al%c2%b7lergia-alimentaria\\\/\"]}]},{\"@type\":\"ImageObject\",\"inLanguage\":\"ca\",\"@id\":\"https:\\\/\\\/alter-entorn.com\\\/ca\\\/diferencies-entre-intolerancia-i-al%c2%b7lergia-alimentaria\\\/#primaryimage\",\"url\":\"https:\\\/\\\/alter-entorn.com\\\/wp-content\\\/uploads\\\/2018\\\/05\\\/intolerancia-alergia-alimentaria.jpg\",\"contentUrl\":\"https:\\\/\\\/alter-entorn.com\\\/wp-content\\\/uploads\\\/2018\\\/05\\\/intolerancia-alergia-alimentaria.jpg\",\"width\":960,\"height\":619,\"caption\":\"Diferencia entre alergia e intolerancia alimentaria\"},{\"@type\":\"BreadcrumbList\",\"@id\":\"https:\\\/\\\/alter-entorn.com\\\/ca\\\/diferencies-entre-intolerancia-i-al%c2%b7lergia-alimentaria\\\/#breadcrumb\",\"itemListElement\":[{\"@type\":\"ListItem\",\"position\":1,\"name\":\"Portada\",\"item\":\"https:\\\/\\\/alter-entorn.com\\\/ca\\\/\"},{\"@type\":\"ListItem\",\"position\":2,\"name\":\"DIFER\u00c8NCIES ENTRE INTOLER\u00c0NCIA I AL\u00b7L\u00c8RGIA ALIMENT\u00c0RIA\"}]},{\"@type\":\"WebSite\",\"@id\":\"https:\\\/\\\/alter-entorn.com\\\/ca\\\/#website\",\"url\":\"https:\\\/\\\/alter-entorn.com\\\/ca\\\/\",\"name\":\"alter-entorn\",\"description\":\"Soluciones Microbiol\u00f3gicas probi\u00f3ticos\",\"publisher\":{\"@id\":\"https:\\\/\\\/alter-entorn.com\\\/ca\\\/#organization\"},\"potentialAction\":[{\"@type\":\"SearchAction\",\"target\":{\"@type\":\"EntryPoint\",\"urlTemplate\":\"https:\\\/\\\/alter-entorn.com\\\/ca\\\/?s={search_term_string}\"},\"query-input\":{\"@type\":\"PropertyValueSpecification\",\"valueRequired\":true,\"valueName\":\"search_term_string\"}}],\"inLanguage\":\"ca\"},{\"@type\":\"Organization\",\"@id\":\"https:\\\/\\\/alter-entorn.com\\\/ca\\\/#organization\",\"name\":\"alter-entorn\",\"url\":\"https:\\\/\\\/alter-entorn.com\\\/ca\\\/\",\"logo\":{\"@type\":\"ImageObject\",\"inLanguage\":\"ca\",\"@id\":\"https:\\\/\\\/alter-entorn.com\\\/ca\\\/#\\\/schema\\\/logo\\\/image\\\/\",\"url\":\"https:\\\/\\\/alter-entorn.com\\\/wp-content\\\/uploads\\\/2018\\\/10\\\/logo_alter_entorn-sin-texto-1.png\",\"contentUrl\":\"https:\\\/\\\/alter-entorn.com\\\/wp-content\\\/uploads\\\/2018\\\/10\\\/logo_alter_entorn-sin-texto-1.png\",\"width\":246,\"height\":68,\"caption\":\"alter-entorn\"},\"image\":{\"@id\":\"https:\\\/\\\/alter-entorn.com\\\/ca\\\/#\\\/schema\\\/logo\\\/image\\\/\"},\"sameAs\":[\"https:\\\/\\\/www.facebook.com\\\/alterentorn\\\/\",\"https:\\\/\\\/x.com\\\/alterentorn\"]},{\"@type\":\"Person\",\"@id\":\"https:\\\/\\\/alter-entorn.com\\\/ca\\\/#\\\/schema\\\/person\\\/038d634ba7da15974cd21b377dac47e7\",\"name\":\"Comandes\"}]}<\/script>\n<!-- \/ Yoast SEO plugin. -->","yoast_head_json":{"title":"Difer\u00e8ncies entre intolerancies i al\u00b7l\u00e8rgies aliment\u00e0ries","description":"Diferenciar entre una al\u00b7l\u00e8rgia i una intoler\u00e0ncia aliment\u00e0ria pels seus s\u00edmptomes, reaccions, detecci\u00f3, gen\u00e8tica, etc.","robots":{"index":"index","follow":"follow","max-snippet":"max-snippet:-1","max-image-preview":"max-image-preview:large","max-video-preview":"max-video-preview:-1"},"canonical":"https:\/\/alter-entorn.com\/ca\/diferencies-entre-intolerancia-i-al%c2%b7lergia-alimentaria\/","og_locale":"ca_ES","og_type":"article","og_title":"Difer\u00e8ncies entre intolerancies i al\u00b7l\u00e8rgies aliment\u00e0ries","og_description":"Diferenciar entre una al\u00b7l\u00e8rgia i una intoler\u00e0ncia aliment\u00e0ria pels seus s\u00edmptomes, reaccions, detecci\u00f3, gen\u00e8tica, etc.","og_url":"https:\/\/alter-entorn.com\/ca\/diferencies-entre-intolerancia-i-al%c2%b7lergia-alimentaria\/","og_site_name":"alter-entorn","article_publisher":"https:\/\/www.facebook.com\/alterentorn\/","article_published_time":"2018-05-29T09:30:07+00:00","og_image":[{"width":960,"height":619,"url":"https:\/\/alter-entorn.com\/wp-content\/uploads\/2018\/05\/intolerancia-alergia-alimentaria.jpg","type":"image\/jpeg"}],"author":"Comandes","twitter_card":"summary_large_image","twitter_creator":"@alterentorn","twitter_site":"@alterentorn","twitter_misc":{"Escrit per":"Comandes","Temps estimat de lectura":"4 minuts"},"schema":{"@context":"https:\/\/schema.org","@graph":[{"@type":"Article","@id":"https:\/\/alter-entorn.com\/ca\/diferencies-entre-intolerancia-i-al%c2%b7lergia-alimentaria\/#article","isPartOf":{"@id":"https:\/\/alter-entorn.com\/ca\/diferencies-entre-intolerancia-i-al%c2%b7lergia-alimentaria\/"},"author":{"name":"Comandes","@id":"https:\/\/alter-entorn.com\/ca\/#\/schema\/person\/038d634ba7da15974cd21b377dac47e7"},"headline":"DIFER\u00c8NCIES ENTRE INTOLER\u00c0NCIA I AL\u00b7L\u00c8RGIA ALIMENT\u00c0RIA","datePublished":"2018-05-29T09:30:07+00:00","mainEntityOfPage":{"@id":"https:\/\/alter-entorn.com\/ca\/diferencies-entre-intolerancia-i-al%c2%b7lergia-alimentaria\/"},"wordCount":882,"publisher":{"@id":"https:\/\/alter-entorn.com\/ca\/#organization"},"image":{"@id":"https:\/\/alter-entorn.com\/ca\/diferencies-entre-intolerancia-i-al%c2%b7lergia-alimentaria\/#primaryimage"},"thumbnailUrl":"https:\/\/alter-entorn.com\/wp-content\/uploads\/2018\/05\/intolerancia-alergia-alimentaria.jpg","keywords":["intolerancia alimentaria","intolerancia gluten","alergia alimentaria","intolerancia vs alergia","intolerancia lactosa","intolerancies comunes","alergies comunes","simptomes alergia","deteccio alergia"],"articleSection":["SALUT I BENESTAR"],"inLanguage":"ca"},{"@type":"WebPage","@id":"https:\/\/alter-entorn.com\/ca\/diferencies-entre-intolerancia-i-al%c2%b7lergia-alimentaria\/","url":"https:\/\/alter-entorn.com\/ca\/diferencies-entre-intolerancia-i-al%c2%b7lergia-alimentaria\/","name":"Difer\u00e8ncies entre intolerancies i al\u00b7l\u00e8rgies aliment\u00e0ries","isPartOf":{"@id":"https:\/\/alter-entorn.com\/ca\/#website"},"primaryImageOfPage":{"@id":"https:\/\/alter-entorn.com\/ca\/diferencies-entre-intolerancia-i-al%c2%b7lergia-alimentaria\/#primaryimage"},"image":{"@id":"https:\/\/alter-entorn.com\/ca\/diferencies-entre-intolerancia-i-al%c2%b7lergia-alimentaria\/#primaryimage"},"thumbnailUrl":"https:\/\/alter-entorn.com\/wp-content\/uploads\/2018\/05\/intolerancia-alergia-alimentaria.jpg","datePublished":"2018-05-29T09:30:07+00:00","description":"Diferenciar entre una al\u00b7l\u00e8rgia i una intoler\u00e0ncia aliment\u00e0ria pels seus s\u00edmptomes, reaccions, detecci\u00f3, gen\u00e8tica, etc.","breadcrumb":{"@id":"https:\/\/alter-entorn.com\/ca\/diferencies-entre-intolerancia-i-al%c2%b7lergia-alimentaria\/#breadcrumb"},"inLanguage":"ca","potentialAction":[{"@type":"ReadAction","target":["https:\/\/alter-entorn.com\/ca\/diferencies-entre-intolerancia-i-al%c2%b7lergia-alimentaria\/"]}]},{"@type":"ImageObject","inLanguage":"ca","@id":"https:\/\/alter-entorn.com\/ca\/diferencies-entre-intolerancia-i-al%c2%b7lergia-alimentaria\/#primaryimage","url":"https:\/\/alter-entorn.com\/wp-content\/uploads\/2018\/05\/intolerancia-alergia-alimentaria.jpg","contentUrl":"https:\/\/alter-entorn.com\/wp-content\/uploads\/2018\/05\/intolerancia-alergia-alimentaria.jpg","width":960,"height":619,"caption":"Diferencia entre alergia e intolerancia alimentaria"},{"@type":"BreadcrumbList","@id":"https:\/\/alter-entorn.com\/ca\/diferencies-entre-intolerancia-i-al%c2%b7lergia-alimentaria\/#breadcrumb","itemListElement":[{"@type":"ListItem","position":1,"name":"Portada","item":"https:\/\/alter-entorn.com\/ca\/"},{"@type":"ListItem","position":2,"name":"DIFER\u00c8NCIES ENTRE INTOLER\u00c0NCIA I AL\u00b7L\u00c8RGIA ALIMENT\u00c0RIA"}]},{"@type":"WebSite","@id":"https:\/\/alter-entorn.com\/ca\/#website","url":"https:\/\/alter-entorn.com\/ca\/","name":"alter-entorn","description":"Soluciones Microbiol\u00f3gicas probi\u00f3ticos","publisher":{"@id":"https:\/\/alter-entorn.com\/ca\/#organization"},"potentialAction":[{"@type":"SearchAction","target":{"@type":"EntryPoint","urlTemplate":"https:\/\/alter-entorn.com\/ca\/?s={search_term_string}"},"query-input":{"@type":"PropertyValueSpecification","valueRequired":true,"valueName":"search_term_string"}}],"inLanguage":"ca"},{"@type":"Organization","@id":"https:\/\/alter-entorn.com\/ca\/#organization","name":"alter-entorn","url":"https:\/\/alter-entorn.com\/ca\/","logo":{"@type":"ImageObject","inLanguage":"ca","@id":"https:\/\/alter-entorn.com\/ca\/#\/schema\/logo\/image\/","url":"https:\/\/alter-entorn.com\/wp-content\/uploads\/2018\/10\/logo_alter_entorn-sin-texto-1.png","contentUrl":"https:\/\/alter-entorn.com\/wp-content\/uploads\/2018\/10\/logo_alter_entorn-sin-texto-1.png","width":246,"height":68,"caption":"alter-entorn"},"image":{"@id":"https:\/\/alter-entorn.com\/ca\/#\/schema\/logo\/image\/"},"sameAs":["https:\/\/www.facebook.com\/alterentorn\/","https:\/\/x.com\/alterentorn"]},{"@type":"Person","@id":"https:\/\/alter-entorn.com\/ca\/#\/schema\/person\/038d634ba7da15974cd21b377dac47e7","name":"Comandes"}]}},"_links":{"self":[{"href":"https:\/\/alter-entorn.com\/ca\/wp-json\/wp\/v2\/posts\/5450","targetHints":{"allow":["GET"]}}],"collection":[{"href":"https:\/\/alter-entorn.com\/ca\/wp-json\/wp\/v2\/posts"}],"about":[{"href":"https:\/\/alter-entorn.com\/ca\/wp-json\/wp\/v2\/types\/post"}],"author":[{"embeddable":true,"href":"https:\/\/alter-entorn.com\/ca\/wp-json\/wp\/v2\/users\/3"}],"replies":[{"embeddable":true,"href":"https:\/\/alter-entorn.com\/ca\/wp-json\/wp\/v2\/comments?post=5450"}],"version-history":[{"count":0,"href":"https:\/\/alter-entorn.com\/ca\/wp-json\/wp\/v2\/posts\/5450\/revisions"}],"wp:featuredmedia":[{"embeddable":true,"href":"https:\/\/alter-entorn.com\/ca\/wp-json\/wp\/v2\/media\/5443"}],"wp:attachment":[{"href":"https:\/\/alter-entorn.com\/ca\/wp-json\/wp\/v2\/media?parent=5450"}],"wp:term":[{"taxonomy":"category","embeddable":true,"href":"https:\/\/alter-entorn.com\/ca\/wp-json\/wp\/v2\/categories?post=5450"},{"taxonomy":"post_tag","embeddable":true,"href":"https:\/\/alter-entorn.com\/ca\/wp-json\/wp\/v2\/tags?post=5450"}],"curies":[{"name":"wp","href":"https:\/\/api.w.org\/{rel}","templated":true}]}}