{"id":5531,"date":"2018-06-04T11:41:12","date_gmt":"2018-06-04T09:41:12","guid":{"rendered":"http:\/\/alter-entorn.com\/10-primers-passos-per-reduir-el-consum-de-plastic\/"},"modified":"2018-06-04T11:44:59","modified_gmt":"2018-06-04T09:44:59","slug":"10-primers-passos-per-reduir-el-consum-de-plastic","status":"publish","type":"post","link":"https:\/\/alter-entorn.com\/ca\/10-primers-passos-per-reduir-el-consum-de-plastic\/","title":{"rendered":"10 PRIMERS PASSOS PER REDUIR EL CONSUM DE PL\u00c0STIC"},"content":{"rendered":"<h2><strong>Consells senzills que ens ajudaran a reduir la gran quantitat de pl\u00e0stic que generem<\/strong><\/h2>\n<p>&nbsp;<\/p>\n<h2><!--more--><\/h2>\n<p>La societat actual est\u00e0 immersa en pl\u00e0stic. Volem anar m\u00e9s r\u00e0pid, fer menys esfor\u00e7os i tenir el millor preu, i el pl\u00e0stic \u00e9s un material perfecte per acomplir aquestes necessitats. Se n\u2019est\u00e0 fent un \u00fas completament abusiu, mireu al vostre voltant i comproveu quants objectes de pl\u00e0stic teniu a la vora.<\/p>\n<p>Per molt que el separem i el dipositem al contenidor corresponent, <strong>en molts casos el pl\u00e0stic no es pot reciclar o nom\u00e9s es pot fer amb un procediment molt cost\u00f3s<\/strong> que no surt a compte a les empreses. Per aix\u00f2, se n\u2019acumula una gran quantitat que afecta al nostre medi i que sovint, fa cap al mar afectant tamb\u00e9 altres esp\u00e8cies.<\/p>\n<p>Les acumulacions de residus als abocadors, les deixalles en plena natura i al mar, perjudiquen la salut de molts animals i plantes. La vegetaci\u00f3 absorbeix les subst\u00e0ncies nocives que es desprenen del pl\u00e0stic, i molts animals l\u2019ingereixen pensant que \u00e9s menjar o hi queden atrapats causant-los-hi fins i tot la mort. Tamb\u00e9 en molts casos \u00e9s perjudicial per nosaltres, ja que cada vegada m\u00e9s estudis demostren que <strong>els aliments envasats sovint contenen part\u00edcules nocives que ens provoquen trastorns i malalties a la llarga.<\/strong><\/p>\n<p>Per exemple, sabem que moltes de les llaunes de conserva i de refrescos que utilitzem, aix\u00ed com molts envasos de pl\u00e0stic, contenen Bisfenol A. Es tracta d\u2019un t\u00f2xic que est\u00e0 relacionat amb problemes del sistema hormonal que poden arribar a ser tant greus com el c\u00e0ncer de mama.<\/p>\n<p>A m\u00e9s, altres problemes socials com l\u2019extracci\u00f3 de petroli indiscriminada es deriven de la fabricaci\u00f3 del pl\u00e0stic. Aix\u00ed doncs, creiem que ens sobren motius per intentar reduir-ne el seu consum excessiu.<\/p>\n<p>\u00c9s molt dif\u00edcil eliminar-lo de les nostres vides ja que en consumim molt i, en alguns casos \u00e9s el material m\u00e9s adequat, per\u00f2 si que podem reduir-ne considerablement l\u2019\u00fas amb accions tant f\u00e0cils com aquestes:<\/p>\n<ol>\n<li><strong>Eliminem de la nostra vida canyetes, coberts, gots i plats de pl\u00e0stic.<\/strong><\/li>\n<li><strong>Sempre que puguem, comprem el menjar a granel.<\/strong> Fruites i verdures fresques principalment, per\u00f2 tamb\u00e9 podem comprar els llegums i tenir-los en pots de vidre reutilitzables a casa, per exemple.<\/li>\n<li><strong>Utilitzem bosses de compra reutilitzables, a poder ser de tela.<\/strong> Intentem portar-ne sempre al cotxe o a la bossa per no haver de comprar-ne mai.<\/li>\n<li><strong>Si un mateix producte es ven en diferents formats, triem sempre el vidre o el paper abans que el pl\u00e0stic.<\/strong> Per exemple, els sucs de fruites es poden comprar en molts casos en botelles de vidre enlloc de brics.<\/li>\n<li><strong>Escollim sempre els envasos m\u00e9s grans i evitem els formats individuals.<\/strong> Hi ha molts productes que es venen envasats en pl\u00e0stic, com per exemple algunes galetes, i que despr\u00e9s tenen un altre env\u00e0s individual per cada una d\u2019elles que \u00e9s totalment innecessari. De la mateixa manera, si podem escollir entre un format de quilo i un de mig, triem sempre el m\u00e9s gran que ens durar\u00e0 m\u00e9s.<\/li>\n<li><strong>Substitu\u00efm el paper d\u2019alumini dels entrepans per una funda de tela, un env\u00e0s de vidre o pl\u00e0stic reutilitzable.<\/strong> Els que cada dia portem l\u2019esmorzar a la feina, consumim una gran quantitat de paper d\u2019alumini que no \u00e9s necessari.<\/li>\n<li><strong>Si en tenim l\u2019opci\u00f3, utilitzem envasos reutilitzables.<\/strong> Tot i que aquesta pr\u00e0ctica s\u2019ha perdut molt,\u00a0 en algunes localitats s\u2019est\u00e0 recuperant, comprova si ho pots fer a la teva: llet fresca, gasoses, sifons, vins&#8230;<\/li>\n<li><strong>Anem canviant els estris de cuina de pl\u00e0stic per fusta<\/strong> a mesura que es fan malb\u00e9, aix\u00ed com les carmanyoles de pl\u00e0stic per vidre o acer.<\/li>\n<li><strong>Portem la bossa del pa.<\/strong> Si cada dia anem a comprar pa al mat\u00ed, utilitzem una bossa de roba i estalviem el pl\u00e0stic o paper del forn que va directe a la brossa.<\/li>\n<li><strong>Intentem substituir l\u2019aigua embotellada per la de l\u2019aixeta.<\/strong> Podem instal\u00b7lar un descalcificador i filtres per consumir l\u2019aigua corrent amb seguretat, i guardar-la en una gerra de vidre a casa i ampolles d\u2019acer per prendre a l\u2019exterior.<\/li>\n<\/ol>\n<p>&nbsp;<\/p>\n","protected":false},"excerpt":{"rendered":"<p>Consells senzills que ens ajudaran a reduir la gran quantitat de pl\u00e0stic que generem &nbsp;<\/p>\n","protected":false},"author":3,"featured_media":5526,"comment_status":"closed","ping_status":"closed","sticky":false,"template":"","format":"standard","meta":{"_joinchat":[],"footnotes":""},"categories":[3294],"tags":[1745,1746,1747,1748,1749,1750],"class_list":["post-5531","post","type-post","status-publish","format-standard","has-post-thumbnail","hentry","category-compost-hort-jardi","tag-consells-reciclatge","tag-compra-a-granel-ca","tag-residus-plastic","tag-consum-plastic","tag-reciclar-plastic","tag-envasos-plastic"],"yoast_head":"<!-- This site is optimized with the Yoast SEO plugin v27.4 - https:\/\/yoast.com\/product\/yoast-seo-wordpress\/ -->\n<title>10 Primers passos per reduir el consum de pl\u00e0stic<\/title>\n<meta name=\"description\" content=\"Consells per reduir la gran quantitat de residus de pl\u00e0stic que generem a diari: comprar a granel, utilitzar bosses reutilitzables, etc.\" \/>\n<meta name=\"robots\" content=\"index, follow, max-snippet:-1, max-image-preview:large, max-video-preview:-1\" \/>\n<link rel=\"canonical\" href=\"https:\/\/alter-entorn.com\/ca\/10-primers-passos-per-reduir-el-consum-de-plastic\/\" \/>\n<meta property=\"og:locale\" content=\"ca_ES\" \/>\n<meta property=\"og:type\" content=\"article\" \/>\n<meta property=\"og:title\" content=\"10 Primers passos per reduir el consum de pl\u00e0stic\" \/>\n<meta property=\"og:description\" content=\"Consells per reduir la gran quantitat de residus de pl\u00e0stic que generem a diari: comprar a granel, utilitzar bosses reutilitzables, etc.\" \/>\n<meta property=\"og:url\" content=\"https:\/\/alter-entorn.com\/ca\/10-primers-passos-per-reduir-el-consum-de-plastic\/\" \/>\n<meta property=\"og:site_name\" content=\"alter-entorn\" \/>\n<meta property=\"article:publisher\" content=\"https:\/\/www.facebook.com\/alterentorn\/\" \/>\n<meta property=\"article:published_time\" content=\"2018-06-04T09:41:12+00:00\" \/>\n<meta property=\"article:modified_time\" content=\"2018-06-04T09:44:59+00:00\" \/>\n<meta property=\"og:image\" content=\"https:\/\/alter-entorn.com\/wp-content\/uploads\/2018\/06\/reducir-consumo-plastico.jpg\" \/>\n\t<meta property=\"og:image:width\" content=\"960\" \/>\n\t<meta property=\"og:image:height\" content=\"541\" \/>\n\t<meta property=\"og:image:type\" content=\"image\/jpeg\" \/>\n<meta name=\"author\" content=\"Comandes\" \/>\n<meta name=\"twitter:card\" content=\"summary_large_image\" \/>\n<meta name=\"twitter:creator\" content=\"@alterentorn\" \/>\n<meta name=\"twitter:site\" content=\"@alterentorn\" \/>\n<meta name=\"twitter:label1\" content=\"Escrit per\" \/>\n\t<meta name=\"twitter:data1\" content=\"Comandes\" \/>\n\t<meta name=\"twitter:label2\" content=\"Temps estimat de lectura\" \/>\n\t<meta name=\"twitter:data2\" content=\"4 minuts\" \/>\n<script type=\"application\/ld+json\" class=\"yoast-schema-graph\">{\"@context\":\"https:\\\/\\\/schema.org\",\"@graph\":[{\"@type\":\"Article\",\"@id\":\"https:\\\/\\\/alter-entorn.com\\\/ca\\\/10-primers-passos-per-reduir-el-consum-de-plastic\\\/#article\",\"isPartOf\":{\"@id\":\"https:\\\/\\\/alter-entorn.com\\\/ca\\\/10-primers-passos-per-reduir-el-consum-de-plastic\\\/\"},\"author\":{\"name\":\"Comandes\",\"@id\":\"https:\\\/\\\/alter-entorn.com\\\/ca\\\/#\\\/schema\\\/person\\\/038d634ba7da15974cd21b377dac47e7\"},\"headline\":\"10 PRIMERS PASSOS PER REDUIR EL CONSUM DE PL\u00c0STIC\",\"datePublished\":\"2018-06-04T09:41:12+00:00\",\"dateModified\":\"2018-06-04T09:44:59+00:00\",\"mainEntityOfPage\":{\"@id\":\"https:\\\/\\\/alter-entorn.com\\\/ca\\\/10-primers-passos-per-reduir-el-consum-de-plastic\\\/\"},\"wordCount\":730,\"publisher\":{\"@id\":\"https:\\\/\\\/alter-entorn.com\\\/ca\\\/#organization\"},\"image\":{\"@id\":\"https:\\\/\\\/alter-entorn.com\\\/ca\\\/10-primers-passos-per-reduir-el-consum-de-plastic\\\/#primaryimage\"},\"thumbnailUrl\":\"https:\\\/\\\/alter-entorn.com\\\/wp-content\\\/uploads\\\/2018\\\/06\\\/reducir-consumo-plastico.jpg\",\"keywords\":[\"consells reciclatge\",\"compra a granel\",\"residus pl\u00e0stic\",\"consum pl\u00e0stic\",\"reciclar pl\u00e0stic\",\"envasos pl\u00e0stic\"],\"articleSection\":[\"COMPOST, HORT I JARD\u00cd\"],\"inLanguage\":\"ca\"},{\"@type\":\"WebPage\",\"@id\":\"https:\\\/\\\/alter-entorn.com\\\/ca\\\/10-primers-passos-per-reduir-el-consum-de-plastic\\\/\",\"url\":\"https:\\\/\\\/alter-entorn.com\\\/ca\\\/10-primers-passos-per-reduir-el-consum-de-plastic\\\/\",\"name\":\"10 Primers passos per reduir el consum de pl\u00e0stic\",\"isPartOf\":{\"@id\":\"https:\\\/\\\/alter-entorn.com\\\/ca\\\/#website\"},\"primaryImageOfPage\":{\"@id\":\"https:\\\/\\\/alter-entorn.com\\\/ca\\\/10-primers-passos-per-reduir-el-consum-de-plastic\\\/#primaryimage\"},\"image\":{\"@id\":\"https:\\\/\\\/alter-entorn.com\\\/ca\\\/10-primers-passos-per-reduir-el-consum-de-plastic\\\/#primaryimage\"},\"thumbnailUrl\":\"https:\\\/\\\/alter-entorn.com\\\/wp-content\\\/uploads\\\/2018\\\/06\\\/reducir-consumo-plastico.jpg\",\"datePublished\":\"2018-06-04T09:41:12+00:00\",\"dateModified\":\"2018-06-04T09:44:59+00:00\",\"description\":\"Consells per reduir la gran quantitat de residus de pl\u00e0stic que generem a diari: comprar a granel, utilitzar bosses reutilitzables, etc.\",\"breadcrumb\":{\"@id\":\"https:\\\/\\\/alter-entorn.com\\\/ca\\\/10-primers-passos-per-reduir-el-consum-de-plastic\\\/#breadcrumb\"},\"inLanguage\":\"ca\",\"potentialAction\":[{\"@type\":\"ReadAction\",\"target\":[\"https:\\\/\\\/alter-entorn.com\\\/ca\\\/10-primers-passos-per-reduir-el-consum-de-plastic\\\/\"]}]},{\"@type\":\"ImageObject\",\"inLanguage\":\"ca\",\"@id\":\"https:\\\/\\\/alter-entorn.com\\\/ca\\\/10-primers-passos-per-reduir-el-consum-de-plastic\\\/#primaryimage\",\"url\":\"https:\\\/\\\/alter-entorn.com\\\/wp-content\\\/uploads\\\/2018\\\/06\\\/reducir-consumo-plastico.jpg\",\"contentUrl\":\"https:\\\/\\\/alter-entorn.com\\\/wp-content\\\/uploads\\\/2018\\\/06\\\/reducir-consumo-plastico.jpg\",\"width\":960,\"height\":541,\"caption\":\"Ideas para reducir el consumo de pl\u00e1stico\"},{\"@type\":\"BreadcrumbList\",\"@id\":\"https:\\\/\\\/alter-entorn.com\\\/ca\\\/10-primers-passos-per-reduir-el-consum-de-plastic\\\/#breadcrumb\",\"itemListElement\":[{\"@type\":\"ListItem\",\"position\":1,\"name\":\"Portada\",\"item\":\"https:\\\/\\\/alter-entorn.com\\\/ca\\\/\"},{\"@type\":\"ListItem\",\"position\":2,\"name\":\"10 PRIMERS PASSOS PER REDUIR EL CONSUM DE PL\u00c0STIC\"}]},{\"@type\":\"WebSite\",\"@id\":\"https:\\\/\\\/alter-entorn.com\\\/ca\\\/#website\",\"url\":\"https:\\\/\\\/alter-entorn.com\\\/ca\\\/\",\"name\":\"alter-entorn\",\"description\":\"Soluciones Microbiol\u00f3gicas probi\u00f3ticos\",\"publisher\":{\"@id\":\"https:\\\/\\\/alter-entorn.com\\\/ca\\\/#organization\"},\"potentialAction\":[{\"@type\":\"SearchAction\",\"target\":{\"@type\":\"EntryPoint\",\"urlTemplate\":\"https:\\\/\\\/alter-entorn.com\\\/ca\\\/?s={search_term_string}\"},\"query-input\":{\"@type\":\"PropertyValueSpecification\",\"valueRequired\":true,\"valueName\":\"search_term_string\"}}],\"inLanguage\":\"ca\"},{\"@type\":\"Organization\",\"@id\":\"https:\\\/\\\/alter-entorn.com\\\/ca\\\/#organization\",\"name\":\"alter-entorn\",\"url\":\"https:\\\/\\\/alter-entorn.com\\\/ca\\\/\",\"logo\":{\"@type\":\"ImageObject\",\"inLanguage\":\"ca\",\"@id\":\"https:\\\/\\\/alter-entorn.com\\\/ca\\\/#\\\/schema\\\/logo\\\/image\\\/\",\"url\":\"https:\\\/\\\/alter-entorn.com\\\/wp-content\\\/uploads\\\/2018\\\/10\\\/logo_alter_entorn-sin-texto-1.png\",\"contentUrl\":\"https:\\\/\\\/alter-entorn.com\\\/wp-content\\\/uploads\\\/2018\\\/10\\\/logo_alter_entorn-sin-texto-1.png\",\"width\":246,\"height\":68,\"caption\":\"alter-entorn\"},\"image\":{\"@id\":\"https:\\\/\\\/alter-entorn.com\\\/ca\\\/#\\\/schema\\\/logo\\\/image\\\/\"},\"sameAs\":[\"https:\\\/\\\/www.facebook.com\\\/alterentorn\\\/\",\"https:\\\/\\\/x.com\\\/alterentorn\"]},{\"@type\":\"Person\",\"@id\":\"https:\\\/\\\/alter-entorn.com\\\/ca\\\/#\\\/schema\\\/person\\\/038d634ba7da15974cd21b377dac47e7\",\"name\":\"Comandes\"}]}<\/script>\n<!-- \/ Yoast SEO plugin. -->","yoast_head_json":{"title":"10 Primers passos per reduir el consum de pl\u00e0stic","description":"Consells per reduir la gran quantitat de residus de pl\u00e0stic que generem a diari: comprar a granel, utilitzar bosses reutilitzables, etc.","robots":{"index":"index","follow":"follow","max-snippet":"max-snippet:-1","max-image-preview":"max-image-preview:large","max-video-preview":"max-video-preview:-1"},"canonical":"https:\/\/alter-entorn.com\/ca\/10-primers-passos-per-reduir-el-consum-de-plastic\/","og_locale":"ca_ES","og_type":"article","og_title":"10 Primers passos per reduir el consum de pl\u00e0stic","og_description":"Consells per reduir la gran quantitat de residus de pl\u00e0stic que generem a diari: comprar a granel, utilitzar bosses reutilitzables, etc.","og_url":"https:\/\/alter-entorn.com\/ca\/10-primers-passos-per-reduir-el-consum-de-plastic\/","og_site_name":"alter-entorn","article_publisher":"https:\/\/www.facebook.com\/alterentorn\/","article_published_time":"2018-06-04T09:41:12+00:00","article_modified_time":"2018-06-04T09:44:59+00:00","og_image":[{"width":960,"height":541,"url":"https:\/\/alter-entorn.com\/wp-content\/uploads\/2018\/06\/reducir-consumo-plastico.jpg","type":"image\/jpeg"}],"author":"Comandes","twitter_card":"summary_large_image","twitter_creator":"@alterentorn","twitter_site":"@alterentorn","twitter_misc":{"Escrit per":"Comandes","Temps estimat de lectura":"4 minuts"},"schema":{"@context":"https:\/\/schema.org","@graph":[{"@type":"Article","@id":"https:\/\/alter-entorn.com\/ca\/10-primers-passos-per-reduir-el-consum-de-plastic\/#article","isPartOf":{"@id":"https:\/\/alter-entorn.com\/ca\/10-primers-passos-per-reduir-el-consum-de-plastic\/"},"author":{"name":"Comandes","@id":"https:\/\/alter-entorn.com\/ca\/#\/schema\/person\/038d634ba7da15974cd21b377dac47e7"},"headline":"10 PRIMERS PASSOS PER REDUIR EL CONSUM DE PL\u00c0STIC","datePublished":"2018-06-04T09:41:12+00:00","dateModified":"2018-06-04T09:44:59+00:00","mainEntityOfPage":{"@id":"https:\/\/alter-entorn.com\/ca\/10-primers-passos-per-reduir-el-consum-de-plastic\/"},"wordCount":730,"publisher":{"@id":"https:\/\/alter-entorn.com\/ca\/#organization"},"image":{"@id":"https:\/\/alter-entorn.com\/ca\/10-primers-passos-per-reduir-el-consum-de-plastic\/#primaryimage"},"thumbnailUrl":"https:\/\/alter-entorn.com\/wp-content\/uploads\/2018\/06\/reducir-consumo-plastico.jpg","keywords":["consells reciclatge","compra a granel","residus pl\u00e0stic","consum pl\u00e0stic","reciclar pl\u00e0stic","envasos pl\u00e0stic"],"articleSection":["COMPOST, HORT I JARD\u00cd"],"inLanguage":"ca"},{"@type":"WebPage","@id":"https:\/\/alter-entorn.com\/ca\/10-primers-passos-per-reduir-el-consum-de-plastic\/","url":"https:\/\/alter-entorn.com\/ca\/10-primers-passos-per-reduir-el-consum-de-plastic\/","name":"10 Primers passos per reduir el consum de pl\u00e0stic","isPartOf":{"@id":"https:\/\/alter-entorn.com\/ca\/#website"},"primaryImageOfPage":{"@id":"https:\/\/alter-entorn.com\/ca\/10-primers-passos-per-reduir-el-consum-de-plastic\/#primaryimage"},"image":{"@id":"https:\/\/alter-entorn.com\/ca\/10-primers-passos-per-reduir-el-consum-de-plastic\/#primaryimage"},"thumbnailUrl":"https:\/\/alter-entorn.com\/wp-content\/uploads\/2018\/06\/reducir-consumo-plastico.jpg","datePublished":"2018-06-04T09:41:12+00:00","dateModified":"2018-06-04T09:44:59+00:00","description":"Consells per reduir la gran quantitat de residus de pl\u00e0stic que generem a diari: comprar a granel, utilitzar bosses reutilitzables, etc.","breadcrumb":{"@id":"https:\/\/alter-entorn.com\/ca\/10-primers-passos-per-reduir-el-consum-de-plastic\/#breadcrumb"},"inLanguage":"ca","potentialAction":[{"@type":"ReadAction","target":["https:\/\/alter-entorn.com\/ca\/10-primers-passos-per-reduir-el-consum-de-plastic\/"]}]},{"@type":"ImageObject","inLanguage":"ca","@id":"https:\/\/alter-entorn.com\/ca\/10-primers-passos-per-reduir-el-consum-de-plastic\/#primaryimage","url":"https:\/\/alter-entorn.com\/wp-content\/uploads\/2018\/06\/reducir-consumo-plastico.jpg","contentUrl":"https:\/\/alter-entorn.com\/wp-content\/uploads\/2018\/06\/reducir-consumo-plastico.jpg","width":960,"height":541,"caption":"Ideas para reducir el consumo de pl\u00e1stico"},{"@type":"BreadcrumbList","@id":"https:\/\/alter-entorn.com\/ca\/10-primers-passos-per-reduir-el-consum-de-plastic\/#breadcrumb","itemListElement":[{"@type":"ListItem","position":1,"name":"Portada","item":"https:\/\/alter-entorn.com\/ca\/"},{"@type":"ListItem","position":2,"name":"10 PRIMERS PASSOS PER REDUIR EL CONSUM DE PL\u00c0STIC"}]},{"@type":"WebSite","@id":"https:\/\/alter-entorn.com\/ca\/#website","url":"https:\/\/alter-entorn.com\/ca\/","name":"alter-entorn","description":"Soluciones Microbiol\u00f3gicas probi\u00f3ticos","publisher":{"@id":"https:\/\/alter-entorn.com\/ca\/#organization"},"potentialAction":[{"@type":"SearchAction","target":{"@type":"EntryPoint","urlTemplate":"https:\/\/alter-entorn.com\/ca\/?s={search_term_string}"},"query-input":{"@type":"PropertyValueSpecification","valueRequired":true,"valueName":"search_term_string"}}],"inLanguage":"ca"},{"@type":"Organization","@id":"https:\/\/alter-entorn.com\/ca\/#organization","name":"alter-entorn","url":"https:\/\/alter-entorn.com\/ca\/","logo":{"@type":"ImageObject","inLanguage":"ca","@id":"https:\/\/alter-entorn.com\/ca\/#\/schema\/logo\/image\/","url":"https:\/\/alter-entorn.com\/wp-content\/uploads\/2018\/10\/logo_alter_entorn-sin-texto-1.png","contentUrl":"https:\/\/alter-entorn.com\/wp-content\/uploads\/2018\/10\/logo_alter_entorn-sin-texto-1.png","width":246,"height":68,"caption":"alter-entorn"},"image":{"@id":"https:\/\/alter-entorn.com\/ca\/#\/schema\/logo\/image\/"},"sameAs":["https:\/\/www.facebook.com\/alterentorn\/","https:\/\/x.com\/alterentorn"]},{"@type":"Person","@id":"https:\/\/alter-entorn.com\/ca\/#\/schema\/person\/038d634ba7da15974cd21b377dac47e7","name":"Comandes"}]}},"_links":{"self":[{"href":"https:\/\/alter-entorn.com\/ca\/wp-json\/wp\/v2\/posts\/5531","targetHints":{"allow":["GET"]}}],"collection":[{"href":"https:\/\/alter-entorn.com\/ca\/wp-json\/wp\/v2\/posts"}],"about":[{"href":"https:\/\/alter-entorn.com\/ca\/wp-json\/wp\/v2\/types\/post"}],"author":[{"embeddable":true,"href":"https:\/\/alter-entorn.com\/ca\/wp-json\/wp\/v2\/users\/3"}],"replies":[{"embeddable":true,"href":"https:\/\/alter-entorn.com\/ca\/wp-json\/wp\/v2\/comments?post=5531"}],"version-history":[{"count":0,"href":"https:\/\/alter-entorn.com\/ca\/wp-json\/wp\/v2\/posts\/5531\/revisions"}],"wp:featuredmedia":[{"embeddable":true,"href":"https:\/\/alter-entorn.com\/ca\/wp-json\/wp\/v2\/media\/5526"}],"wp:attachment":[{"href":"https:\/\/alter-entorn.com\/ca\/wp-json\/wp\/v2\/media?parent=5531"}],"wp:term":[{"taxonomy":"category","embeddable":true,"href":"https:\/\/alter-entorn.com\/ca\/wp-json\/wp\/v2\/categories?post=5531"},{"taxonomy":"post_tag","embeddable":true,"href":"https:\/\/alter-entorn.com\/ca\/wp-json\/wp\/v2\/tags?post=5531"}],"curies":[{"name":"wp","href":"https:\/\/api.w.org\/{rel}","templated":true}]}}