{"id":5572,"date":"2018-06-18T12:28:48","date_gmt":"2018-06-18T10:28:48","guid":{"rendered":"http:\/\/alter-entorn.com\/els-trastorns-digestius-mes-comuns\/"},"modified":"2018-06-18T12:28:48","modified_gmt":"2018-06-18T10:28:48","slug":"els-trastorns-digestius-mes-comuns","status":"publish","type":"post","link":"https:\/\/alter-entorn.com\/ca\/els-trastorns-digestius-mes-comuns\/","title":{"rendered":"ELS TRASTORNS DIGESTIUS M\u00c9S COMUNS"},"content":{"rendered":"<h2><strong>Els trastorns o problemes digestius afecten una gran part de la poblaci\u00f3. S\u2019originen a partir de moltes causes diferents, per\u00f2 la mala alimentaci\u00f3 i els h\u00e0bits poc saludables en s\u00f3n els motius principals<\/strong><\/h2>\n<p>&nbsp;<\/p>\n<h2><!--more--><\/h2>\n<p>Com ja hem comentat en articles anteriors, tenir una bona salut digestiva \u00e9s molt important per nosaltres. Molts trastorns o problemes d\u2019aquest tipus no tenen per qu\u00e8 acabar convertint-se en malalties cr\u00f2niques o m\u00e9s greus, per\u00f2 tot i aix\u00ed, afecten el nostre dia a dia provocant-nos mol\u00e8sties que podrien ser eliminades o almenys alleugerides.<\/p>\n<p>Per comen\u00e7ar, <strong>hem d\u2019intentar adquirir h\u00e0bits m\u00e9s saludables com l\u2019exercici regular, evitar l\u2019estr\u00e8s i l\u2019ansietat, tenir una correcta hidrataci\u00f3 o practicar la meditaci\u00f3.<\/strong> Per\u00f2 tamb\u00e9 hem de posar atenci\u00f3 en la manera com mengem, procurant que els \u00e0pats siguin menys abundants i m\u00e9s freq\u00fcents, intentant respectar uns horaris, no ingerir molt r\u00e0pidament, etc.<\/p>\n<p><strong>Cada trastorn t\u00e9\u00a0 les seves particularitats i afecta a cada persona d\u2019una manera diferent, per aix\u00f2 en molts casos s\u00f3n dif\u00edcils de diagnosticar i \u00e9s complicat trobar-hi remei efectiu.<\/strong> Els<a href=\"https:\/\/alter-entorn.com\/ca\/producto\/bio-live-gold\/\"> suplements probi\u00f2tics Bio-live<\/a> han resultat ser efica\u00e7os en alleugerir o eliminar molts dels s\u00edmptomes m\u00e9s freq\u00fcents. Es tracta d\u2019una beguda fermentada a base de microorganismes beneficiosos i altres ingredients naturals que ajuda a restaurar la flora intestinal, controlant els pat\u00f2gens i millorant l\u2019absorci\u00f3 de nutrients, entre d\u2019altres.<\/p>\n<p>A continuaci\u00f3 descriurem alguns dels trastorns digestius m\u00e9s habituals, per poder-los identificar correctament i con\u00e8ixer-ne els s\u00edmptomes:<\/p>\n<ol>\n<li><strong>La acidesa<\/strong> \u00e9s un dels problemes digestius m\u00e9s comuns entre la poblaci\u00f3. Es tracta d\u2019una sensaci\u00f3 molesta a la part central del pit, l\u2019estern i\/o a la boca de l\u2019est\u00f3mac. Es manifesta normalment despr\u00e9s dels \u00e0pats i continua fins ben avan\u00e7at el proc\u00e9s de digesti\u00f3. \u00c9s com\u00fa tamb\u00e9 patir-ho durant la nit, per aix\u00f2 es recomana no anar a dormir de seguida despr\u00e9s de sopar, esperar a fer la digesti\u00f3 i dormir amb la part superior del cos una mica elevada. Es pot patir ocasionalment si hem ingerit aliments m\u00e9s forts dels habituals, amb un exc\u00e9s d\u2019esp\u00e8cies o de picant per exemple. Per\u00f2 ho considerem un trastorn digestiu problem\u00e0tic quan el patim amb una certa regularitat. Els experts parlen de dues o tres vegades a la setmana.<\/li>\n<li><strong>L\u2019exc\u00e9s de gasos<\/strong> pot ser causat per un tipus d\u2019alimentaci\u00f3 concreta, normalment amb exc\u00e9s de fibra o de begudes amb gas. Si nom\u00e9s ho patim de tant en tant, hem de fixar-nos en qu\u00e8 hem menjat aquell dia per qu\u00e8 es podria tractar d\u2019una intoler\u00e0ncia a la lactosa per exemple. Una altra de les causes pot ser que ingerim massa r\u00e0pidament, pel que ens entra aire amb el menjar que despr\u00e9s haurem d\u2019expulsar. Augmentar les hores d\u2019activitat f\u00edsica, menjar m\u00e9s lentament, prendre infusions i replantejar-nos la nostra dieta ens poden ajudar a millorar aquest trastorn.<\/li>\n<li><strong>La inflamaci\u00f3 de budells i\/o est\u00f3mac<\/strong> \u00e9s un problema que pot derivar a molts trastorns i malalties diferents, des d\u2019\u00falceres, intoler\u00e0ncies a determinats aliments, fins a la malaltia de Crohn. A part de la inflamaci\u00f3 del ventre de manera expl\u00edcita despr\u00e9s dels \u00e0pats, pot tenir altres s\u00edmptomes com la p\u00e8rdua de pes sense motiu aparent, els dolors abdominals, la fatiga, febre o alteracions en el sistema excretor. Recomanem posar-nos en contacte amb un especialista el m\u00e9s aviat possible, si creiem que podem tenir un problema d\u2019aquest tipus , ja que el diagn\u00f2stic acostuma a ser complicat i es pot allargar molt el tractament.<\/li>\n<li><strong>L\u2019estrenyiment<\/strong> \u00e9s un trastorn pr\u00f2piament que a m\u00e9s, pot ser s\u00edmptoma de molts altres. \u00c9s un problema molt freq\u00fcent en persones de diferents edats i h\u00e0bits alimentaris, tot i que hi predominen les dones i en moltes ocasions, va lligat a la psicologia. Cadasc\u00fa t\u00e9 el seu ritme excretor, pel que no anar al lavabo cada dia no suposa necess\u00e0riament patir estrenyiment. Ho solem entendre quan s\u2019ha de fer un esfor\u00e7 excessiu, acompanyat de dolors, en minva la quantitat de manera important i no en quedem satisfets. Per evitar-ho, cal que mirem de relaxar-nos evitant situacions de nerviosisme, estr\u00e8s i ansietat. Ajuda ingerir m\u00e9s l\u00edquids i aliments fibrosos, aix\u00ed com augmentar l\u2019exercici f\u00edsic.<\/li>\n<\/ol>\n<p>Altres problemes digestius com la halitosis o mal al\u00e8, els v\u00f2mits o les diarrees no estan considerats trastorns ja que no tenen una regularitat suficient, sin\u00f3 que acostumen a ser un s\u00edmptoma o un resultat d\u2019una altra malaltia. La halitosis acostuma a anar relacionada amb la salut bucal m\u00e9s que amb la digestiva; i els v\u00f2mits i diarrees formen part d\u2019una indigesti\u00f3 o un virus estomacal per exemple.<\/p>\n<p>En qualsevol cas, cal millorar els nostres h\u00e0bits alimentaris i f\u00edsics el m\u00e9s aviat possible i consultar amb el nostre metge per saber exactament quin \u00e9s el nostre problema i quines en s\u00f3n les causes. Sempre podem provar<a href=\"https:\/\/alter-entorn.com\/ca\/producto\/bio-live-gold\/\"> Bio-live<\/a> per veure si trobem millora ja que \u00e9s efica\u00e7 en molts dels casos, i no ens perjudica en cap d\u2019ells. Llegiu aqu\u00ed les respostes a<a href=\"http:\/\/alter-entorn.com\/ca\/preguntes-frequents-sobre-el-bio-live-primera-part\/\"> les preguntes m\u00e9s freq\u00fcents a l\u2019hora de comen\u00e7ar a prendre probi\u00f2tics<\/a>.<\/p>\n","protected":false},"excerpt":{"rendered":"<p>Els trastorns o problemes digestius afecten una gran part de la poblaci\u00f3. S\u2019originen a partir de moltes causes diferents, per\u00f2 la mala alimentaci\u00f3 i els h\u00e0bits poc saludables en s\u00f3n els motius principals &nbsp;<\/p>\n","protected":false},"author":3,"featured_media":5567,"comment_status":"closed","ping_status":"closed","sticky":false,"template":"","format":"standard","meta":{"_joinchat":[],"footnotes":""},"categories":[97],"tags":[1779,1784],"class_list":["post-5572","post","type-post","status-publish","format-standard","has-post-thumbnail","hentry","category-salut-i-benestar","tag-acidesa","tag-inflor-intestins"],"yoast_head":"<!-- This site is optimized with the Yoast SEO plugin v27.4 - https:\/\/yoast.com\/product\/yoast-seo-wordpress\/ -->\n<title>Els trastorns digestius m\u00e9s comuns - alter-entorn.com<\/title>\n<meta name=\"description\" content=\"La acidesa, l&#039;estrenyiment, la inflor o els gasos s\u00f3n alguns dels problemes digestius m\u00e9s comuns entre la poblaci\u00f3\" \/>\n<meta name=\"robots\" content=\"index, follow, max-snippet:-1, max-image-preview:large, max-video-preview:-1\" \/>\n<link rel=\"canonical\" href=\"https:\/\/alter-entorn.com\/ca\/els-trastorns-digestius-mes-comuns\/\" \/>\n<meta property=\"og:locale\" content=\"ca_ES\" \/>\n<meta property=\"og:type\" content=\"article\" \/>\n<meta property=\"og:title\" content=\"Els trastorns digestius m\u00e9s comuns - alter-entorn.com\" \/>\n<meta property=\"og:description\" content=\"La acidesa, l&#039;estrenyiment, la inflor o els gasos s\u00f3n alguns dels problemes digestius m\u00e9s comuns entre la poblaci\u00f3\" \/>\n<meta property=\"og:url\" content=\"https:\/\/alter-entorn.com\/ca\/els-trastorns-digestius-mes-comuns\/\" \/>\n<meta property=\"og:site_name\" content=\"alter-entorn\" \/>\n<meta property=\"article:publisher\" content=\"https:\/\/www.facebook.com\/alterentorn\/\" \/>\n<meta property=\"article:published_time\" content=\"2018-06-18T10:28:48+00:00\" \/>\n<meta property=\"og:image\" content=\"https:\/\/alter-entorn.com\/wp-content\/uploads\/2018\/06\/problemas-digestivos.jpg\" \/>\n\t<meta property=\"og:image:width\" content=\"960\" \/>\n\t<meta property=\"og:image:height\" content=\"640\" \/>\n\t<meta property=\"og:image:type\" content=\"image\/jpeg\" \/>\n<meta name=\"author\" content=\"Comandes\" \/>\n<meta name=\"twitter:card\" content=\"summary_large_image\" \/>\n<meta name=\"twitter:creator\" content=\"@alterentorn\" \/>\n<meta name=\"twitter:site\" content=\"@alterentorn\" \/>\n<meta name=\"twitter:label1\" content=\"Escrit per\" \/>\n\t<meta name=\"twitter:data1\" content=\"Comandes\" \/>\n\t<meta name=\"twitter:label2\" content=\"Temps estimat de lectura\" \/>\n\t<meta name=\"twitter:data2\" content=\"5 minuts\" \/>\n<script type=\"application\/ld+json\" class=\"yoast-schema-graph\">{\"@context\":\"https:\\\/\\\/schema.org\",\"@graph\":[{\"@type\":\"Article\",\"@id\":\"https:\\\/\\\/alter-entorn.com\\\/ca\\\/els-trastorns-digestius-mes-comuns\\\/#article\",\"isPartOf\":{\"@id\":\"https:\\\/\\\/alter-entorn.com\\\/ca\\\/els-trastorns-digestius-mes-comuns\\\/\"},\"author\":{\"name\":\"Comandes\",\"@id\":\"https:\\\/\\\/alter-entorn.com\\\/ca\\\/#\\\/schema\\\/person\\\/038d634ba7da15974cd21b377dac47e7\"},\"headline\":\"ELS TRASTORNS DIGESTIUS M\u00c9S COMUNS\",\"datePublished\":\"2018-06-18T10:28:48+00:00\",\"mainEntityOfPage\":{\"@id\":\"https:\\\/\\\/alter-entorn.com\\\/ca\\\/els-trastorns-digestius-mes-comuns\\\/\"},\"wordCount\":922,\"publisher\":{\"@id\":\"https:\\\/\\\/alter-entorn.com\\\/ca\\\/#organization\"},\"image\":{\"@id\":\"https:\\\/\\\/alter-entorn.com\\\/ca\\\/els-trastorns-digestius-mes-comuns\\\/#primaryimage\"},\"thumbnailUrl\":\"https:\\\/\\\/alter-entorn.com\\\/wp-content\\\/uploads\\\/2018\\\/06\\\/problemas-digestivos.jpg\",\"keywords\":[\"acidesa\",\"inflor intestins\"],\"articleSection\":[\"SALUT I BENESTAR\"],\"inLanguage\":\"ca\"},{\"@type\":\"WebPage\",\"@id\":\"https:\\\/\\\/alter-entorn.com\\\/ca\\\/els-trastorns-digestius-mes-comuns\\\/\",\"url\":\"https:\\\/\\\/alter-entorn.com\\\/ca\\\/els-trastorns-digestius-mes-comuns\\\/\",\"name\":\"Els trastorns digestius m\u00e9s comuns - alter-entorn.com\",\"isPartOf\":{\"@id\":\"https:\\\/\\\/alter-entorn.com\\\/ca\\\/#website\"},\"primaryImageOfPage\":{\"@id\":\"https:\\\/\\\/alter-entorn.com\\\/ca\\\/els-trastorns-digestius-mes-comuns\\\/#primaryimage\"},\"image\":{\"@id\":\"https:\\\/\\\/alter-entorn.com\\\/ca\\\/els-trastorns-digestius-mes-comuns\\\/#primaryimage\"},\"thumbnailUrl\":\"https:\\\/\\\/alter-entorn.com\\\/wp-content\\\/uploads\\\/2018\\\/06\\\/problemas-digestivos.jpg\",\"datePublished\":\"2018-06-18T10:28:48+00:00\",\"description\":\"La acidesa, l'estrenyiment, la inflor o els gasos s\u00f3n alguns dels problemes digestius m\u00e9s comuns entre la poblaci\u00f3\",\"breadcrumb\":{\"@id\":\"https:\\\/\\\/alter-entorn.com\\\/ca\\\/els-trastorns-digestius-mes-comuns\\\/#breadcrumb\"},\"inLanguage\":\"ca\",\"potentialAction\":[{\"@type\":\"ReadAction\",\"target\":[\"https:\\\/\\\/alter-entorn.com\\\/ca\\\/els-trastorns-digestius-mes-comuns\\\/\"]}]},{\"@type\":\"ImageObject\",\"inLanguage\":\"ca\",\"@id\":\"https:\\\/\\\/alter-entorn.com\\\/ca\\\/els-trastorns-digestius-mes-comuns\\\/#primaryimage\",\"url\":\"https:\\\/\\\/alter-entorn.com\\\/wp-content\\\/uploads\\\/2018\\\/06\\\/problemas-digestivos.jpg\",\"contentUrl\":\"https:\\\/\\\/alter-entorn.com\\\/wp-content\\\/uploads\\\/2018\\\/06\\\/problemas-digestivos.jpg\",\"width\":960,\"height\":640,\"caption\":\"Trastornos digestivos m\u00e1s comunes\"},{\"@type\":\"BreadcrumbList\",\"@id\":\"https:\\\/\\\/alter-entorn.com\\\/ca\\\/els-trastorns-digestius-mes-comuns\\\/#breadcrumb\",\"itemListElement\":[{\"@type\":\"ListItem\",\"position\":1,\"name\":\"Portada\",\"item\":\"https:\\\/\\\/alter-entorn.com\\\/ca\\\/\"},{\"@type\":\"ListItem\",\"position\":2,\"name\":\"ELS TRASTORNS DIGESTIUS M\u00c9S COMUNS\"}]},{\"@type\":\"WebSite\",\"@id\":\"https:\\\/\\\/alter-entorn.com\\\/ca\\\/#website\",\"url\":\"https:\\\/\\\/alter-entorn.com\\\/ca\\\/\",\"name\":\"alter-entorn\",\"description\":\"Soluciones Microbiol\u00f3gicas probi\u00f3ticos\",\"publisher\":{\"@id\":\"https:\\\/\\\/alter-entorn.com\\\/ca\\\/#organization\"},\"potentialAction\":[{\"@type\":\"SearchAction\",\"target\":{\"@type\":\"EntryPoint\",\"urlTemplate\":\"https:\\\/\\\/alter-entorn.com\\\/ca\\\/?s={search_term_string}\"},\"query-input\":{\"@type\":\"PropertyValueSpecification\",\"valueRequired\":true,\"valueName\":\"search_term_string\"}}],\"inLanguage\":\"ca\"},{\"@type\":\"Organization\",\"@id\":\"https:\\\/\\\/alter-entorn.com\\\/ca\\\/#organization\",\"name\":\"alter-entorn\",\"url\":\"https:\\\/\\\/alter-entorn.com\\\/ca\\\/\",\"logo\":{\"@type\":\"ImageObject\",\"inLanguage\":\"ca\",\"@id\":\"https:\\\/\\\/alter-entorn.com\\\/ca\\\/#\\\/schema\\\/logo\\\/image\\\/\",\"url\":\"https:\\\/\\\/alter-entorn.com\\\/wp-content\\\/uploads\\\/2018\\\/10\\\/logo_alter_entorn-sin-texto-1.png\",\"contentUrl\":\"https:\\\/\\\/alter-entorn.com\\\/wp-content\\\/uploads\\\/2018\\\/10\\\/logo_alter_entorn-sin-texto-1.png\",\"width\":246,\"height\":68,\"caption\":\"alter-entorn\"},\"image\":{\"@id\":\"https:\\\/\\\/alter-entorn.com\\\/ca\\\/#\\\/schema\\\/logo\\\/image\\\/\"},\"sameAs\":[\"https:\\\/\\\/www.facebook.com\\\/alterentorn\\\/\",\"https:\\\/\\\/x.com\\\/alterentorn\"]},{\"@type\":\"Person\",\"@id\":\"https:\\\/\\\/alter-entorn.com\\\/ca\\\/#\\\/schema\\\/person\\\/038d634ba7da15974cd21b377dac47e7\",\"name\":\"Comandes\"}]}<\/script>\n<!-- \/ Yoast SEO plugin. -->","yoast_head_json":{"title":"Els trastorns digestius m\u00e9s comuns - alter-entorn.com","description":"La acidesa, l'estrenyiment, la inflor o els gasos s\u00f3n alguns dels problemes digestius m\u00e9s comuns entre la poblaci\u00f3","robots":{"index":"index","follow":"follow","max-snippet":"max-snippet:-1","max-image-preview":"max-image-preview:large","max-video-preview":"max-video-preview:-1"},"canonical":"https:\/\/alter-entorn.com\/ca\/els-trastorns-digestius-mes-comuns\/","og_locale":"ca_ES","og_type":"article","og_title":"Els trastorns digestius m\u00e9s comuns - alter-entorn.com","og_description":"La acidesa, l'estrenyiment, la inflor o els gasos s\u00f3n alguns dels problemes digestius m\u00e9s comuns entre la poblaci\u00f3","og_url":"https:\/\/alter-entorn.com\/ca\/els-trastorns-digestius-mes-comuns\/","og_site_name":"alter-entorn","article_publisher":"https:\/\/www.facebook.com\/alterentorn\/","article_published_time":"2018-06-18T10:28:48+00:00","og_image":[{"width":960,"height":640,"url":"https:\/\/alter-entorn.com\/wp-content\/uploads\/2018\/06\/problemas-digestivos.jpg","type":"image\/jpeg"}],"author":"Comandes","twitter_card":"summary_large_image","twitter_creator":"@alterentorn","twitter_site":"@alterentorn","twitter_misc":{"Escrit per":"Comandes","Temps estimat de lectura":"5 minuts"},"schema":{"@context":"https:\/\/schema.org","@graph":[{"@type":"Article","@id":"https:\/\/alter-entorn.com\/ca\/els-trastorns-digestius-mes-comuns\/#article","isPartOf":{"@id":"https:\/\/alter-entorn.com\/ca\/els-trastorns-digestius-mes-comuns\/"},"author":{"name":"Comandes","@id":"https:\/\/alter-entorn.com\/ca\/#\/schema\/person\/038d634ba7da15974cd21b377dac47e7"},"headline":"ELS TRASTORNS DIGESTIUS M\u00c9S COMUNS","datePublished":"2018-06-18T10:28:48+00:00","mainEntityOfPage":{"@id":"https:\/\/alter-entorn.com\/ca\/els-trastorns-digestius-mes-comuns\/"},"wordCount":922,"publisher":{"@id":"https:\/\/alter-entorn.com\/ca\/#organization"},"image":{"@id":"https:\/\/alter-entorn.com\/ca\/els-trastorns-digestius-mes-comuns\/#primaryimage"},"thumbnailUrl":"https:\/\/alter-entorn.com\/wp-content\/uploads\/2018\/06\/problemas-digestivos.jpg","keywords":["acidesa","inflor intestins"],"articleSection":["SALUT I BENESTAR"],"inLanguage":"ca"},{"@type":"WebPage","@id":"https:\/\/alter-entorn.com\/ca\/els-trastorns-digestius-mes-comuns\/","url":"https:\/\/alter-entorn.com\/ca\/els-trastorns-digestius-mes-comuns\/","name":"Els trastorns digestius m\u00e9s comuns - alter-entorn.com","isPartOf":{"@id":"https:\/\/alter-entorn.com\/ca\/#website"},"primaryImageOfPage":{"@id":"https:\/\/alter-entorn.com\/ca\/els-trastorns-digestius-mes-comuns\/#primaryimage"},"image":{"@id":"https:\/\/alter-entorn.com\/ca\/els-trastorns-digestius-mes-comuns\/#primaryimage"},"thumbnailUrl":"https:\/\/alter-entorn.com\/wp-content\/uploads\/2018\/06\/problemas-digestivos.jpg","datePublished":"2018-06-18T10:28:48+00:00","description":"La acidesa, l'estrenyiment, la inflor o els gasos s\u00f3n alguns dels problemes digestius m\u00e9s comuns entre la poblaci\u00f3","breadcrumb":{"@id":"https:\/\/alter-entorn.com\/ca\/els-trastorns-digestius-mes-comuns\/#breadcrumb"},"inLanguage":"ca","potentialAction":[{"@type":"ReadAction","target":["https:\/\/alter-entorn.com\/ca\/els-trastorns-digestius-mes-comuns\/"]}]},{"@type":"ImageObject","inLanguage":"ca","@id":"https:\/\/alter-entorn.com\/ca\/els-trastorns-digestius-mes-comuns\/#primaryimage","url":"https:\/\/alter-entorn.com\/wp-content\/uploads\/2018\/06\/problemas-digestivos.jpg","contentUrl":"https:\/\/alter-entorn.com\/wp-content\/uploads\/2018\/06\/problemas-digestivos.jpg","width":960,"height":640,"caption":"Trastornos digestivos m\u00e1s comunes"},{"@type":"BreadcrumbList","@id":"https:\/\/alter-entorn.com\/ca\/els-trastorns-digestius-mes-comuns\/#breadcrumb","itemListElement":[{"@type":"ListItem","position":1,"name":"Portada","item":"https:\/\/alter-entorn.com\/ca\/"},{"@type":"ListItem","position":2,"name":"ELS TRASTORNS DIGESTIUS M\u00c9S COMUNS"}]},{"@type":"WebSite","@id":"https:\/\/alter-entorn.com\/ca\/#website","url":"https:\/\/alter-entorn.com\/ca\/","name":"alter-entorn","description":"Soluciones Microbiol\u00f3gicas probi\u00f3ticos","publisher":{"@id":"https:\/\/alter-entorn.com\/ca\/#organization"},"potentialAction":[{"@type":"SearchAction","target":{"@type":"EntryPoint","urlTemplate":"https:\/\/alter-entorn.com\/ca\/?s={search_term_string}"},"query-input":{"@type":"PropertyValueSpecification","valueRequired":true,"valueName":"search_term_string"}}],"inLanguage":"ca"},{"@type":"Organization","@id":"https:\/\/alter-entorn.com\/ca\/#organization","name":"alter-entorn","url":"https:\/\/alter-entorn.com\/ca\/","logo":{"@type":"ImageObject","inLanguage":"ca","@id":"https:\/\/alter-entorn.com\/ca\/#\/schema\/logo\/image\/","url":"https:\/\/alter-entorn.com\/wp-content\/uploads\/2018\/10\/logo_alter_entorn-sin-texto-1.png","contentUrl":"https:\/\/alter-entorn.com\/wp-content\/uploads\/2018\/10\/logo_alter_entorn-sin-texto-1.png","width":246,"height":68,"caption":"alter-entorn"},"image":{"@id":"https:\/\/alter-entorn.com\/ca\/#\/schema\/logo\/image\/"},"sameAs":["https:\/\/www.facebook.com\/alterentorn\/","https:\/\/x.com\/alterentorn"]},{"@type":"Person","@id":"https:\/\/alter-entorn.com\/ca\/#\/schema\/person\/038d634ba7da15974cd21b377dac47e7","name":"Comandes"}]}},"_links":{"self":[{"href":"https:\/\/alter-entorn.com\/ca\/wp-json\/wp\/v2\/posts\/5572","targetHints":{"allow":["GET"]}}],"collection":[{"href":"https:\/\/alter-entorn.com\/ca\/wp-json\/wp\/v2\/posts"}],"about":[{"href":"https:\/\/alter-entorn.com\/ca\/wp-json\/wp\/v2\/types\/post"}],"author":[{"embeddable":true,"href":"https:\/\/alter-entorn.com\/ca\/wp-json\/wp\/v2\/users\/3"}],"replies":[{"embeddable":true,"href":"https:\/\/alter-entorn.com\/ca\/wp-json\/wp\/v2\/comments?post=5572"}],"version-history":[{"count":0,"href":"https:\/\/alter-entorn.com\/ca\/wp-json\/wp\/v2\/posts\/5572\/revisions"}],"wp:featuredmedia":[{"embeddable":true,"href":"https:\/\/alter-entorn.com\/ca\/wp-json\/wp\/v2\/media\/5567"}],"wp:attachment":[{"href":"https:\/\/alter-entorn.com\/ca\/wp-json\/wp\/v2\/media?parent=5572"}],"wp:term":[{"taxonomy":"category","embeddable":true,"href":"https:\/\/alter-entorn.com\/ca\/wp-json\/wp\/v2\/categories?post=5572"},{"taxonomy":"post_tag","embeddable":true,"href":"https:\/\/alter-entorn.com\/ca\/wp-json\/wp\/v2\/tags?post=5572"}],"curies":[{"name":"wp","href":"https:\/\/api.w.org\/{rel}","templated":true}]}}