{"id":5604,"date":"2018-06-26T11:35:51","date_gmt":"2018-06-26T09:35:51","guid":{"rendered":"http:\/\/alter-entorn.com\/primers-passos-per-comencar-el-nostre-hort-ecologic\/"},"modified":"2018-06-26T11:35:51","modified_gmt":"2018-06-26T09:35:51","slug":"primers-passos-per-comencar-el-nostre-hort-ecologic","status":"publish","type":"post","link":"https:\/\/alter-entorn.com\/ca\/primers-passos-per-comencar-el-nostre-hort-ecologic\/","title":{"rendered":"PRIMERS PASSOS PER COMEN\u00c7AR EL NOSTRE HORT ECOL\u00d2GIC"},"content":{"rendered":"<h2><strong>Factors a analitzar per saber com comen\u00e7ar el nostre hort ecol\u00f2gic de la millor manera, i obtenir aix\u00ed els millors resultats<\/strong><\/h2>\n<p>&nbsp;<\/p>\n<h2><!--more--><\/h2>\n<p>Hem de tenir en compte diferents aspectes abans de comen\u00e7ar el nostre hort ecol\u00f2gic. Estem decidits a fer-ho per menjar d\u2019una manera m\u00e9s saludable, per estar m\u00e9s actius o per estalviar, per exemple. Per\u00f2 hi ha moltes possibilitats diferents i hem d\u2019escollir qu\u00e8 ser\u00e0 m\u00e9s satisfactori per nosaltres.<\/p>\n<p>Si no tenim gaire experi\u00e8ncia en el m\u00f3n de l\u2019agricultura, <strong>aconsellem comen\u00e7ar amb poques esp\u00e8cies, un any de prova,<\/strong> per veure quines habilitats tenim, el temps del qu\u00e8 disposem, etc. Haurem de tenir en compte aquests factors:<\/p>\n<ol>\n<li><strong>L\u2019espai del qu\u00e8 disposem: tot anir\u00e0 condicionat pel nostre espai.<\/strong> L\u2019ideal \u00e9s tenir una <strong>parcel\u00b7la de terreny al jard\u00ed o<\/strong> fora de casa, per\u00f2 tamb\u00e9 podem <strong>cultivar en torretes a balcons i terrasses, <\/strong>tal com vam veure a l\u2019article <a href=\"http:\/\/alter-entorn.com\/ca\/les-millors-hortalisses-per-cultivar-a-casa\/\">\u201cLes millors hortalisses per cultivar a casa\u201d<\/a>.<\/li>\n<\/ol>\n<p>En torreta haurem de cultivar esp\u00e8cies que no facin molta arrel, com per exemple <a href=\"http:\/\/alter-entorn.com\/ca\/5-herbes-aromatiques-per-plantar-a-casa\/\">herbes arom\u00e0tiques i esp\u00e8cies<\/a>\u00a0o enciams; mentre que si disposem d\u2019un petit terreny tindrem molta m\u00e9s llibertat. Hem de veure si <strong>predomina l\u2019espai en vertical o en horitzontal<\/strong>, per decidir el tipus d\u2019hortalissa a plantar. Per exemple, les tomaqueres i els cogombres s\u00f3n plantes altes, mentre que les pastanagues i les patates s\u00f3n baixes al tenir el fruit sota terra. De la mateixa manera, <strong>si tenim poc espai haurem de triar esp\u00e8cies que no es facin molt grans <\/strong>com les cebes, els raves o els alls. Una bona soluci\u00f3 tamb\u00e9 poden ser les varietats mini.<\/p>\n<ol start=\"2\">\n<li><strong>Les condicions meteorol\u00f2giques:<\/strong> haurem d\u2019analitzar <strong>el nostre clima<\/strong> per tenir en compte els recursos dels qu\u00e8 disposarem. \u00c9s important tenir en compte <strong>la quantitat d\u2019aigua<\/strong> de la qu\u00e8 disposarem de manera natural, \u00e9s a dir de la pluja, per escollir plantes de m\u00e9s o menys secar i els sistemes de reg adequats.<\/li>\n<\/ol>\n<p>De la mateixa manera, hem de comprovar <strong>les hores de sol<\/strong> de les qu\u00e8 disposem en cada zona per distribuir les plantes de la millor manera. N\u2019hi ha moltes que no necessiten sol directe, sin\u00f3 que es conformen amb la llum i les podem col\u00b7locar a l\u2019ombra la major part del dia com les maduixeres o algunes hortalisses de fulla.<\/p>\n<p>Tamb\u00e9 \u00e9s important <strong>l\u2019exposici\u00f3 al vent,<\/strong> que hem de mirar que sigui la menor possible. El vent fort causa danys a les nostres plantes com la caiguda de fruits, per\u00f2 necessitem una petita brisa per la correcta transpiraci\u00f3 dels vegetals per exemple. \u00c9s ideal fer hort en un nivell rebaixat o per exemple, al costat d\u2019una plantaci\u00f3 d\u2019arbres fruiters que tapin l\u2019exposici\u00f3 directa. Igualment, sempre podem col\u00b7locar alguns arbustos o reixes artificials per parar-lo una mica.<\/p>\n<ol start=\"3\">\n<li><strong>Temps i eines de les qu\u00e8 disposem:<\/strong> un hort tant si \u00e9s ecol\u00f2gic com si no, requereix unes certes hores de treball. Normalment comencem el projecte amb molta motivaci\u00f3 per\u00f2 despr\u00e9s ens falten hores per cultivar correctament, per aix\u00f2 aconsellem comen\u00e7ar amb poc espai i poques esp\u00e8cies per anar adquirint experi\u00e8ncia.<\/li>\n<\/ol>\n<p>Comen\u00e7ar un hort suposa una gran inversi\u00f3 de temps: hem d\u2019adequar el terreny, plantar, regar, podar algunes esp\u00e8cies, etc. fins arribar a collir. <strong>Recomanem estudiar el manteniment que suposen les diferents esp\u00e8cies per escollir quines s\u00f3n les m\u00e9s adequades, i comptar amb alguna persona que ens pugui donar un cop de m\u00e0.<\/strong><\/p>\n<p>Tamb\u00e9 \u00e9s important tenir en compte <strong>si disposem d\u2019algun tipus de maquin\u00e0ria<\/strong> com per exemple motocultor, <strong>i de quina manera efectuarem el reg.<\/strong> La millor opci\u00f3 \u00e9s instal\u00b7lar un sistema de gota a gota que requereix una mica d\u2019inversi\u00f3 inicial, per\u00f2 suposa un gran estalvi a la llarga.<\/p>\n<ol start=\"4\">\n<li><strong>La nostra dieta:<\/strong> per \u00faltim per\u00f2 no menys important, hem de pensar quin tipus d\u2019hortalisses consumim m\u00e9s freq\u00fcentment i adaptar el nostre hort a la nostra dieta. <strong>Hem d\u2019adequar les quantitats cultivades al nostre consum per tal de no excedir-nos.<\/strong> Recomanem plantar majorit\u00e0riament productes que consumim gaireb\u00e9 a diari com les cebes, tom\u00e0quets o enciams.<\/li>\n<\/ol>\n<p>Pensem que la collita arriba pr\u00e0cticament a l\u2019hora, i moltes vegades no donem l\u2019abast. En molts casos, una soluci\u00f3 pot ser fer conserves, melmelades o congelar el producte ja bullit o en crema, per exemple.<\/p>\n<p>&nbsp;<\/p>\n","protected":false},"excerpt":{"rendered":"<p>Factors a analitzar per saber com comen\u00e7ar el nostre hort ecol\u00f2gic de la millor manera, i obtenir aix\u00ed els millors resultats &nbsp;<\/p>\n","protected":false},"author":3,"featured_media":5599,"comment_status":"closed","ping_status":"closed","sticky":false,"template":"","format":"standard","meta":{"_joinchat":[],"footnotes":""},"categories":[3294],"tags":[1227,1239,1242,1288,1704,1789,1790,1791,1792],"class_list":["post-5604","post","type-post","status-publish","format-standard","has-post-thumbnail","hentry","category-compost-hort-jardi","tag-hort-ecologic","tag-hort-urba","tag-hortalisses-casa","tag-plantes-amb-torreta","tag-agricultura-ecologica-ca","tag-hort-a-casa","tag-cultivar-a-casa","tag-verdures-terrassa","tag-comencar-hort"],"yoast_head":"<!-- This site is optimized with the Yoast SEO plugin v27.4 - https:\/\/yoast.com\/product\/yoast-seo-wordpress\/ -->\n<title>Com comen\u00e7ar el nostre hort ecol\u00f2gic - alter-entorn.com<\/title>\n<meta name=\"description\" content=\"Primers passos per comen\u00e7ar un hort ecol\u00f2gic: factors a tenir en compte per obtenir els millors resultats\" \/>\n<meta name=\"robots\" content=\"index, follow, max-snippet:-1, max-image-preview:large, max-video-preview:-1\" \/>\n<link rel=\"canonical\" href=\"https:\/\/alter-entorn.com\/ca\/primers-passos-per-comencar-el-nostre-hort-ecologic\/\" \/>\n<meta property=\"og:locale\" content=\"ca_ES\" \/>\n<meta property=\"og:type\" content=\"article\" \/>\n<meta property=\"og:title\" content=\"Com comen\u00e7ar el nostre hort ecol\u00f2gic - alter-entorn.com\" \/>\n<meta property=\"og:description\" content=\"Primers passos per comen\u00e7ar un hort ecol\u00f2gic: factors a tenir en compte per obtenir els millors resultats\" \/>\n<meta property=\"og:url\" content=\"https:\/\/alter-entorn.com\/ca\/primers-passos-per-comencar-el-nostre-hort-ecologic\/\" \/>\n<meta property=\"og:site_name\" content=\"alter-entorn\" \/>\n<meta property=\"article:publisher\" content=\"https:\/\/www.facebook.com\/alterentorn\/\" \/>\n<meta property=\"article:published_time\" content=\"2018-06-26T09:35:51+00:00\" \/>\n<meta property=\"og:image\" content=\"https:\/\/alter-entorn.com\/wp-content\/uploads\/2018\/06\/empezar-huerto-ecologico.jpg\" \/>\n\t<meta property=\"og:image:width\" content=\"960\" \/>\n\t<meta property=\"og:image:height\" content=\"635\" \/>\n\t<meta property=\"og:image:type\" content=\"image\/jpeg\" \/>\n<meta name=\"author\" content=\"Comandes\" \/>\n<meta name=\"twitter:card\" content=\"summary_large_image\" \/>\n<meta name=\"twitter:creator\" content=\"@alterentorn\" \/>\n<meta name=\"twitter:site\" content=\"@alterentorn\" \/>\n<meta name=\"twitter:label1\" content=\"Escrit per\" \/>\n\t<meta name=\"twitter:data1\" content=\"Comandes\" \/>\n\t<meta name=\"twitter:label2\" content=\"Temps estimat de lectura\" \/>\n\t<meta name=\"twitter:data2\" content=\"4 minuts\" \/>\n<script type=\"application\/ld+json\" class=\"yoast-schema-graph\">{\"@context\":\"https:\\\/\\\/schema.org\",\"@graph\":[{\"@type\":\"Article\",\"@id\":\"https:\\\/\\\/alter-entorn.com\\\/ca\\\/primers-passos-per-comencar-el-nostre-hort-ecologic\\\/#article\",\"isPartOf\":{\"@id\":\"https:\\\/\\\/alter-entorn.com\\\/ca\\\/primers-passos-per-comencar-el-nostre-hort-ecologic\\\/\"},\"author\":{\"name\":\"Comandes\",\"@id\":\"https:\\\/\\\/alter-entorn.com\\\/ca\\\/#\\\/schema\\\/person\\\/038d634ba7da15974cd21b377dac47e7\"},\"headline\":\"PRIMERS PASSOS PER COMEN\u00c7AR EL NOSTRE HORT ECOL\u00d2GIC\",\"datePublished\":\"2018-06-26T09:35:51+00:00\",\"mainEntityOfPage\":{\"@id\":\"https:\\\/\\\/alter-entorn.com\\\/ca\\\/primers-passos-per-comencar-el-nostre-hort-ecologic\\\/\"},\"wordCount\":766,\"publisher\":{\"@id\":\"https:\\\/\\\/alter-entorn.com\\\/ca\\\/#organization\"},\"image\":{\"@id\":\"https:\\\/\\\/alter-entorn.com\\\/ca\\\/primers-passos-per-comencar-el-nostre-hort-ecologic\\\/#primaryimage\"},\"thumbnailUrl\":\"https:\\\/\\\/alter-entorn.com\\\/wp-content\\\/uploads\\\/2018\\\/06\\\/empezar-huerto-ecologico.jpg\",\"keywords\":[\"hort ecologic\",\"hort urba\",\"hortalisses casa\",\"plantes amb torreta\",\"agricultura ecol\u00f2gica\",\"hort a casa\",\"cultivar a casa\",\"verdures terrassa\",\"comen\u00e7ar hort\"],\"articleSection\":[\"COMPOST, HORT I JARD\u00cd\"],\"inLanguage\":\"ca\"},{\"@type\":\"WebPage\",\"@id\":\"https:\\\/\\\/alter-entorn.com\\\/ca\\\/primers-passos-per-comencar-el-nostre-hort-ecologic\\\/\",\"url\":\"https:\\\/\\\/alter-entorn.com\\\/ca\\\/primers-passos-per-comencar-el-nostre-hort-ecologic\\\/\",\"name\":\"Com comen\u00e7ar el nostre hort ecol\u00f2gic - alter-entorn.com\",\"isPartOf\":{\"@id\":\"https:\\\/\\\/alter-entorn.com\\\/ca\\\/#website\"},\"primaryImageOfPage\":{\"@id\":\"https:\\\/\\\/alter-entorn.com\\\/ca\\\/primers-passos-per-comencar-el-nostre-hort-ecologic\\\/#primaryimage\"},\"image\":{\"@id\":\"https:\\\/\\\/alter-entorn.com\\\/ca\\\/primers-passos-per-comencar-el-nostre-hort-ecologic\\\/#primaryimage\"},\"thumbnailUrl\":\"https:\\\/\\\/alter-entorn.com\\\/wp-content\\\/uploads\\\/2018\\\/06\\\/empezar-huerto-ecologico.jpg\",\"datePublished\":\"2018-06-26T09:35:51+00:00\",\"description\":\"Primers passos per comen\u00e7ar un hort ecol\u00f2gic: factors a tenir en compte per obtenir els millors resultats\",\"breadcrumb\":{\"@id\":\"https:\\\/\\\/alter-entorn.com\\\/ca\\\/primers-passos-per-comencar-el-nostre-hort-ecologic\\\/#breadcrumb\"},\"inLanguage\":\"ca\",\"potentialAction\":[{\"@type\":\"ReadAction\",\"target\":[\"https:\\\/\\\/alter-entorn.com\\\/ca\\\/primers-passos-per-comencar-el-nostre-hort-ecologic\\\/\"]}]},{\"@type\":\"ImageObject\",\"inLanguage\":\"ca\",\"@id\":\"https:\\\/\\\/alter-entorn.com\\\/ca\\\/primers-passos-per-comencar-el-nostre-hort-ecologic\\\/#primaryimage\",\"url\":\"https:\\\/\\\/alter-entorn.com\\\/wp-content\\\/uploads\\\/2018\\\/06\\\/empezar-huerto-ecologico.jpg\",\"contentUrl\":\"https:\\\/\\\/alter-entorn.com\\\/wp-content\\\/uploads\\\/2018\\\/06\\\/empezar-huerto-ecologico.jpg\",\"width\":960,\"height\":635,\"caption\":\"C\u00f3mo empezar nuestro huerto ecol\u00f3gico\"},{\"@type\":\"BreadcrumbList\",\"@id\":\"https:\\\/\\\/alter-entorn.com\\\/ca\\\/primers-passos-per-comencar-el-nostre-hort-ecologic\\\/#breadcrumb\",\"itemListElement\":[{\"@type\":\"ListItem\",\"position\":1,\"name\":\"Portada\",\"item\":\"https:\\\/\\\/alter-entorn.com\\\/ca\\\/\"},{\"@type\":\"ListItem\",\"position\":2,\"name\":\"PRIMERS PASSOS PER COMEN\u00c7AR EL NOSTRE HORT ECOL\u00d2GIC\"}]},{\"@type\":\"WebSite\",\"@id\":\"https:\\\/\\\/alter-entorn.com\\\/ca\\\/#website\",\"url\":\"https:\\\/\\\/alter-entorn.com\\\/ca\\\/\",\"name\":\"alter-entorn\",\"description\":\"Soluciones Microbiol\u00f3gicas probi\u00f3ticos\",\"publisher\":{\"@id\":\"https:\\\/\\\/alter-entorn.com\\\/ca\\\/#organization\"},\"potentialAction\":[{\"@type\":\"SearchAction\",\"target\":{\"@type\":\"EntryPoint\",\"urlTemplate\":\"https:\\\/\\\/alter-entorn.com\\\/ca\\\/?s={search_term_string}\"},\"query-input\":{\"@type\":\"PropertyValueSpecification\",\"valueRequired\":true,\"valueName\":\"search_term_string\"}}],\"inLanguage\":\"ca\"},{\"@type\":\"Organization\",\"@id\":\"https:\\\/\\\/alter-entorn.com\\\/ca\\\/#organization\",\"name\":\"alter-entorn\",\"url\":\"https:\\\/\\\/alter-entorn.com\\\/ca\\\/\",\"logo\":{\"@type\":\"ImageObject\",\"inLanguage\":\"ca\",\"@id\":\"https:\\\/\\\/alter-entorn.com\\\/ca\\\/#\\\/schema\\\/logo\\\/image\\\/\",\"url\":\"https:\\\/\\\/alter-entorn.com\\\/wp-content\\\/uploads\\\/2018\\\/10\\\/logo_alter_entorn-sin-texto-1.png\",\"contentUrl\":\"https:\\\/\\\/alter-entorn.com\\\/wp-content\\\/uploads\\\/2018\\\/10\\\/logo_alter_entorn-sin-texto-1.png\",\"width\":246,\"height\":68,\"caption\":\"alter-entorn\"},\"image\":{\"@id\":\"https:\\\/\\\/alter-entorn.com\\\/ca\\\/#\\\/schema\\\/logo\\\/image\\\/\"},\"sameAs\":[\"https:\\\/\\\/www.facebook.com\\\/alterentorn\\\/\",\"https:\\\/\\\/x.com\\\/alterentorn\"]},{\"@type\":\"Person\",\"@id\":\"https:\\\/\\\/alter-entorn.com\\\/ca\\\/#\\\/schema\\\/person\\\/038d634ba7da15974cd21b377dac47e7\",\"name\":\"Comandes\"}]}<\/script>\n<!-- \/ Yoast SEO plugin. -->","yoast_head_json":{"title":"Com comen\u00e7ar el nostre hort ecol\u00f2gic - alter-entorn.com","description":"Primers passos per comen\u00e7ar un hort ecol\u00f2gic: factors a tenir en compte per obtenir els millors resultats","robots":{"index":"index","follow":"follow","max-snippet":"max-snippet:-1","max-image-preview":"max-image-preview:large","max-video-preview":"max-video-preview:-1"},"canonical":"https:\/\/alter-entorn.com\/ca\/primers-passos-per-comencar-el-nostre-hort-ecologic\/","og_locale":"ca_ES","og_type":"article","og_title":"Com comen\u00e7ar el nostre hort ecol\u00f2gic - alter-entorn.com","og_description":"Primers passos per comen\u00e7ar un hort ecol\u00f2gic: factors a tenir en compte per obtenir els millors resultats","og_url":"https:\/\/alter-entorn.com\/ca\/primers-passos-per-comencar-el-nostre-hort-ecologic\/","og_site_name":"alter-entorn","article_publisher":"https:\/\/www.facebook.com\/alterentorn\/","article_published_time":"2018-06-26T09:35:51+00:00","og_image":[{"width":960,"height":635,"url":"https:\/\/alter-entorn.com\/wp-content\/uploads\/2018\/06\/empezar-huerto-ecologico.jpg","type":"image\/jpeg"}],"author":"Comandes","twitter_card":"summary_large_image","twitter_creator":"@alterentorn","twitter_site":"@alterentorn","twitter_misc":{"Escrit per":"Comandes","Temps estimat de lectura":"4 minuts"},"schema":{"@context":"https:\/\/schema.org","@graph":[{"@type":"Article","@id":"https:\/\/alter-entorn.com\/ca\/primers-passos-per-comencar-el-nostre-hort-ecologic\/#article","isPartOf":{"@id":"https:\/\/alter-entorn.com\/ca\/primers-passos-per-comencar-el-nostre-hort-ecologic\/"},"author":{"name":"Comandes","@id":"https:\/\/alter-entorn.com\/ca\/#\/schema\/person\/038d634ba7da15974cd21b377dac47e7"},"headline":"PRIMERS PASSOS PER COMEN\u00c7AR EL NOSTRE HORT ECOL\u00d2GIC","datePublished":"2018-06-26T09:35:51+00:00","mainEntityOfPage":{"@id":"https:\/\/alter-entorn.com\/ca\/primers-passos-per-comencar-el-nostre-hort-ecologic\/"},"wordCount":766,"publisher":{"@id":"https:\/\/alter-entorn.com\/ca\/#organization"},"image":{"@id":"https:\/\/alter-entorn.com\/ca\/primers-passos-per-comencar-el-nostre-hort-ecologic\/#primaryimage"},"thumbnailUrl":"https:\/\/alter-entorn.com\/wp-content\/uploads\/2018\/06\/empezar-huerto-ecologico.jpg","keywords":["hort ecologic","hort urba","hortalisses casa","plantes amb torreta","agricultura ecol\u00f2gica","hort a casa","cultivar a casa","verdures terrassa","comen\u00e7ar hort"],"articleSection":["COMPOST, HORT I JARD\u00cd"],"inLanguage":"ca"},{"@type":"WebPage","@id":"https:\/\/alter-entorn.com\/ca\/primers-passos-per-comencar-el-nostre-hort-ecologic\/","url":"https:\/\/alter-entorn.com\/ca\/primers-passos-per-comencar-el-nostre-hort-ecologic\/","name":"Com comen\u00e7ar el nostre hort ecol\u00f2gic - alter-entorn.com","isPartOf":{"@id":"https:\/\/alter-entorn.com\/ca\/#website"},"primaryImageOfPage":{"@id":"https:\/\/alter-entorn.com\/ca\/primers-passos-per-comencar-el-nostre-hort-ecologic\/#primaryimage"},"image":{"@id":"https:\/\/alter-entorn.com\/ca\/primers-passos-per-comencar-el-nostre-hort-ecologic\/#primaryimage"},"thumbnailUrl":"https:\/\/alter-entorn.com\/wp-content\/uploads\/2018\/06\/empezar-huerto-ecologico.jpg","datePublished":"2018-06-26T09:35:51+00:00","description":"Primers passos per comen\u00e7ar un hort ecol\u00f2gic: factors a tenir en compte per obtenir els millors resultats","breadcrumb":{"@id":"https:\/\/alter-entorn.com\/ca\/primers-passos-per-comencar-el-nostre-hort-ecologic\/#breadcrumb"},"inLanguage":"ca","potentialAction":[{"@type":"ReadAction","target":["https:\/\/alter-entorn.com\/ca\/primers-passos-per-comencar-el-nostre-hort-ecologic\/"]}]},{"@type":"ImageObject","inLanguage":"ca","@id":"https:\/\/alter-entorn.com\/ca\/primers-passos-per-comencar-el-nostre-hort-ecologic\/#primaryimage","url":"https:\/\/alter-entorn.com\/wp-content\/uploads\/2018\/06\/empezar-huerto-ecologico.jpg","contentUrl":"https:\/\/alter-entorn.com\/wp-content\/uploads\/2018\/06\/empezar-huerto-ecologico.jpg","width":960,"height":635,"caption":"C\u00f3mo empezar nuestro huerto ecol\u00f3gico"},{"@type":"BreadcrumbList","@id":"https:\/\/alter-entorn.com\/ca\/primers-passos-per-comencar-el-nostre-hort-ecologic\/#breadcrumb","itemListElement":[{"@type":"ListItem","position":1,"name":"Portada","item":"https:\/\/alter-entorn.com\/ca\/"},{"@type":"ListItem","position":2,"name":"PRIMERS PASSOS PER COMEN\u00c7AR EL NOSTRE HORT ECOL\u00d2GIC"}]},{"@type":"WebSite","@id":"https:\/\/alter-entorn.com\/ca\/#website","url":"https:\/\/alter-entorn.com\/ca\/","name":"alter-entorn","description":"Soluciones Microbiol\u00f3gicas probi\u00f3ticos","publisher":{"@id":"https:\/\/alter-entorn.com\/ca\/#organization"},"potentialAction":[{"@type":"SearchAction","target":{"@type":"EntryPoint","urlTemplate":"https:\/\/alter-entorn.com\/ca\/?s={search_term_string}"},"query-input":{"@type":"PropertyValueSpecification","valueRequired":true,"valueName":"search_term_string"}}],"inLanguage":"ca"},{"@type":"Organization","@id":"https:\/\/alter-entorn.com\/ca\/#organization","name":"alter-entorn","url":"https:\/\/alter-entorn.com\/ca\/","logo":{"@type":"ImageObject","inLanguage":"ca","@id":"https:\/\/alter-entorn.com\/ca\/#\/schema\/logo\/image\/","url":"https:\/\/alter-entorn.com\/wp-content\/uploads\/2018\/10\/logo_alter_entorn-sin-texto-1.png","contentUrl":"https:\/\/alter-entorn.com\/wp-content\/uploads\/2018\/10\/logo_alter_entorn-sin-texto-1.png","width":246,"height":68,"caption":"alter-entorn"},"image":{"@id":"https:\/\/alter-entorn.com\/ca\/#\/schema\/logo\/image\/"},"sameAs":["https:\/\/www.facebook.com\/alterentorn\/","https:\/\/x.com\/alterentorn"]},{"@type":"Person","@id":"https:\/\/alter-entorn.com\/ca\/#\/schema\/person\/038d634ba7da15974cd21b377dac47e7","name":"Comandes"}]}},"_links":{"self":[{"href":"https:\/\/alter-entorn.com\/ca\/wp-json\/wp\/v2\/posts\/5604","targetHints":{"allow":["GET"]}}],"collection":[{"href":"https:\/\/alter-entorn.com\/ca\/wp-json\/wp\/v2\/posts"}],"about":[{"href":"https:\/\/alter-entorn.com\/ca\/wp-json\/wp\/v2\/types\/post"}],"author":[{"embeddable":true,"href":"https:\/\/alter-entorn.com\/ca\/wp-json\/wp\/v2\/users\/3"}],"replies":[{"embeddable":true,"href":"https:\/\/alter-entorn.com\/ca\/wp-json\/wp\/v2\/comments?post=5604"}],"version-history":[{"count":0,"href":"https:\/\/alter-entorn.com\/ca\/wp-json\/wp\/v2\/posts\/5604\/revisions"}],"wp:featuredmedia":[{"embeddable":true,"href":"https:\/\/alter-entorn.com\/ca\/wp-json\/wp\/v2\/media\/5599"}],"wp:attachment":[{"href":"https:\/\/alter-entorn.com\/ca\/wp-json\/wp\/v2\/media?parent=5604"}],"wp:term":[{"taxonomy":"category","embeddable":true,"href":"https:\/\/alter-entorn.com\/ca\/wp-json\/wp\/v2\/categories?post=5604"},{"taxonomy":"post_tag","embeddable":true,"href":"https:\/\/alter-entorn.com\/ca\/wp-json\/wp\/v2\/tags?post=5604"}],"curies":[{"name":"wp","href":"https:\/\/api.w.org\/{rel}","templated":true}]}}