{"id":5704,"date":"2018-07-16T10:41:22","date_gmt":"2018-07-16T08:41:22","guid":{"rendered":"http:\/\/alter-entorn.com\/diferencia-entre-cosmetica-natural-i-ecologica\/"},"modified":"2018-07-16T10:41:22","modified_gmt":"2018-07-16T08:41:22","slug":"diferencia-entre-cosmetica-natural-i-ecologica","status":"publish","type":"post","link":"https:\/\/alter-entorn.com\/ca\/diferencia-entre-cosmetica-natural-i-ecologica\/","title":{"rendered":"DIFER\u00c8NCIA ENTRE COSM\u00c8TICA NATURAL I ECOL\u00d2GICA"},"content":{"rendered":"<h2><strong>Aclarim els dubtes sobre la cosm\u00e8tica natural, ecol\u00f2gica, org\u00e0nica i biol\u00f2gica<\/strong><\/h2>\n<p>&nbsp;<\/p>\n<h2><!--more--><\/h2>\n<p>En els \u00faltims anys s\u2019han posat molt de moda els conceptes natural, ecol\u00f2gic, org\u00e0nic i biol\u00f2gic, entre d\u2019altres similars. En el sector de la cosm\u00e8tica i la higiene personal se n\u2019est\u00e0 abusant especialment i, en molts casos, el client no sap diferenciar aquests conceptes ni sap exactament a qu\u00e8 es refereixen.<\/p>\n<p><strong>Tots aquests termes es relacionen principalment amb els ingredients del producte en q\u00fcesti\u00f3, per\u00f2 en el cas de l\u2019ecol\u00f2gic, per exemple, hauria d\u2019anar m\u00e9s enll\u00e0<\/strong> i tenir en compte tamb\u00e9 aspectes com l\u2019envasat o l\u2019origen de les mat\u00e8ries primeres.<\/p>\n<p><strong>Pel que fa als conceptes biol\u00f2gic i org\u00e0nic, solen utilitzar-se com a sin\u00f2nims d\u2019ecol\u00f2gic.<\/strong> Moltes marques els decideixen incorporar per diferenciar-se de l\u2019ecol\u00f2gic que seria el concepte correcte a Espanya. Org\u00e0nic \u00e9s un terme m\u00e9s propi dels pa\u00efsos de parla anglesa, aix\u00ed com biol\u00f2gic \u00e9s un concepte franc\u00e8s.<\/p>\n<p>De totes maneres, si el producte no disposa d\u2019una etiqueta o certificaci\u00f3 espec\u00edfica, \u00e9s for\u00e7a dif\u00edcil valorar si realment s\u00f3n o no naturals o ecol\u00f2gics, i fins a quin punt. \u00c9s a dir, <strong>qualsevol producte pot dir que \u00e9s natural per que el seu ingredient principal ho \u00e9s, o la majoria d\u2019ells, per\u00f2 hem de tenir en compte que aix\u00f2 no significa que no continguin subst\u00e0ncies sint\u00e8tiques, i fins i tot t\u00f2xiques.<\/strong><\/p>\n<p>Aix\u00ed doncs, qualsevol crema hidratant que tingui com a ingredient principal un producte natural pot anomenar-se cosm\u00e8tica natural. I aix\u00f2 s\u00f3n la immensa majoria: a partir d\u2019oli d\u2019oliva, d\u2019ametlles, rosa mosqueta, \u00e0loe vera, mel, etc. Per\u00f2 aix\u00f2 no significa que despr\u00e9s no puguin contenir parabens, perfums sint\u00e8tics o parafina.<\/p>\n<p>Per aix\u00f2 sempre <strong>hem de comprovar l\u2019etiqueta dels productes i llegir la composici\u00f3 de tots els ingredients per valorar fins a quin punt es tracta d\u2019un producte natural.<\/strong> Nom\u00e9s podem estalviar-nos aquesta feina si el producte t\u00e9 una etiqueta o certificaci\u00f3 que coneixem.<\/p>\n<p>De moment, les etiquetes i certificacions en cosm\u00e8tica varien for\u00e7a en funci\u00f3 del pa\u00eds en concret, tot i que s\u2019est\u00e0 treballant per crear una certificaci\u00f3 europea. Algunes de les m\u00e9s comunes s\u00f3n <a href=\"http:\/\/www.ecocert.com\/es\/\">Ecocert,<\/a> <a href=\"https:\/\/www.soilassociation.org\/\">Soil Association<\/a> o <a href=\"http:\/\/www.natrue.org\/\">NaTrue<\/a>. La primera d\u2019elles, per exemple, certifica que com a m\u00ednim el 95% dels ingredients han de ser naturals i processats correctament, i la resta han de formar part de la seva llista d\u2019ingredients permesos.<\/p>\n<p><strong>Pel que fa a la cosm\u00e8tica ecol\u00f2gica, org\u00e0nica o biol\u00f2gica, els seus ingredients han de ser majorit\u00e0riament cultivats amb t\u00e8cniques d\u2019agricultura ecol\u00f2gica,<\/strong> a part de ser vegetals naturals. Han d\u2019utilitzar el m\u00ednim de sint\u00e8tics possibles, ni pesticides, ni productes modificats gen\u00e8ticament, <strong>i tenir en compte altres aspectes com el respecte al medi ambient. <\/strong><\/p>\n<p>Per aix\u00f2, no poden utilitzar cap tipus de derivat del petroli, acostumen a utilitzar embalatges reciclables, prioritzen energies renovables, opten per la venta de proximitat, entre d\u2019altres. A m\u00e9s, <strong>\u00e9s imprescindible que els productes no siguin testats en animals,<\/strong> i s\u2019acostumen a evitar ingredients d\u2019aquest origen que els hi provoquin la mort. Nom\u00e9s s\u2019utilitzen ingredients procedents d\u2019animals vius, com la llet o la mel.<\/p>\n<p>En resum, <strong>la cosm\u00e8tica ecol\u00f2gica \u00e9s sempre natural per\u00f2 no a la inversa.<\/strong> Un producte es pot anomenar natural si prov\u00e9 majorit\u00e0riament de vegetals, per\u00f2 hem de comprovar sempre en quina mesura. Un producte de cosm\u00e8tica ecol\u00f2gica, en canvi, va una mica m\u00e9s enll\u00e0 preocupant-se de l\u2019origen dels ingredients, per\u00f2 tamb\u00e9 d\u2019altres aspectes per intentar danyar l\u2019entorn el menys possible.<\/p>\n<p><a href=\"https:\/\/alter-entorn.com\/ca\/categoria-producte\/salut-i-benestar\/\/cosmetica-higiene-natural\">La nostra gamma de cosm\u00e8tica Bioemsan<\/a>\u00a0\u00e9s un exemple de cosm\u00e8tica natural i ecol\u00f2gica, aix\u00ed com probi\u00f2tica, que en aquest cas compta amb les certificacions<a href=\"http:\/\/www.abg.at\/en\/\"> Austria Bio,<\/a> <a href=\"http:\/\/www.leapingbunny.org\/\">Leaping Bunny,<\/a> Derma Serv i BDIH.<\/p>\n<p>&nbsp;<\/p>\n","protected":false},"excerpt":{"rendered":"<p>Aclarim els dubtes sobre la cosm\u00e8tica natural, ecol\u00f2gica, org\u00e0nica i biol\u00f2gica &nbsp;<\/p>\n","protected":false},"author":3,"featured_media":5700,"comment_status":"closed","ping_status":"closed","sticky":false,"template":"","format":"standard","meta":{"_joinchat":[],"footnotes":""},"categories":[97],"tags":[1871,1872,1873,1874,1875,1876,1877,1878,1879],"class_list":["post-5704","post","type-post","status-publish","format-standard","has-post-thumbnail","hentry","category-salut-i-benestar","tag-cosmetica-natural-ca","tag-cosmetica-biologica-ca","tag-cosmetica-ecologica-ca","tag-cosmetica-organica-ca","tag-biocosmetica-ca","tag-cosmetica-probiotica-ca","tag-cosmetica-sense-toxics","tag-cosmetica-eco-ca","tag-certificacions-cosmetica"],"yoast_head":"<!-- This site is optimized with the Yoast SEO plugin v27.4 - https:\/\/yoast.com\/product\/yoast-seo-wordpress\/ -->\n<title>Difer\u00e8ncia entre cosm\u00e8tica natural i ecol\u00f2gica - alter-entorn.com<\/title>\n<meta name=\"description\" content=\"Expliquem les difer\u00e8ncies entre cosm\u00e8tica natural, ecol\u00f2gica, org\u00e0nica i biol\u00f2gica per saber distingir els conceptes i entendre qu\u00e8 comprem\" \/>\n<meta name=\"robots\" content=\"index, follow, max-snippet:-1, max-image-preview:large, max-video-preview:-1\" \/>\n<link rel=\"canonical\" href=\"https:\/\/alter-entorn.com\/ca\/diferencia-entre-cosmetica-natural-i-ecologica\/\" \/>\n<meta property=\"og:locale\" content=\"ca_ES\" \/>\n<meta property=\"og:type\" content=\"article\" \/>\n<meta property=\"og:title\" content=\"Difer\u00e8ncia entre cosm\u00e8tica natural i ecol\u00f2gica - alter-entorn.com\" \/>\n<meta property=\"og:description\" content=\"Expliquem les difer\u00e8ncies entre cosm\u00e8tica natural, ecol\u00f2gica, org\u00e0nica i biol\u00f2gica per saber distingir els conceptes i entendre qu\u00e8 comprem\" \/>\n<meta property=\"og:url\" content=\"https:\/\/alter-entorn.com\/ca\/diferencia-entre-cosmetica-natural-i-ecologica\/\" \/>\n<meta property=\"og:site_name\" content=\"alter-entorn\" \/>\n<meta property=\"article:publisher\" content=\"https:\/\/www.facebook.com\/alterentorn\/\" \/>\n<meta property=\"article:published_time\" content=\"2018-07-16T08:41:22+00:00\" \/>\n<meta property=\"og:image\" content=\"https:\/\/alter-entorn.com\/wp-content\/uploads\/2018\/07\/cosmetica-natural-ecologica.jpg\" \/>\n\t<meta property=\"og:image:width\" content=\"960\" \/>\n\t<meta property=\"og:image:height\" content=\"720\" \/>\n\t<meta property=\"og:image:type\" content=\"image\/jpeg\" \/>\n<meta name=\"author\" content=\"Comandes\" \/>\n<meta name=\"twitter:card\" content=\"summary_large_image\" \/>\n<meta name=\"twitter:creator\" content=\"@alterentorn\" \/>\n<meta name=\"twitter:site\" content=\"@alterentorn\" \/>\n<meta name=\"twitter:label1\" content=\"Escrit per\" \/>\n\t<meta name=\"twitter:data1\" content=\"Comandes\" \/>\n\t<meta name=\"twitter:label2\" content=\"Temps estimat de lectura\" \/>\n\t<meta name=\"twitter:data2\" content=\"3 minuts\" \/>\n<script type=\"application\/ld+json\" class=\"yoast-schema-graph\">{\"@context\":\"https:\\\/\\\/schema.org\",\"@graph\":[{\"@type\":\"Article\",\"@id\":\"https:\\\/\\\/alter-entorn.com\\\/ca\\\/diferencia-entre-cosmetica-natural-i-ecologica\\\/#article\",\"isPartOf\":{\"@id\":\"https:\\\/\\\/alter-entorn.com\\\/ca\\\/diferencia-entre-cosmetica-natural-i-ecologica\\\/\"},\"author\":{\"name\":\"Comandes\",\"@id\":\"https:\\\/\\\/alter-entorn.com\\\/ca\\\/#\\\/schema\\\/person\\\/038d634ba7da15974cd21b377dac47e7\"},\"headline\":\"DIFER\u00c8NCIA ENTRE COSM\u00c8TICA NATURAL I ECOL\u00d2GICA\",\"datePublished\":\"2018-07-16T08:41:22+00:00\",\"mainEntityOfPage\":{\"@id\":\"https:\\\/\\\/alter-entorn.com\\\/ca\\\/diferencia-entre-cosmetica-natural-i-ecologica\\\/\"},\"wordCount\":696,\"publisher\":{\"@id\":\"https:\\\/\\\/alter-entorn.com\\\/ca\\\/#organization\"},\"image\":{\"@id\":\"https:\\\/\\\/alter-entorn.com\\\/ca\\\/diferencia-entre-cosmetica-natural-i-ecologica\\\/#primaryimage\"},\"thumbnailUrl\":\"https:\\\/\\\/alter-entorn.com\\\/wp-content\\\/uploads\\\/2018\\\/07\\\/cosmetica-natural-ecologica.jpg\",\"keywords\":[\"cosmetica natural\",\"cosm\u00e8tica biol\u00f2gica\",\"cosm\u00e8tica ecol\u00f2gica\",\"cosm\u00e8tica org\u00e0nica\",\"biocosm\u00e8tica\",\"cosm\u00e8tica probi\u00f2tica\",\"cosm\u00e8tica sense t\u00f2xics\",\"cosm\u00e8tica eco\",\"certificacions cosm\u00e8tica\"],\"articleSection\":[\"SALUT I BENESTAR\"],\"inLanguage\":\"ca\"},{\"@type\":\"WebPage\",\"@id\":\"https:\\\/\\\/alter-entorn.com\\\/ca\\\/diferencia-entre-cosmetica-natural-i-ecologica\\\/\",\"url\":\"https:\\\/\\\/alter-entorn.com\\\/ca\\\/diferencia-entre-cosmetica-natural-i-ecologica\\\/\",\"name\":\"Difer\u00e8ncia entre cosm\u00e8tica natural i ecol\u00f2gica - alter-entorn.com\",\"isPartOf\":{\"@id\":\"https:\\\/\\\/alter-entorn.com\\\/ca\\\/#website\"},\"primaryImageOfPage\":{\"@id\":\"https:\\\/\\\/alter-entorn.com\\\/ca\\\/diferencia-entre-cosmetica-natural-i-ecologica\\\/#primaryimage\"},\"image\":{\"@id\":\"https:\\\/\\\/alter-entorn.com\\\/ca\\\/diferencia-entre-cosmetica-natural-i-ecologica\\\/#primaryimage\"},\"thumbnailUrl\":\"https:\\\/\\\/alter-entorn.com\\\/wp-content\\\/uploads\\\/2018\\\/07\\\/cosmetica-natural-ecologica.jpg\",\"datePublished\":\"2018-07-16T08:41:22+00:00\",\"description\":\"Expliquem les difer\u00e8ncies entre cosm\u00e8tica natural, ecol\u00f2gica, org\u00e0nica i biol\u00f2gica per saber distingir els conceptes i entendre qu\u00e8 comprem\",\"breadcrumb\":{\"@id\":\"https:\\\/\\\/alter-entorn.com\\\/ca\\\/diferencia-entre-cosmetica-natural-i-ecologica\\\/#breadcrumb\"},\"inLanguage\":\"ca\",\"potentialAction\":[{\"@type\":\"ReadAction\",\"target\":[\"https:\\\/\\\/alter-entorn.com\\\/ca\\\/diferencia-entre-cosmetica-natural-i-ecologica\\\/\"]}]},{\"@type\":\"ImageObject\",\"inLanguage\":\"ca\",\"@id\":\"https:\\\/\\\/alter-entorn.com\\\/ca\\\/diferencia-entre-cosmetica-natural-i-ecologica\\\/#primaryimage\",\"url\":\"https:\\\/\\\/alter-entorn.com\\\/wp-content\\\/uploads\\\/2018\\\/07\\\/cosmetica-natural-ecologica.jpg\",\"contentUrl\":\"https:\\\/\\\/alter-entorn.com\\\/wp-content\\\/uploads\\\/2018\\\/07\\\/cosmetica-natural-ecologica.jpg\",\"width\":960,\"height\":720,\"caption\":\"Diferencia entre cosm\u00e9tica natural y ecol\u00f3gica\"},{\"@type\":\"BreadcrumbList\",\"@id\":\"https:\\\/\\\/alter-entorn.com\\\/ca\\\/diferencia-entre-cosmetica-natural-i-ecologica\\\/#breadcrumb\",\"itemListElement\":[{\"@type\":\"ListItem\",\"position\":1,\"name\":\"Portada\",\"item\":\"https:\\\/\\\/alter-entorn.com\\\/ca\\\/\"},{\"@type\":\"ListItem\",\"position\":2,\"name\":\"DIFER\u00c8NCIA ENTRE COSM\u00c8TICA NATURAL I ECOL\u00d2GICA\"}]},{\"@type\":\"WebSite\",\"@id\":\"https:\\\/\\\/alter-entorn.com\\\/ca\\\/#website\",\"url\":\"https:\\\/\\\/alter-entorn.com\\\/ca\\\/\",\"name\":\"alter-entorn\",\"description\":\"Soluciones Microbiol\u00f3gicas probi\u00f3ticos\",\"publisher\":{\"@id\":\"https:\\\/\\\/alter-entorn.com\\\/ca\\\/#organization\"},\"potentialAction\":[{\"@type\":\"SearchAction\",\"target\":{\"@type\":\"EntryPoint\",\"urlTemplate\":\"https:\\\/\\\/alter-entorn.com\\\/ca\\\/?s={search_term_string}\"},\"query-input\":{\"@type\":\"PropertyValueSpecification\",\"valueRequired\":true,\"valueName\":\"search_term_string\"}}],\"inLanguage\":\"ca\"},{\"@type\":\"Organization\",\"@id\":\"https:\\\/\\\/alter-entorn.com\\\/ca\\\/#organization\",\"name\":\"alter-entorn\",\"url\":\"https:\\\/\\\/alter-entorn.com\\\/ca\\\/\",\"logo\":{\"@type\":\"ImageObject\",\"inLanguage\":\"ca\",\"@id\":\"https:\\\/\\\/alter-entorn.com\\\/ca\\\/#\\\/schema\\\/logo\\\/image\\\/\",\"url\":\"https:\\\/\\\/alter-entorn.com\\\/wp-content\\\/uploads\\\/2018\\\/10\\\/logo_alter_entorn-sin-texto-1.png\",\"contentUrl\":\"https:\\\/\\\/alter-entorn.com\\\/wp-content\\\/uploads\\\/2018\\\/10\\\/logo_alter_entorn-sin-texto-1.png\",\"width\":246,\"height\":68,\"caption\":\"alter-entorn\"},\"image\":{\"@id\":\"https:\\\/\\\/alter-entorn.com\\\/ca\\\/#\\\/schema\\\/logo\\\/image\\\/\"},\"sameAs\":[\"https:\\\/\\\/www.facebook.com\\\/alterentorn\\\/\",\"https:\\\/\\\/x.com\\\/alterentorn\"]},{\"@type\":\"Person\",\"@id\":\"https:\\\/\\\/alter-entorn.com\\\/ca\\\/#\\\/schema\\\/person\\\/038d634ba7da15974cd21b377dac47e7\",\"name\":\"Comandes\"}]}<\/script>\n<!-- \/ Yoast SEO plugin. -->","yoast_head_json":{"title":"Difer\u00e8ncia entre cosm\u00e8tica natural i ecol\u00f2gica - alter-entorn.com","description":"Expliquem les difer\u00e8ncies entre cosm\u00e8tica natural, ecol\u00f2gica, org\u00e0nica i biol\u00f2gica per saber distingir els conceptes i entendre qu\u00e8 comprem","robots":{"index":"index","follow":"follow","max-snippet":"max-snippet:-1","max-image-preview":"max-image-preview:large","max-video-preview":"max-video-preview:-1"},"canonical":"https:\/\/alter-entorn.com\/ca\/diferencia-entre-cosmetica-natural-i-ecologica\/","og_locale":"ca_ES","og_type":"article","og_title":"Difer\u00e8ncia entre cosm\u00e8tica natural i ecol\u00f2gica - alter-entorn.com","og_description":"Expliquem les difer\u00e8ncies entre cosm\u00e8tica natural, ecol\u00f2gica, org\u00e0nica i biol\u00f2gica per saber distingir els conceptes i entendre qu\u00e8 comprem","og_url":"https:\/\/alter-entorn.com\/ca\/diferencia-entre-cosmetica-natural-i-ecologica\/","og_site_name":"alter-entorn","article_publisher":"https:\/\/www.facebook.com\/alterentorn\/","article_published_time":"2018-07-16T08:41:22+00:00","og_image":[{"width":960,"height":720,"url":"https:\/\/alter-entorn.com\/wp-content\/uploads\/2018\/07\/cosmetica-natural-ecologica.jpg","type":"image\/jpeg"}],"author":"Comandes","twitter_card":"summary_large_image","twitter_creator":"@alterentorn","twitter_site":"@alterentorn","twitter_misc":{"Escrit per":"Comandes","Temps estimat de lectura":"3 minuts"},"schema":{"@context":"https:\/\/schema.org","@graph":[{"@type":"Article","@id":"https:\/\/alter-entorn.com\/ca\/diferencia-entre-cosmetica-natural-i-ecologica\/#article","isPartOf":{"@id":"https:\/\/alter-entorn.com\/ca\/diferencia-entre-cosmetica-natural-i-ecologica\/"},"author":{"name":"Comandes","@id":"https:\/\/alter-entorn.com\/ca\/#\/schema\/person\/038d634ba7da15974cd21b377dac47e7"},"headline":"DIFER\u00c8NCIA ENTRE COSM\u00c8TICA NATURAL I ECOL\u00d2GICA","datePublished":"2018-07-16T08:41:22+00:00","mainEntityOfPage":{"@id":"https:\/\/alter-entorn.com\/ca\/diferencia-entre-cosmetica-natural-i-ecologica\/"},"wordCount":696,"publisher":{"@id":"https:\/\/alter-entorn.com\/ca\/#organization"},"image":{"@id":"https:\/\/alter-entorn.com\/ca\/diferencia-entre-cosmetica-natural-i-ecologica\/#primaryimage"},"thumbnailUrl":"https:\/\/alter-entorn.com\/wp-content\/uploads\/2018\/07\/cosmetica-natural-ecologica.jpg","keywords":["cosmetica natural","cosm\u00e8tica biol\u00f2gica","cosm\u00e8tica ecol\u00f2gica","cosm\u00e8tica org\u00e0nica","biocosm\u00e8tica","cosm\u00e8tica probi\u00f2tica","cosm\u00e8tica sense t\u00f2xics","cosm\u00e8tica eco","certificacions cosm\u00e8tica"],"articleSection":["SALUT I BENESTAR"],"inLanguage":"ca"},{"@type":"WebPage","@id":"https:\/\/alter-entorn.com\/ca\/diferencia-entre-cosmetica-natural-i-ecologica\/","url":"https:\/\/alter-entorn.com\/ca\/diferencia-entre-cosmetica-natural-i-ecologica\/","name":"Difer\u00e8ncia entre cosm\u00e8tica natural i ecol\u00f2gica - alter-entorn.com","isPartOf":{"@id":"https:\/\/alter-entorn.com\/ca\/#website"},"primaryImageOfPage":{"@id":"https:\/\/alter-entorn.com\/ca\/diferencia-entre-cosmetica-natural-i-ecologica\/#primaryimage"},"image":{"@id":"https:\/\/alter-entorn.com\/ca\/diferencia-entre-cosmetica-natural-i-ecologica\/#primaryimage"},"thumbnailUrl":"https:\/\/alter-entorn.com\/wp-content\/uploads\/2018\/07\/cosmetica-natural-ecologica.jpg","datePublished":"2018-07-16T08:41:22+00:00","description":"Expliquem les difer\u00e8ncies entre cosm\u00e8tica natural, ecol\u00f2gica, org\u00e0nica i biol\u00f2gica per saber distingir els conceptes i entendre qu\u00e8 comprem","breadcrumb":{"@id":"https:\/\/alter-entorn.com\/ca\/diferencia-entre-cosmetica-natural-i-ecologica\/#breadcrumb"},"inLanguage":"ca","potentialAction":[{"@type":"ReadAction","target":["https:\/\/alter-entorn.com\/ca\/diferencia-entre-cosmetica-natural-i-ecologica\/"]}]},{"@type":"ImageObject","inLanguage":"ca","@id":"https:\/\/alter-entorn.com\/ca\/diferencia-entre-cosmetica-natural-i-ecologica\/#primaryimage","url":"https:\/\/alter-entorn.com\/wp-content\/uploads\/2018\/07\/cosmetica-natural-ecologica.jpg","contentUrl":"https:\/\/alter-entorn.com\/wp-content\/uploads\/2018\/07\/cosmetica-natural-ecologica.jpg","width":960,"height":720,"caption":"Diferencia entre cosm\u00e9tica natural y ecol\u00f3gica"},{"@type":"BreadcrumbList","@id":"https:\/\/alter-entorn.com\/ca\/diferencia-entre-cosmetica-natural-i-ecologica\/#breadcrumb","itemListElement":[{"@type":"ListItem","position":1,"name":"Portada","item":"https:\/\/alter-entorn.com\/ca\/"},{"@type":"ListItem","position":2,"name":"DIFER\u00c8NCIA ENTRE COSM\u00c8TICA NATURAL I ECOL\u00d2GICA"}]},{"@type":"WebSite","@id":"https:\/\/alter-entorn.com\/ca\/#website","url":"https:\/\/alter-entorn.com\/ca\/","name":"alter-entorn","description":"Soluciones Microbiol\u00f3gicas probi\u00f3ticos","publisher":{"@id":"https:\/\/alter-entorn.com\/ca\/#organization"},"potentialAction":[{"@type":"SearchAction","target":{"@type":"EntryPoint","urlTemplate":"https:\/\/alter-entorn.com\/ca\/?s={search_term_string}"},"query-input":{"@type":"PropertyValueSpecification","valueRequired":true,"valueName":"search_term_string"}}],"inLanguage":"ca"},{"@type":"Organization","@id":"https:\/\/alter-entorn.com\/ca\/#organization","name":"alter-entorn","url":"https:\/\/alter-entorn.com\/ca\/","logo":{"@type":"ImageObject","inLanguage":"ca","@id":"https:\/\/alter-entorn.com\/ca\/#\/schema\/logo\/image\/","url":"https:\/\/alter-entorn.com\/wp-content\/uploads\/2018\/10\/logo_alter_entorn-sin-texto-1.png","contentUrl":"https:\/\/alter-entorn.com\/wp-content\/uploads\/2018\/10\/logo_alter_entorn-sin-texto-1.png","width":246,"height":68,"caption":"alter-entorn"},"image":{"@id":"https:\/\/alter-entorn.com\/ca\/#\/schema\/logo\/image\/"},"sameAs":["https:\/\/www.facebook.com\/alterentorn\/","https:\/\/x.com\/alterentorn"]},{"@type":"Person","@id":"https:\/\/alter-entorn.com\/ca\/#\/schema\/person\/038d634ba7da15974cd21b377dac47e7","name":"Comandes"}]}},"_links":{"self":[{"href":"https:\/\/alter-entorn.com\/ca\/wp-json\/wp\/v2\/posts\/5704","targetHints":{"allow":["GET"]}}],"collection":[{"href":"https:\/\/alter-entorn.com\/ca\/wp-json\/wp\/v2\/posts"}],"about":[{"href":"https:\/\/alter-entorn.com\/ca\/wp-json\/wp\/v2\/types\/post"}],"author":[{"embeddable":true,"href":"https:\/\/alter-entorn.com\/ca\/wp-json\/wp\/v2\/users\/3"}],"replies":[{"embeddable":true,"href":"https:\/\/alter-entorn.com\/ca\/wp-json\/wp\/v2\/comments?post=5704"}],"version-history":[{"count":0,"href":"https:\/\/alter-entorn.com\/ca\/wp-json\/wp\/v2\/posts\/5704\/revisions"}],"wp:featuredmedia":[{"embeddable":true,"href":"https:\/\/alter-entorn.com\/ca\/wp-json\/wp\/v2\/media\/5700"}],"wp:attachment":[{"href":"https:\/\/alter-entorn.com\/ca\/wp-json\/wp\/v2\/media?parent=5704"}],"wp:term":[{"taxonomy":"category","embeddable":true,"href":"https:\/\/alter-entorn.com\/ca\/wp-json\/wp\/v2\/categories?post=5704"},{"taxonomy":"post_tag","embeddable":true,"href":"https:\/\/alter-entorn.com\/ca\/wp-json\/wp\/v2\/tags?post=5704"}],"curies":[{"name":"wp","href":"https:\/\/api.w.org\/{rel}","templated":true}]}}