{"id":5821,"date":"2018-08-20T09:24:25","date_gmt":"2018-08-20T07:24:25","guid":{"rendered":"http:\/\/alter-entorn.com\/intolerancies-i-al%c2%b7lergies-alimentaries-mes-habituals\/"},"modified":"2018-08-20T09:24:25","modified_gmt":"2018-08-20T07:24:25","slug":"intolerancies-i-al%c2%b7lergies-alimentaries-mes-habituals","status":"publish","type":"post","link":"https:\/\/alter-entorn.com\/ca\/intolerancies-i-al%c2%b7lergies-alimentaries-mes-habituals\/","title":{"rendered":"INTOLER\u00c0NCIES I AL\u00b7L\u00c8RGIES ALIMENT\u00c0RIES M\u00c9S HABITUALS"},"content":{"rendered":"<h2><strong>Les al\u00b7l\u00e8rgies i intoler\u00e0ncies aliment\u00e0ries que acostumen a ser m\u00e9s freq\u00fcents entre la poblaci\u00f3, durant la infantesa i l\u2019edat adulta<\/strong><\/h2>\n<p>&nbsp;<\/p>\n<h2><!--more--><\/h2>\n<p>En les \u00faltimes d\u00e8cades, les intoler\u00e0ncies i al\u00b7l\u00e8rgies aliment\u00e0ries han crescut notablement entre la poblaci\u00f3. Cada vegada hi ha un nombre major d\u2019afectats i, s\u00f3n m\u00e9s els aliments que ens ho poden provocar. Aquests trastorns apareixen en molts casos durant els primers anys de vida, i despr\u00e9s poden desapar\u00e8ixer o no; igual que els que es diagnostiquen durant l\u2019edat adulta.<\/p>\n<p>Primerament, cal saber <a href=\"http:\/\/alter-entorn.com\/ca\/diferencies-entre-intolerancia-i-al%C2%B7lergia-alimentaria\/\">diferenciar entre una al\u00b7l\u00e8rgia aliment\u00e0ria i una intoler\u00e0ncia<\/a>. <strong>L\u2019al\u00b7l\u00e8rgia ens provoca una reacci\u00f3 immunol\u00f2gica exagerada davant d\u2019un aliment invasor; en canvi, una intoler\u00e0ncia no afectar\u00e0 al sistema immunol\u00f2gic sin\u00f3 al digestiu,<\/strong> per la nostra incapacitat de metabolitzar l\u2019aliment correctament.<\/p>\n<p>L\u2019augment dels dos trastorns es deu a moltes causes diferents: mala alimentaci\u00f3, contaminaci\u00f3 del s\u00f2l, exc\u00e9s de greixos i sucres, increment de l\u2019estr\u00e8s, exc\u00e9s d\u2019higiene, entre d\u2019altres. I sembla que continuar\u00e0 duplicant-se durant els pr\u00f2xims anys, per aix\u00f2 volem descriure els trastorns alimentaris m\u00e9s comuns en l\u2019actualitat.<\/p>\n<blockquote><p><strong>Entre els infants, les al\u00b7l\u00e8rgies m\u00e9s freq\u00fcents s\u00f3n a la llet, els ous i el peix, mentre que els fruits secs i el marisc prenen protagonisme en edats m\u00e9s avan\u00e7ades. En els \u00faltims anys, destaquen principalment l\u2019augment d\u2019intolerants a la lactosa i els cel\u00edacs.<\/strong><\/p><\/blockquote>\n<p><strong>Les al\u00b7l\u00e8rgies m\u00e9s comunes solen apar\u00e8ixer durant la inf\u00e0ncia i, en molts casos, es superen durant els primers anys de vida.<\/strong> Les que s\u2019allarguen amb els anys, en tot cas, acostumen a perdre intensitat. Per exemple, un nen al\u00b7l\u00e8rgic a l\u2019ou pot aconseguir menjar rovells i tolerar aliments que en continguin traces a partir dels cinc anys, i l\u2019al\u00b7l\u00e8rgia pot desapar\u00e8ixer durant la adolesc\u00e8ncia.<\/p>\n<p>Els s\u00edmptomes m\u00e9s freq\u00fcents de les reaccions al\u00b7l\u00e8rgiques habituals s\u00f3n urtic\u00e0ria, erupcions, inflamaci\u00f3 de llavis i llengua, vermellor, etc. Tamb\u00e9 problemes digestius com v\u00f2mits, n\u00e0usees i diarrees, que s\u00f3n s\u00edmptomes que tamb\u00e9 es donen amb les intoler\u00e0ncies.<\/p>\n<p>Les al\u00b7l\u00e8rgies m\u00e9s freq\u00fcents s\u00f3n:<\/p>\n<ul>\n<li><strong>Ou:<\/strong> cal tenir en compte que pot ser a la clara o al rovell, o ambd\u00f3s parts, i que a la llarga s\u2019acostuma a aconseguir tolerar.<\/li>\n<li><strong>Llet de vaca:<\/strong> els derivats com el formatge i els iogurts tamb\u00e9 ens provocaran reacci\u00f3. T\u00e9 un fort component hereditari. No s\u2019ha de confondre amb la intoler\u00e0ncia a la lactosa que \u00e9s un component de la llet.<\/li>\n<li><strong>Peix o marisc:<\/strong> el segon \u00e9s m\u00e9s com\u00fa entre els adults, mentre que el primer acostuma a ser al llarg de tota la vida.<\/li>\n<li><strong>Fruits secs:<\/strong> cacahuet, avellanes i nous principalment. \u00c9s m\u00e9s freq\u00fcent en adults.<\/li>\n<li><strong>Blat:<\/strong> no s\u2019ha de confondre amb la malaltia cel\u00edaca que inclou tots els productes que contenen gluten, no nom\u00e9s el blat.<\/li>\n<li><strong>Algunes fruites i verdures:<\/strong> les m\u00e9s comunes s\u00f3n el pr\u00e9ssec, poma, albercoc, pera, maduixa, etc. I tom\u00e0quet, pastanaga, pebrot, enciam, entre d\u2019altres.<\/li>\n<li><strong>Soja:<\/strong> acostuma a ser m\u00e9s lleu que les anteriors, i normalment s\u2019acaba superant.<\/li>\n<\/ul>\n<p>Pel que fa a les intoler\u00e0ncies, les m\u00e9s habituals s\u00f3n:<\/p>\n<ul>\n<li><strong>Lactosa:<\/strong> pot ser permanent o moment\u00e0nia. Es d\u00f3na quan no tenim suficients enzims a l\u2019intest\u00ed prim per minimitzar la lactosa, que \u00e9s el sucre que porta la llet, en subst\u00e0ncies m\u00e9s petites com la glucosa; llavors passa directament a l\u2019intest\u00ed gros i ens provoca mol\u00e8sties.<\/li>\n<li><strong>Gluten:<\/strong> \u00e9s per tota la vida i t\u00e9 un alt component gen\u00e8tic. Aquesta subst\u00e0ncia es troba en molts cereals com el blat i la civada, i en molts aliments processats. Al no poder metabolitzar-lo correctament, s\u2019inflama la mucosa de l\u2019intest\u00ed prim provocant-nos malestar.<\/li>\n<li><strong>Sacarosa i\/o fructuosa:<\/strong> la primera \u00e9s al sucre pr\u00f2piament, mentre que la segona \u00e9s al sucre que cont\u00e9 la fruita i algunes verdures. S\u00f3n bastant menys habituals que les anteriors, i normalment se\u2019n solen tolerar quantitats petites.<\/li>\n<li><strong>Histamina:<\/strong> \u00e9s una subst\u00e0ncia que es troba en el nostre organisme, per\u00f2 que tamb\u00e9 contenen diversos aliments com els vins, els embotits o les conserves. Se\u2019n tolera una quantitat concreta, i al sobrepassar-la ens provoca la intoler\u00e0ncia. Cal subratllar, que a part dels s\u00edmptomes a l\u2019aparell digestiu, acostuma a provocar mareigs i migranyes.<\/li>\n<\/ul>\n<p>En conclusi\u00f3, recomanem consultar amb un especialista el diagnosi del trastorn i el seguiment, per tal de saber si \u00e9s possible anar introduint l\u2019aliment d\u2019alguna manera i fins quina quantitat. Normalment es recomana l\u2019eliminaci\u00f3 de l\u2019aliment, almenys en un principi, per\u00f2 sabem que <strong>la ingesta de <a href=\"https:\/\/alter-entorn.com\/ca\/categoria-producte\/salut-i-benestar\/\/suplements-probiotics\">suplements probi\u00f2tics com els de la gamma Bio-live<\/a>, aporta un extra d\u2019enzims al nostre cos que ens pot ajudar a tolerar amb m\u00e9s quantitat i millor alguns dels aliments als qu\u00e8 tenim intoler\u00e0ncia. <\/strong>Consulteu el vostre cas concret.<\/p>\n<p>&nbsp;<\/p>\n","protected":false},"excerpt":{"rendered":"<p>Les al\u00b7l\u00e8rgies i intoler\u00e0ncies aliment\u00e0ries que acostumen a ser m\u00e9s freq\u00fcents entre la poblaci\u00f3, durant la infantesa i l\u2019edat adulta &nbsp;<\/p>\n","protected":false},"author":3,"featured_media":5816,"comment_status":"closed","ping_status":"closed","sticky":false,"template":"","format":"standard","meta":{"_joinchat":[],"footnotes":""},"categories":[97],"tags":[1728,1981],"class_list":["post-5821","post","type-post","status-publish","format-standard","has-post-thumbnail","hentry","category-salut-i-benestar","tag-alergia-alimentaria-ca","tag-intolerancies-aliments"],"yoast_head":"<!-- This site is optimized with the Yoast SEO plugin v27.4 - https:\/\/yoast.com\/product\/yoast-seo-wordpress\/ -->\n<title>Intolerancies i al\u00b7l\u00e8rgies aliment\u00e0ries m\u00e9s habituals - alter-entorn.com<\/title>\n<meta name=\"description\" content=\"Al\u00b7l\u00e8rgies i intoler\u00e0ncies aliment\u00e0ries m\u00e9s freq\u00fcents entre la poblaci\u00f3, segons les seves edats: ou, llet, blat, fruits secs, gluten, sacarosa...\" \/>\n<meta name=\"robots\" content=\"index, follow, max-snippet:-1, max-image-preview:large, max-video-preview:-1\" \/>\n<link rel=\"canonical\" href=\"https:\/\/alter-entorn.com\/ca\/intolerancies-i-al%c2%b7lergies-alimentaries-mes-habituals\/\" \/>\n<meta property=\"og:locale\" content=\"ca_ES\" \/>\n<meta property=\"og:type\" content=\"article\" \/>\n<meta property=\"og:title\" content=\"Intolerancies i al\u00b7l\u00e8rgies aliment\u00e0ries m\u00e9s habituals - alter-entorn.com\" \/>\n<meta property=\"og:description\" content=\"Al\u00b7l\u00e8rgies i intoler\u00e0ncies aliment\u00e0ries m\u00e9s freq\u00fcents entre la poblaci\u00f3, segons les seves edats: ou, llet, blat, fruits secs, gluten, sacarosa...\" \/>\n<meta property=\"og:url\" content=\"https:\/\/alter-entorn.com\/ca\/intolerancies-i-al%c2%b7lergies-alimentaries-mes-habituals\/\" \/>\n<meta property=\"og:site_name\" content=\"alter-entorn\" \/>\n<meta property=\"article:publisher\" content=\"https:\/\/www.facebook.com\/alterentorn\/\" \/>\n<meta property=\"article:published_time\" content=\"2018-08-20T07:24:25+00:00\" \/>\n<meta property=\"og:image\" content=\"https:\/\/alter-entorn.com\/wp-content\/uploads\/2018\/08\/intolerancies-alergies-habituals.jpg\" \/>\n\t<meta property=\"og:image:width\" content=\"960\" \/>\n\t<meta property=\"og:image:height\" content=\"640\" \/>\n\t<meta property=\"og:image:type\" content=\"image\/jpeg\" \/>\n<meta name=\"author\" content=\"Comandes\" \/>\n<meta name=\"twitter:card\" content=\"summary_large_image\" \/>\n<meta name=\"twitter:creator\" content=\"@alterentorn\" \/>\n<meta name=\"twitter:site\" content=\"@alterentorn\" \/>\n<meta name=\"twitter:label1\" content=\"Escrit per\" \/>\n\t<meta name=\"twitter:data1\" content=\"Comandes\" \/>\n\t<meta name=\"twitter:label2\" content=\"Temps estimat de lectura\" \/>\n\t<meta name=\"twitter:data2\" content=\"4 minuts\" \/>\n<script type=\"application\/ld+json\" class=\"yoast-schema-graph\">{\"@context\":\"https:\\\/\\\/schema.org\",\"@graph\":[{\"@type\":\"Article\",\"@id\":\"https:\\\/\\\/alter-entorn.com\\\/ca\\\/intolerancies-i-al%c2%b7lergies-alimentaries-mes-habituals\\\/#article\",\"isPartOf\":{\"@id\":\"https:\\\/\\\/alter-entorn.com\\\/ca\\\/intolerancies-i-al%c2%b7lergies-alimentaries-mes-habituals\\\/\"},\"author\":{\"name\":\"Comandes\",\"@id\":\"https:\\\/\\\/alter-entorn.com\\\/ca\\\/#\\\/schema\\\/person\\\/038d634ba7da15974cd21b377dac47e7\"},\"headline\":\"INTOLER\u00c0NCIES I AL\u00b7L\u00c8RGIES ALIMENT\u00c0RIES M\u00c9S HABITUALS\",\"datePublished\":\"2018-08-20T07:24:25+00:00\",\"mainEntityOfPage\":{\"@id\":\"https:\\\/\\\/alter-entorn.com\\\/ca\\\/intolerancies-i-al%c2%b7lergies-alimentaries-mes-habituals\\\/\"},\"wordCount\":889,\"publisher\":{\"@id\":\"https:\\\/\\\/alter-entorn.com\\\/ca\\\/#organization\"},\"image\":{\"@id\":\"https:\\\/\\\/alter-entorn.com\\\/ca\\\/intolerancies-i-al%c2%b7lergies-alimentaries-mes-habituals\\\/#primaryimage\"},\"thumbnailUrl\":\"https:\\\/\\\/alter-entorn.com\\\/wp-content\\\/uploads\\\/2018\\\/08\\\/intolerancies-alergies-habituals.jpg\",\"keywords\":[\"alergia alimentaria\",\"intolerancies aliments\"],\"articleSection\":[\"SALUT I BENESTAR\"],\"inLanguage\":\"ca\"},{\"@type\":\"WebPage\",\"@id\":\"https:\\\/\\\/alter-entorn.com\\\/ca\\\/intolerancies-i-al%c2%b7lergies-alimentaries-mes-habituals\\\/\",\"url\":\"https:\\\/\\\/alter-entorn.com\\\/ca\\\/intolerancies-i-al%c2%b7lergies-alimentaries-mes-habituals\\\/\",\"name\":\"Intolerancies i al\u00b7l\u00e8rgies aliment\u00e0ries m\u00e9s habituals - alter-entorn.com\",\"isPartOf\":{\"@id\":\"https:\\\/\\\/alter-entorn.com\\\/ca\\\/#website\"},\"primaryImageOfPage\":{\"@id\":\"https:\\\/\\\/alter-entorn.com\\\/ca\\\/intolerancies-i-al%c2%b7lergies-alimentaries-mes-habituals\\\/#primaryimage\"},\"image\":{\"@id\":\"https:\\\/\\\/alter-entorn.com\\\/ca\\\/intolerancies-i-al%c2%b7lergies-alimentaries-mes-habituals\\\/#primaryimage\"},\"thumbnailUrl\":\"https:\\\/\\\/alter-entorn.com\\\/wp-content\\\/uploads\\\/2018\\\/08\\\/intolerancies-alergies-habituals.jpg\",\"datePublished\":\"2018-08-20T07:24:25+00:00\",\"description\":\"Al\u00b7l\u00e8rgies i intoler\u00e0ncies aliment\u00e0ries m\u00e9s freq\u00fcents entre la poblaci\u00f3, segons les seves edats: ou, llet, blat, fruits secs, gluten, sacarosa...\",\"breadcrumb\":{\"@id\":\"https:\\\/\\\/alter-entorn.com\\\/ca\\\/intolerancies-i-al%c2%b7lergies-alimentaries-mes-habituals\\\/#breadcrumb\"},\"inLanguage\":\"ca\",\"potentialAction\":[{\"@type\":\"ReadAction\",\"target\":[\"https:\\\/\\\/alter-entorn.com\\\/ca\\\/intolerancies-i-al%c2%b7lergies-alimentaries-mes-habituals\\\/\"]}]},{\"@type\":\"ImageObject\",\"inLanguage\":\"ca\",\"@id\":\"https:\\\/\\\/alter-entorn.com\\\/ca\\\/intolerancies-i-al%c2%b7lergies-alimentaries-mes-habituals\\\/#primaryimage\",\"url\":\"https:\\\/\\\/alter-entorn.com\\\/wp-content\\\/uploads\\\/2018\\\/08\\\/intolerancies-alergies-habituals.jpg\",\"contentUrl\":\"https:\\\/\\\/alter-entorn.com\\\/wp-content\\\/uploads\\\/2018\\\/08\\\/intolerancies-alergies-habituals.jpg\",\"width\":960,\"height\":640,\"caption\":\"Intolerancias y alergias alimentarias m\u00e1s habituales\"},{\"@type\":\"BreadcrumbList\",\"@id\":\"https:\\\/\\\/alter-entorn.com\\\/ca\\\/intolerancies-i-al%c2%b7lergies-alimentaries-mes-habituals\\\/#breadcrumb\",\"itemListElement\":[{\"@type\":\"ListItem\",\"position\":1,\"name\":\"Portada\",\"item\":\"https:\\\/\\\/alter-entorn.com\\\/ca\\\/\"},{\"@type\":\"ListItem\",\"position\":2,\"name\":\"INTOLER\u00c0NCIES I AL\u00b7L\u00c8RGIES ALIMENT\u00c0RIES M\u00c9S HABITUALS\"}]},{\"@type\":\"WebSite\",\"@id\":\"https:\\\/\\\/alter-entorn.com\\\/ca\\\/#website\",\"url\":\"https:\\\/\\\/alter-entorn.com\\\/ca\\\/\",\"name\":\"alter-entorn\",\"description\":\"Soluciones Microbiol\u00f3gicas probi\u00f3ticos\",\"publisher\":{\"@id\":\"https:\\\/\\\/alter-entorn.com\\\/ca\\\/#organization\"},\"potentialAction\":[{\"@type\":\"SearchAction\",\"target\":{\"@type\":\"EntryPoint\",\"urlTemplate\":\"https:\\\/\\\/alter-entorn.com\\\/ca\\\/?s={search_term_string}\"},\"query-input\":{\"@type\":\"PropertyValueSpecification\",\"valueRequired\":true,\"valueName\":\"search_term_string\"}}],\"inLanguage\":\"ca\"},{\"@type\":\"Organization\",\"@id\":\"https:\\\/\\\/alter-entorn.com\\\/ca\\\/#organization\",\"name\":\"alter-entorn\",\"url\":\"https:\\\/\\\/alter-entorn.com\\\/ca\\\/\",\"logo\":{\"@type\":\"ImageObject\",\"inLanguage\":\"ca\",\"@id\":\"https:\\\/\\\/alter-entorn.com\\\/ca\\\/#\\\/schema\\\/logo\\\/image\\\/\",\"url\":\"https:\\\/\\\/alter-entorn.com\\\/wp-content\\\/uploads\\\/2018\\\/10\\\/logo_alter_entorn-sin-texto-1.png\",\"contentUrl\":\"https:\\\/\\\/alter-entorn.com\\\/wp-content\\\/uploads\\\/2018\\\/10\\\/logo_alter_entorn-sin-texto-1.png\",\"width\":246,\"height\":68,\"caption\":\"alter-entorn\"},\"image\":{\"@id\":\"https:\\\/\\\/alter-entorn.com\\\/ca\\\/#\\\/schema\\\/logo\\\/image\\\/\"},\"sameAs\":[\"https:\\\/\\\/www.facebook.com\\\/alterentorn\\\/\",\"https:\\\/\\\/x.com\\\/alterentorn\"]},{\"@type\":\"Person\",\"@id\":\"https:\\\/\\\/alter-entorn.com\\\/ca\\\/#\\\/schema\\\/person\\\/038d634ba7da15974cd21b377dac47e7\",\"name\":\"Comandes\"}]}<\/script>\n<!-- \/ Yoast SEO plugin. -->","yoast_head_json":{"title":"Intolerancies i al\u00b7l\u00e8rgies aliment\u00e0ries m\u00e9s habituals - alter-entorn.com","description":"Al\u00b7l\u00e8rgies i intoler\u00e0ncies aliment\u00e0ries m\u00e9s freq\u00fcents entre la poblaci\u00f3, segons les seves edats: ou, llet, blat, fruits secs, gluten, sacarosa...","robots":{"index":"index","follow":"follow","max-snippet":"max-snippet:-1","max-image-preview":"max-image-preview:large","max-video-preview":"max-video-preview:-1"},"canonical":"https:\/\/alter-entorn.com\/ca\/intolerancies-i-al%c2%b7lergies-alimentaries-mes-habituals\/","og_locale":"ca_ES","og_type":"article","og_title":"Intolerancies i al\u00b7l\u00e8rgies aliment\u00e0ries m\u00e9s habituals - alter-entorn.com","og_description":"Al\u00b7l\u00e8rgies i intoler\u00e0ncies aliment\u00e0ries m\u00e9s freq\u00fcents entre la poblaci\u00f3, segons les seves edats: ou, llet, blat, fruits secs, gluten, sacarosa...","og_url":"https:\/\/alter-entorn.com\/ca\/intolerancies-i-al%c2%b7lergies-alimentaries-mes-habituals\/","og_site_name":"alter-entorn","article_publisher":"https:\/\/www.facebook.com\/alterentorn\/","article_published_time":"2018-08-20T07:24:25+00:00","og_image":[{"width":960,"height":640,"url":"https:\/\/alter-entorn.com\/wp-content\/uploads\/2018\/08\/intolerancies-alergies-habituals.jpg","type":"image\/jpeg"}],"author":"Comandes","twitter_card":"summary_large_image","twitter_creator":"@alterentorn","twitter_site":"@alterentorn","twitter_misc":{"Escrit per":"Comandes","Temps estimat de lectura":"4 minuts"},"schema":{"@context":"https:\/\/schema.org","@graph":[{"@type":"Article","@id":"https:\/\/alter-entorn.com\/ca\/intolerancies-i-al%c2%b7lergies-alimentaries-mes-habituals\/#article","isPartOf":{"@id":"https:\/\/alter-entorn.com\/ca\/intolerancies-i-al%c2%b7lergies-alimentaries-mes-habituals\/"},"author":{"name":"Comandes","@id":"https:\/\/alter-entorn.com\/ca\/#\/schema\/person\/038d634ba7da15974cd21b377dac47e7"},"headline":"INTOLER\u00c0NCIES I AL\u00b7L\u00c8RGIES ALIMENT\u00c0RIES M\u00c9S HABITUALS","datePublished":"2018-08-20T07:24:25+00:00","mainEntityOfPage":{"@id":"https:\/\/alter-entorn.com\/ca\/intolerancies-i-al%c2%b7lergies-alimentaries-mes-habituals\/"},"wordCount":889,"publisher":{"@id":"https:\/\/alter-entorn.com\/ca\/#organization"},"image":{"@id":"https:\/\/alter-entorn.com\/ca\/intolerancies-i-al%c2%b7lergies-alimentaries-mes-habituals\/#primaryimage"},"thumbnailUrl":"https:\/\/alter-entorn.com\/wp-content\/uploads\/2018\/08\/intolerancies-alergies-habituals.jpg","keywords":["alergia alimentaria","intolerancies aliments"],"articleSection":["SALUT I BENESTAR"],"inLanguage":"ca"},{"@type":"WebPage","@id":"https:\/\/alter-entorn.com\/ca\/intolerancies-i-al%c2%b7lergies-alimentaries-mes-habituals\/","url":"https:\/\/alter-entorn.com\/ca\/intolerancies-i-al%c2%b7lergies-alimentaries-mes-habituals\/","name":"Intolerancies i al\u00b7l\u00e8rgies aliment\u00e0ries m\u00e9s habituals - alter-entorn.com","isPartOf":{"@id":"https:\/\/alter-entorn.com\/ca\/#website"},"primaryImageOfPage":{"@id":"https:\/\/alter-entorn.com\/ca\/intolerancies-i-al%c2%b7lergies-alimentaries-mes-habituals\/#primaryimage"},"image":{"@id":"https:\/\/alter-entorn.com\/ca\/intolerancies-i-al%c2%b7lergies-alimentaries-mes-habituals\/#primaryimage"},"thumbnailUrl":"https:\/\/alter-entorn.com\/wp-content\/uploads\/2018\/08\/intolerancies-alergies-habituals.jpg","datePublished":"2018-08-20T07:24:25+00:00","description":"Al\u00b7l\u00e8rgies i intoler\u00e0ncies aliment\u00e0ries m\u00e9s freq\u00fcents entre la poblaci\u00f3, segons les seves edats: ou, llet, blat, fruits secs, gluten, sacarosa...","breadcrumb":{"@id":"https:\/\/alter-entorn.com\/ca\/intolerancies-i-al%c2%b7lergies-alimentaries-mes-habituals\/#breadcrumb"},"inLanguage":"ca","potentialAction":[{"@type":"ReadAction","target":["https:\/\/alter-entorn.com\/ca\/intolerancies-i-al%c2%b7lergies-alimentaries-mes-habituals\/"]}]},{"@type":"ImageObject","inLanguage":"ca","@id":"https:\/\/alter-entorn.com\/ca\/intolerancies-i-al%c2%b7lergies-alimentaries-mes-habituals\/#primaryimage","url":"https:\/\/alter-entorn.com\/wp-content\/uploads\/2018\/08\/intolerancies-alergies-habituals.jpg","contentUrl":"https:\/\/alter-entorn.com\/wp-content\/uploads\/2018\/08\/intolerancies-alergies-habituals.jpg","width":960,"height":640,"caption":"Intolerancias y alergias alimentarias m\u00e1s habituales"},{"@type":"BreadcrumbList","@id":"https:\/\/alter-entorn.com\/ca\/intolerancies-i-al%c2%b7lergies-alimentaries-mes-habituals\/#breadcrumb","itemListElement":[{"@type":"ListItem","position":1,"name":"Portada","item":"https:\/\/alter-entorn.com\/ca\/"},{"@type":"ListItem","position":2,"name":"INTOLER\u00c0NCIES I AL\u00b7L\u00c8RGIES ALIMENT\u00c0RIES M\u00c9S HABITUALS"}]},{"@type":"WebSite","@id":"https:\/\/alter-entorn.com\/ca\/#website","url":"https:\/\/alter-entorn.com\/ca\/","name":"alter-entorn","description":"Soluciones Microbiol\u00f3gicas probi\u00f3ticos","publisher":{"@id":"https:\/\/alter-entorn.com\/ca\/#organization"},"potentialAction":[{"@type":"SearchAction","target":{"@type":"EntryPoint","urlTemplate":"https:\/\/alter-entorn.com\/ca\/?s={search_term_string}"},"query-input":{"@type":"PropertyValueSpecification","valueRequired":true,"valueName":"search_term_string"}}],"inLanguage":"ca"},{"@type":"Organization","@id":"https:\/\/alter-entorn.com\/ca\/#organization","name":"alter-entorn","url":"https:\/\/alter-entorn.com\/ca\/","logo":{"@type":"ImageObject","inLanguage":"ca","@id":"https:\/\/alter-entorn.com\/ca\/#\/schema\/logo\/image\/","url":"https:\/\/alter-entorn.com\/wp-content\/uploads\/2018\/10\/logo_alter_entorn-sin-texto-1.png","contentUrl":"https:\/\/alter-entorn.com\/wp-content\/uploads\/2018\/10\/logo_alter_entorn-sin-texto-1.png","width":246,"height":68,"caption":"alter-entorn"},"image":{"@id":"https:\/\/alter-entorn.com\/ca\/#\/schema\/logo\/image\/"},"sameAs":["https:\/\/www.facebook.com\/alterentorn\/","https:\/\/x.com\/alterentorn"]},{"@type":"Person","@id":"https:\/\/alter-entorn.com\/ca\/#\/schema\/person\/038d634ba7da15974cd21b377dac47e7","name":"Comandes"}]}},"_links":{"self":[{"href":"https:\/\/alter-entorn.com\/ca\/wp-json\/wp\/v2\/posts\/5821","targetHints":{"allow":["GET"]}}],"collection":[{"href":"https:\/\/alter-entorn.com\/ca\/wp-json\/wp\/v2\/posts"}],"about":[{"href":"https:\/\/alter-entorn.com\/ca\/wp-json\/wp\/v2\/types\/post"}],"author":[{"embeddable":true,"href":"https:\/\/alter-entorn.com\/ca\/wp-json\/wp\/v2\/users\/3"}],"replies":[{"embeddable":true,"href":"https:\/\/alter-entorn.com\/ca\/wp-json\/wp\/v2\/comments?post=5821"}],"version-history":[{"count":0,"href":"https:\/\/alter-entorn.com\/ca\/wp-json\/wp\/v2\/posts\/5821\/revisions"}],"wp:featuredmedia":[{"embeddable":true,"href":"https:\/\/alter-entorn.com\/ca\/wp-json\/wp\/v2\/media\/5816"}],"wp:attachment":[{"href":"https:\/\/alter-entorn.com\/ca\/wp-json\/wp\/v2\/media?parent=5821"}],"wp:term":[{"taxonomy":"category","embeddable":true,"href":"https:\/\/alter-entorn.com\/ca\/wp-json\/wp\/v2\/categories?post=5821"},{"taxonomy":"post_tag","embeddable":true,"href":"https:\/\/alter-entorn.com\/ca\/wp-json\/wp\/v2\/tags?post=5821"}],"curies":[{"name":"wp","href":"https:\/\/api.w.org\/{rel}","templated":true}]}}