{"id":5875,"date":"2018-09-26T13:09:51","date_gmt":"2018-09-26T11:09:51","guid":{"rendered":"http:\/\/alter-entorn.com\/que-es-la-cosmetica-probiotica\/"},"modified":"2018-09-26T13:09:54","modified_gmt":"2018-09-26T11:09:54","slug":"que-es-la-cosmetica-probiotica","status":"publish","type":"post","link":"https:\/\/alter-entorn.com\/ca\/que-es-la-cosmetica-probiotica\/","title":{"rendered":"QU\u00c8 \u00c9S LA COSM\u00c8TICA PROBI\u00d2TICA?"},"content":{"rendered":"<h2><strong>La \u00faltima tend\u00e8ncia en cosm\u00e8tica s\u00f3n productes probi\u00f2tics que interpel\u00b7len la microbiota de la nostra pell, la nostra flora cut\u00e0nia o epid\u00e8rmica<\/strong><\/h2>\n<p>&nbsp;<\/p>\n<h2><!--more--><\/h2>\n<p>De la mateixa manera que coneixem <a href=\"https:\/\/alter-entorn.com\/ca\/que-son-els-probiotics\/\">els beneficis dels probi\u00f2tics<\/a> per la nostra flora intestinal, els microorganismes beneficiosos poden ajudar-nos a millorar i recuperar altres parts de l\u2019organisme. La nostra boca, el nas o els pulmons s\u00f3n algunes de les parts on es troba una gran quantitat de microbioma, aix\u00ed com la nostra pell.<\/p>\n<p>En els \u00faltims anys, s\u2019ha investigat for\u00e7a sobre aquest tema i s\u2019ha arribat a la conclusi\u00f3 que <strong>afegir probi\u00f2tics als nostres articles de cosm\u00e8tica i higiene personal, ens pot ajudar a mantenir la barrera natural de la pell, i a millorar algunes de les afectacions m\u00e9s comunes.<\/strong> Exactament de la mateixa manera que passa amb la nostra flora intestinal.<\/p>\n<p><strong>La cosm\u00e8tica probi\u00f2tica per tant, \u00e9s cosm\u00e8tica natural i ecol\u00f2gica combinada amb microorganismes beneficiosos.<\/strong> Aquests influeixen en la nostra flora cut\u00e0nia o de la pell, de la mateixa manera que ho fan en els nostres intestins, controlant el nombre de pat\u00f2gens i reequilibrant la microbiota. A m\u00e9s, augmenten el valor dels ingredients naturals ja que se\u2019n absorbeixen millor els nutrients.<\/p>\n<p><strong>La nostra pell cont\u00e9 un gran nombre de microorganismes que es dediquen a protegir-nos de l\u2019exterior i intenten retenir-hi els nutrients dels aliments i dels productes que hi apliquem. La barrera epid\u00e8rmica per\u00f2, es veu constantment atacada<\/strong> per la radiaci\u00f3 solar, l\u2019exc\u00e9s d\u2019higiene, els cosm\u00e8tics, la mala alimentaci\u00f3, entre d\u2019altres.<\/p>\n<p>S\u2019ha arribat a un punt similar al qu\u00e8 afecta a la flora intestinal, ja que tamb\u00e9 han crescut notablement les al\u00b7l\u00e8rgies i altres trastorns que afecten la pell, com la dermatitis at\u00f2pica, l\u2019acne o les irritacions. A m\u00e9s, la societat cada vegada pren m\u00e9s consci\u00e8ncia sobre les subst\u00e0ncies nocives que tenim al nostre abast, i guanyen espai les alternatives naturals.<\/p>\n<p>Per aquesta ra\u00f3, la cosm\u00e8tica natural i ecol\u00f2gica est\u00e0 prenent protagonisme en els \u00faltims anys, i la cosm\u00e8tica probi\u00f2tica en concret, \u00e9s una clara tend\u00e8ncia<strong>. Els productes probi\u00f2tics contenen microorganismes beneficiosos que potencien la efic\u00e0cia dels components, s\u00f3n regeneratius i incrementen la vitalitat, entre d\u2019altres. <\/strong><\/p>\n<p>Utilitzar productes d\u2019higiene personal i cosm\u00e8tics que continguin aquests elements, per tant, ens ajudar\u00e0 a recuperar la barrera natural de la pell, ens protegir\u00e0 de les agressions exteriors i reduir\u00e0 les alteracions que puguem patir.<\/p>\n<p>La nostra gamma de<a href=\"https:\/\/alter-entorn.com\/ca\/categoria-producte\/salut-i-benestar\/\/cosmetica-higiene-natural\"> cosm\u00e8tica probi\u00f2tica Bioemsan<\/a>\u00a0\u00e9s un exemple de la combinaci\u00f3 perfecta entre microorganismes beneficiosos i ingredients naturals de primera qualitat. Tots els ingredients s\u00f3n de conreus ecol\u00f2gics, no se\u2019ls hi afegeix cap tipus de subst\u00e0ncia sint\u00e8tica i compleixen amb quatre certificacions diferents sobre cosm\u00e8tica ecol\u00f2gica.<\/p>\n<p>&nbsp;<\/p>\n","protected":false},"excerpt":{"rendered":"<p>La \u00faltima tend\u00e8ncia en cosm\u00e8tica s\u00f3n productes probi\u00f2tics que interpel\u00b7len la microbiota de la nostra pell, la nostra flora cut\u00e0nia o epid\u00e8rmica &nbsp;<\/p>\n","protected":false},"author":3,"featured_media":5870,"comment_status":"closed","ping_status":"closed","sticky":false,"template":"","format":"standard","meta":{"_joinchat":[],"footnotes":""},"categories":[97],"tags":[1871,1876,1877,2019,2020,2021,2022,2023,2024],"class_list":["post-5875","post","type-post","status-publish","format-standard","has-post-thumbnail","hentry","category-salut-i-benestar","tag-cosmetica-natural-ca","tag-cosmetica-probiotica-ca","tag-cosmetica-sense-toxics","tag-flora-cutania","tag-epidermis-ca","tag-microbiota-pell","tag-flora-epidermica-ca","tag-pell-atopica","tag-pell-sensible"],"yoast_head":"<!-- This site is optimized with the Yoast SEO plugin v27.4 - https:\/\/yoast.com\/product\/yoast-seo-wordpress\/ -->\n<title>Qu\u00e8 \u00e9s la cosm\u00e8tica probi\u00f2tica? - alter-entorn.com<\/title>\n<meta name=\"description\" content=\"Els productes cosm\u00e8tics probi\u00f2tics interpel\u00b7len la microbiota de la nostra pell o epidermis. \u00c9s la \u00faltima tend\u00e8ncia en cosm\u00e8tica\" \/>\n<meta name=\"robots\" content=\"index, follow, max-snippet:-1, max-image-preview:large, max-video-preview:-1\" \/>\n<link rel=\"canonical\" href=\"https:\/\/alter-entorn.com\/ca\/que-es-la-cosmetica-probiotica\/\" \/>\n<meta property=\"og:locale\" content=\"ca_ES\" \/>\n<meta property=\"og:type\" content=\"article\" \/>\n<meta property=\"og:title\" content=\"Qu\u00e8 \u00e9s la cosm\u00e8tica probi\u00f2tica? - alter-entorn.com\" \/>\n<meta property=\"og:description\" content=\"Els productes cosm\u00e8tics probi\u00f2tics interpel\u00b7len la microbiota de la nostra pell o epidermis. \u00c9s la \u00faltima tend\u00e8ncia en cosm\u00e8tica\" \/>\n<meta property=\"og:url\" content=\"https:\/\/alter-entorn.com\/ca\/que-es-la-cosmetica-probiotica\/\" \/>\n<meta property=\"og:site_name\" content=\"alter-entorn\" \/>\n<meta property=\"article:publisher\" content=\"https:\/\/www.facebook.com\/alterentorn\/\" \/>\n<meta property=\"article:published_time\" content=\"2018-09-26T11:09:51+00:00\" \/>\n<meta property=\"article:modified_time\" content=\"2018-09-26T11:09:54+00:00\" \/>\n<meta property=\"og:image\" content=\"https:\/\/alter-entorn.com\/wp-content\/uploads\/2018\/09\/cosmetica-probiotica.jpg\" \/>\n\t<meta property=\"og:image:width\" content=\"960\" \/>\n\t<meta property=\"og:image:height\" content=\"640\" \/>\n\t<meta property=\"og:image:type\" content=\"image\/jpeg\" \/>\n<meta name=\"author\" content=\"Comandes\" \/>\n<meta name=\"twitter:card\" content=\"summary_large_image\" \/>\n<meta name=\"twitter:creator\" content=\"@alterentorn\" \/>\n<meta name=\"twitter:site\" content=\"@alterentorn\" \/>\n<meta name=\"twitter:label1\" content=\"Escrit per\" \/>\n\t<meta name=\"twitter:data1\" content=\"Comandes\" \/>\n\t<meta name=\"twitter:label2\" content=\"Temps estimat de lectura\" \/>\n\t<meta name=\"twitter:data2\" content=\"2 minuts\" \/>\n<script type=\"application\/ld+json\" class=\"yoast-schema-graph\">{\"@context\":\"https:\\\/\\\/schema.org\",\"@graph\":[{\"@type\":\"Article\",\"@id\":\"https:\\\/\\\/alter-entorn.com\\\/ca\\\/que-es-la-cosmetica-probiotica\\\/#article\",\"isPartOf\":{\"@id\":\"https:\\\/\\\/alter-entorn.com\\\/ca\\\/que-es-la-cosmetica-probiotica\\\/\"},\"author\":{\"name\":\"Comandes\",\"@id\":\"https:\\\/\\\/alter-entorn.com\\\/ca\\\/#\\\/schema\\\/person\\\/038d634ba7da15974cd21b377dac47e7\"},\"headline\":\"QU\u00c8 \u00c9S LA COSM\u00c8TICA PROBI\u00d2TICA?\",\"datePublished\":\"2018-09-26T11:09:51+00:00\",\"dateModified\":\"2018-09-26T11:09:54+00:00\",\"mainEntityOfPage\":{\"@id\":\"https:\\\/\\\/alter-entorn.com\\\/ca\\\/que-es-la-cosmetica-probiotica\\\/\"},\"wordCount\":502,\"publisher\":{\"@id\":\"https:\\\/\\\/alter-entorn.com\\\/ca\\\/#organization\"},\"image\":{\"@id\":\"https:\\\/\\\/alter-entorn.com\\\/ca\\\/que-es-la-cosmetica-probiotica\\\/#primaryimage\"},\"thumbnailUrl\":\"https:\\\/\\\/alter-entorn.com\\\/wp-content\\\/uploads\\\/2018\\\/09\\\/cosmetica-probiotica.jpg\",\"keywords\":[\"cosmetica natural\",\"cosm\u00e8tica probi\u00f2tica\",\"cosm\u00e8tica sense t\u00f2xics\",\"flora cut\u00e0nia\",\"epidermis\",\"microbiota pell\",\"flora epid\u00e8rmica\",\"pell at\u00f2pica\",\"pell sensible\"],\"articleSection\":[\"SALUT I BENESTAR\"],\"inLanguage\":\"ca\"},{\"@type\":\"WebPage\",\"@id\":\"https:\\\/\\\/alter-entorn.com\\\/ca\\\/que-es-la-cosmetica-probiotica\\\/\",\"url\":\"https:\\\/\\\/alter-entorn.com\\\/ca\\\/que-es-la-cosmetica-probiotica\\\/\",\"name\":\"Qu\u00e8 \u00e9s la cosm\u00e8tica probi\u00f2tica? - alter-entorn.com\",\"isPartOf\":{\"@id\":\"https:\\\/\\\/alter-entorn.com\\\/ca\\\/#website\"},\"primaryImageOfPage\":{\"@id\":\"https:\\\/\\\/alter-entorn.com\\\/ca\\\/que-es-la-cosmetica-probiotica\\\/#primaryimage\"},\"image\":{\"@id\":\"https:\\\/\\\/alter-entorn.com\\\/ca\\\/que-es-la-cosmetica-probiotica\\\/#primaryimage\"},\"thumbnailUrl\":\"https:\\\/\\\/alter-entorn.com\\\/wp-content\\\/uploads\\\/2018\\\/09\\\/cosmetica-probiotica.jpg\",\"datePublished\":\"2018-09-26T11:09:51+00:00\",\"dateModified\":\"2018-09-26T11:09:54+00:00\",\"description\":\"Els productes cosm\u00e8tics probi\u00f2tics interpel\u00b7len la microbiota de la nostra pell o epidermis. \u00c9s la \u00faltima tend\u00e8ncia en cosm\u00e8tica\",\"breadcrumb\":{\"@id\":\"https:\\\/\\\/alter-entorn.com\\\/ca\\\/que-es-la-cosmetica-probiotica\\\/#breadcrumb\"},\"inLanguage\":\"ca\",\"potentialAction\":[{\"@type\":\"ReadAction\",\"target\":[\"https:\\\/\\\/alter-entorn.com\\\/ca\\\/que-es-la-cosmetica-probiotica\\\/\"]}]},{\"@type\":\"ImageObject\",\"inLanguage\":\"ca\",\"@id\":\"https:\\\/\\\/alter-entorn.com\\\/ca\\\/que-es-la-cosmetica-probiotica\\\/#primaryimage\",\"url\":\"https:\\\/\\\/alter-entorn.com\\\/wp-content\\\/uploads\\\/2018\\\/09\\\/cosmetica-probiotica.jpg\",\"contentUrl\":\"https:\\\/\\\/alter-entorn.com\\\/wp-content\\\/uploads\\\/2018\\\/09\\\/cosmetica-probiotica.jpg\",\"width\":960,\"height\":640,\"caption\":\"\u00bfQu\u00e9 es la cosm\u00e9tica probi\u00f3tica?\"},{\"@type\":\"BreadcrumbList\",\"@id\":\"https:\\\/\\\/alter-entorn.com\\\/ca\\\/que-es-la-cosmetica-probiotica\\\/#breadcrumb\",\"itemListElement\":[{\"@type\":\"ListItem\",\"position\":1,\"name\":\"Portada\",\"item\":\"https:\\\/\\\/alter-entorn.com\\\/ca\\\/\"},{\"@type\":\"ListItem\",\"position\":2,\"name\":\"QU\u00c8 \u00c9S LA COSM\u00c8TICA PROBI\u00d2TICA?\"}]},{\"@type\":\"WebSite\",\"@id\":\"https:\\\/\\\/alter-entorn.com\\\/ca\\\/#website\",\"url\":\"https:\\\/\\\/alter-entorn.com\\\/ca\\\/\",\"name\":\"alter-entorn\",\"description\":\"Soluciones Microbiol\u00f3gicas probi\u00f3ticos\",\"publisher\":{\"@id\":\"https:\\\/\\\/alter-entorn.com\\\/ca\\\/#organization\"},\"potentialAction\":[{\"@type\":\"SearchAction\",\"target\":{\"@type\":\"EntryPoint\",\"urlTemplate\":\"https:\\\/\\\/alter-entorn.com\\\/ca\\\/?s={search_term_string}\"},\"query-input\":{\"@type\":\"PropertyValueSpecification\",\"valueRequired\":true,\"valueName\":\"search_term_string\"}}],\"inLanguage\":\"ca\"},{\"@type\":\"Organization\",\"@id\":\"https:\\\/\\\/alter-entorn.com\\\/ca\\\/#organization\",\"name\":\"alter-entorn\",\"url\":\"https:\\\/\\\/alter-entorn.com\\\/ca\\\/\",\"logo\":{\"@type\":\"ImageObject\",\"inLanguage\":\"ca\",\"@id\":\"https:\\\/\\\/alter-entorn.com\\\/ca\\\/#\\\/schema\\\/logo\\\/image\\\/\",\"url\":\"https:\\\/\\\/alter-entorn.com\\\/wp-content\\\/uploads\\\/2018\\\/10\\\/logo_alter_entorn-sin-texto-1.png\",\"contentUrl\":\"https:\\\/\\\/alter-entorn.com\\\/wp-content\\\/uploads\\\/2018\\\/10\\\/logo_alter_entorn-sin-texto-1.png\",\"width\":246,\"height\":68,\"caption\":\"alter-entorn\"},\"image\":{\"@id\":\"https:\\\/\\\/alter-entorn.com\\\/ca\\\/#\\\/schema\\\/logo\\\/image\\\/\"},\"sameAs\":[\"https:\\\/\\\/www.facebook.com\\\/alterentorn\\\/\",\"https:\\\/\\\/x.com\\\/alterentorn\"]},{\"@type\":\"Person\",\"@id\":\"https:\\\/\\\/alter-entorn.com\\\/ca\\\/#\\\/schema\\\/person\\\/038d634ba7da15974cd21b377dac47e7\",\"name\":\"Comandes\"}]}<\/script>\n<!-- \/ Yoast SEO plugin. -->","yoast_head_json":{"title":"Qu\u00e8 \u00e9s la cosm\u00e8tica probi\u00f2tica? - alter-entorn.com","description":"Els productes cosm\u00e8tics probi\u00f2tics interpel\u00b7len la microbiota de la nostra pell o epidermis. \u00c9s la \u00faltima tend\u00e8ncia en cosm\u00e8tica","robots":{"index":"index","follow":"follow","max-snippet":"max-snippet:-1","max-image-preview":"max-image-preview:large","max-video-preview":"max-video-preview:-1"},"canonical":"https:\/\/alter-entorn.com\/ca\/que-es-la-cosmetica-probiotica\/","og_locale":"ca_ES","og_type":"article","og_title":"Qu\u00e8 \u00e9s la cosm\u00e8tica probi\u00f2tica? - alter-entorn.com","og_description":"Els productes cosm\u00e8tics probi\u00f2tics interpel\u00b7len la microbiota de la nostra pell o epidermis. \u00c9s la \u00faltima tend\u00e8ncia en cosm\u00e8tica","og_url":"https:\/\/alter-entorn.com\/ca\/que-es-la-cosmetica-probiotica\/","og_site_name":"alter-entorn","article_publisher":"https:\/\/www.facebook.com\/alterentorn\/","article_published_time":"2018-09-26T11:09:51+00:00","article_modified_time":"2018-09-26T11:09:54+00:00","og_image":[{"width":960,"height":640,"url":"https:\/\/alter-entorn.com\/wp-content\/uploads\/2018\/09\/cosmetica-probiotica.jpg","type":"image\/jpeg"}],"author":"Comandes","twitter_card":"summary_large_image","twitter_creator":"@alterentorn","twitter_site":"@alterentorn","twitter_misc":{"Escrit per":"Comandes","Temps estimat de lectura":"2 minuts"},"schema":{"@context":"https:\/\/schema.org","@graph":[{"@type":"Article","@id":"https:\/\/alter-entorn.com\/ca\/que-es-la-cosmetica-probiotica\/#article","isPartOf":{"@id":"https:\/\/alter-entorn.com\/ca\/que-es-la-cosmetica-probiotica\/"},"author":{"name":"Comandes","@id":"https:\/\/alter-entorn.com\/ca\/#\/schema\/person\/038d634ba7da15974cd21b377dac47e7"},"headline":"QU\u00c8 \u00c9S LA COSM\u00c8TICA PROBI\u00d2TICA?","datePublished":"2018-09-26T11:09:51+00:00","dateModified":"2018-09-26T11:09:54+00:00","mainEntityOfPage":{"@id":"https:\/\/alter-entorn.com\/ca\/que-es-la-cosmetica-probiotica\/"},"wordCount":502,"publisher":{"@id":"https:\/\/alter-entorn.com\/ca\/#organization"},"image":{"@id":"https:\/\/alter-entorn.com\/ca\/que-es-la-cosmetica-probiotica\/#primaryimage"},"thumbnailUrl":"https:\/\/alter-entorn.com\/wp-content\/uploads\/2018\/09\/cosmetica-probiotica.jpg","keywords":["cosmetica natural","cosm\u00e8tica probi\u00f2tica","cosm\u00e8tica sense t\u00f2xics","flora cut\u00e0nia","epidermis","microbiota pell","flora epid\u00e8rmica","pell at\u00f2pica","pell sensible"],"articleSection":["SALUT I BENESTAR"],"inLanguage":"ca"},{"@type":"WebPage","@id":"https:\/\/alter-entorn.com\/ca\/que-es-la-cosmetica-probiotica\/","url":"https:\/\/alter-entorn.com\/ca\/que-es-la-cosmetica-probiotica\/","name":"Qu\u00e8 \u00e9s la cosm\u00e8tica probi\u00f2tica? - alter-entorn.com","isPartOf":{"@id":"https:\/\/alter-entorn.com\/ca\/#website"},"primaryImageOfPage":{"@id":"https:\/\/alter-entorn.com\/ca\/que-es-la-cosmetica-probiotica\/#primaryimage"},"image":{"@id":"https:\/\/alter-entorn.com\/ca\/que-es-la-cosmetica-probiotica\/#primaryimage"},"thumbnailUrl":"https:\/\/alter-entorn.com\/wp-content\/uploads\/2018\/09\/cosmetica-probiotica.jpg","datePublished":"2018-09-26T11:09:51+00:00","dateModified":"2018-09-26T11:09:54+00:00","description":"Els productes cosm\u00e8tics probi\u00f2tics interpel\u00b7len la microbiota de la nostra pell o epidermis. \u00c9s la \u00faltima tend\u00e8ncia en cosm\u00e8tica","breadcrumb":{"@id":"https:\/\/alter-entorn.com\/ca\/que-es-la-cosmetica-probiotica\/#breadcrumb"},"inLanguage":"ca","potentialAction":[{"@type":"ReadAction","target":["https:\/\/alter-entorn.com\/ca\/que-es-la-cosmetica-probiotica\/"]}]},{"@type":"ImageObject","inLanguage":"ca","@id":"https:\/\/alter-entorn.com\/ca\/que-es-la-cosmetica-probiotica\/#primaryimage","url":"https:\/\/alter-entorn.com\/wp-content\/uploads\/2018\/09\/cosmetica-probiotica.jpg","contentUrl":"https:\/\/alter-entorn.com\/wp-content\/uploads\/2018\/09\/cosmetica-probiotica.jpg","width":960,"height":640,"caption":"\u00bfQu\u00e9 es la cosm\u00e9tica probi\u00f3tica?"},{"@type":"BreadcrumbList","@id":"https:\/\/alter-entorn.com\/ca\/que-es-la-cosmetica-probiotica\/#breadcrumb","itemListElement":[{"@type":"ListItem","position":1,"name":"Portada","item":"https:\/\/alter-entorn.com\/ca\/"},{"@type":"ListItem","position":2,"name":"QU\u00c8 \u00c9S LA COSM\u00c8TICA PROBI\u00d2TICA?"}]},{"@type":"WebSite","@id":"https:\/\/alter-entorn.com\/ca\/#website","url":"https:\/\/alter-entorn.com\/ca\/","name":"alter-entorn","description":"Soluciones Microbiol\u00f3gicas probi\u00f3ticos","publisher":{"@id":"https:\/\/alter-entorn.com\/ca\/#organization"},"potentialAction":[{"@type":"SearchAction","target":{"@type":"EntryPoint","urlTemplate":"https:\/\/alter-entorn.com\/ca\/?s={search_term_string}"},"query-input":{"@type":"PropertyValueSpecification","valueRequired":true,"valueName":"search_term_string"}}],"inLanguage":"ca"},{"@type":"Organization","@id":"https:\/\/alter-entorn.com\/ca\/#organization","name":"alter-entorn","url":"https:\/\/alter-entorn.com\/ca\/","logo":{"@type":"ImageObject","inLanguage":"ca","@id":"https:\/\/alter-entorn.com\/ca\/#\/schema\/logo\/image\/","url":"https:\/\/alter-entorn.com\/wp-content\/uploads\/2018\/10\/logo_alter_entorn-sin-texto-1.png","contentUrl":"https:\/\/alter-entorn.com\/wp-content\/uploads\/2018\/10\/logo_alter_entorn-sin-texto-1.png","width":246,"height":68,"caption":"alter-entorn"},"image":{"@id":"https:\/\/alter-entorn.com\/ca\/#\/schema\/logo\/image\/"},"sameAs":["https:\/\/www.facebook.com\/alterentorn\/","https:\/\/x.com\/alterentorn"]},{"@type":"Person","@id":"https:\/\/alter-entorn.com\/ca\/#\/schema\/person\/038d634ba7da15974cd21b377dac47e7","name":"Comandes"}]}},"_links":{"self":[{"href":"https:\/\/alter-entorn.com\/ca\/wp-json\/wp\/v2\/posts\/5875","targetHints":{"allow":["GET"]}}],"collection":[{"href":"https:\/\/alter-entorn.com\/ca\/wp-json\/wp\/v2\/posts"}],"about":[{"href":"https:\/\/alter-entorn.com\/ca\/wp-json\/wp\/v2\/types\/post"}],"author":[{"embeddable":true,"href":"https:\/\/alter-entorn.com\/ca\/wp-json\/wp\/v2\/users\/3"}],"replies":[{"embeddable":true,"href":"https:\/\/alter-entorn.com\/ca\/wp-json\/wp\/v2\/comments?post=5875"}],"version-history":[{"count":0,"href":"https:\/\/alter-entorn.com\/ca\/wp-json\/wp\/v2\/posts\/5875\/revisions"}],"wp:featuredmedia":[{"embeddable":true,"href":"https:\/\/alter-entorn.com\/ca\/wp-json\/wp\/v2\/media\/5870"}],"wp:attachment":[{"href":"https:\/\/alter-entorn.com\/ca\/wp-json\/wp\/v2\/media?parent=5875"}],"wp:term":[{"taxonomy":"category","embeddable":true,"href":"https:\/\/alter-entorn.com\/ca\/wp-json\/wp\/v2\/categories?post=5875"},{"taxonomy":"post_tag","embeddable":true,"href":"https:\/\/alter-entorn.com\/ca\/wp-json\/wp\/v2\/tags?post=5875"}],"curies":[{"name":"wp","href":"https:\/\/api.w.org\/{rel}","templated":true}]}}