{"id":5920,"date":"2018-10-09T13:08:46","date_gmt":"2018-10-09T11:08:46","guid":{"rendered":"http:\/\/alter-entorn.com\/que-podem-plantar-cada-epoca-de-lany\/"},"modified":"2018-10-09T13:08:46","modified_gmt":"2018-10-09T11:08:46","slug":"que-podem-plantar-cada-epoca-de-lany","status":"publish","type":"post","link":"https:\/\/alter-entorn.com\/ca\/que-podem-plantar-cada-epoca-de-lany\/","title":{"rendered":"QU\u00c8 PODEM PLANTAR CADA \u00c8POCA DE L\u2019ANY?"},"content":{"rendered":"<h2><strong>Calendari de sembra o llistat de les principals fruites i verdures per temporada<\/strong><\/h2>\n<p>&nbsp;<\/p>\n<h2><!--more--><\/h2>\n<p>Un cop hem creat <a href=\"http:\/\/alter-entorn.com\/ca\/primers-passos-per-comencar-el-nostre-hort-ecologic\/\">el nostre hort ecol\u00f2gic<\/a>\u00a0i hem adquirit una mica d\u2019experi\u00e8ncia, segurament voldrem ampliar el nostre cultiu a altres esp\u00e8cies. <strong>Tenint en compte les caracter\u00edstiques del nostre espai, de la nostra dieta, i de l\u2019\u00e8poca de l\u2019any,haurem de triar quines s\u00f3n les hortalisses m\u00e9s adequades per plantar.<\/strong><\/p>\n<p>Realment \u00e9s una tasca dif\u00edcil elaborar un calendari de sembra per mesos que sigui perfecte ja que hi ha molts aspectes que varien f\u00e0cilment. <strong>Dins un mateix territori, podem trobar zones m\u00e9s primerenques o tardanes segons les seves condicions meteorol\u00f2giques, aix\u00ed com hi influeix la fase lunar o la varietat de l\u2019esp\u00e8cie, entre d\u2019altres.<\/strong><\/p>\n<p>Aquestes peculiaritats les anirem coneixent gr\u00e0cies a la experi\u00e8ncia al llarg dels anys. Normalment a l\u2019hora de comprar la llavor pertinent, podem demanar les instruccions b\u00e0siques, ja que a part del calendari de sembra, tamb\u00e9 cal con\u00e8ixer les feines recomanades a fer-hi i l\u2019\u00e8poca de collita. Per\u00f2 podem seguir aquest llistat aproximat per tenir una primera idea:<\/p>\n<p><strong>-Finals d\u2019hivern i primavera (de gener a maig):<\/strong>pastanagues, patates, pebrots, alls, apis, alberg\u00ednies,carxofes, porros, mongetes, tom\u00e0quets, bledes, escaroles, carbassons, cogombres, melons, s\u00edndries.<\/p>\n<p><strong>-Estiu (de juny a setembre):<\/strong>pastanagues, bledes, escaroles, cols, br\u00f2quil, coliflor, raves.<\/p>\n<p><strong>-Tardor i principis d\u2019hivern (d\u2019octubre a desembre):<\/strong>alls, apis, espinacs, p\u00e8sols, faves.<\/p>\n<p>Hem de tenir en compte tamb\u00e9, que<strong> l\u2019agricultura ecol\u00f2gica promou t\u00e8cniques com la rotaci\u00f3 de cultius, el compostatge dom\u00e8stic o la diversificaci\u00f3 d\u2019esp\u00e8cies<\/strong> dins d\u2019una mateixa parcel\u00b7la. Aquestes t\u00e8cniques ens ajudaran a mantenir un calendari de producci\u00f3 del nostre hort que s\u2019allargui durant tot l\u2019any, a part d\u2019aportar-nos molts altres beneficis.<\/p>\n<p>Per una banda, la rotaci\u00f3 de cultius saneja el nostre s\u00f2l ja que hi aporta una diversificaci\u00f3 i una major quantitat de nutrients. De la mateixa manera que ho fa afegir-hi <a href=\"http:\/\/alter-entorn.com\/ca\/cubell-compostatge\/\">el nostre compostatge dom\u00e8stic<\/a>\u00a0que a m\u00e9s, aconsegueix millorar notablement la qualitat, mida i quantitat dels fruits.<\/p>\n<p>Per l\u2019altra, la diversificaci\u00f3 de cultius permet tenir una producci\u00f3 m\u00e9s variada, i algunes esp\u00e8cies s\u2019associen entre elles ajudant-nos a fer m\u00e9s eficient el nostre sistema de reg, a controlar les plagues i estalviar espai, entre d\u2019altres.<\/p>\n<p>Aix\u00ed doncs, <strong>la correcta implementaci\u00f3 del calendari de sembra combinat amb les t\u00e8cniques m\u00e9s recomanades d\u2019agricultura ecol\u00f2gica s\u00f3n les guies a seguir per aconseguir uns bons resultats al nostre hort ecol\u00f2gic.<\/strong><\/p>\n<p>&nbsp;<\/p>\n","protected":false},"excerpt":{"rendered":"<p>Calendari de sembra o llistat de les principals fruites i verdures per temporada &nbsp;<\/p>\n","protected":false},"author":3,"featured_media":5915,"comment_status":"closed","ping_status":"closed","sticky":false,"template":"","format":"standard","meta":{"_joinchat":[],"footnotes":""},"categories":[3294],"tags":[1227,1239,2049,2050,2051,2052,2053,2054],"class_list":["post-5920","post","type-post","status-publish","format-standard","has-post-thumbnail","hentry","category-compost-hort-jardi","tag-hort-ecologic","tag-hort-urba","tag-calendari-de-sembra","tag-productes-de-temporada","tag-que-plantar-a-lhivern","tag-plantar-tot-lany","tag-que-plantar-a-lestiu","tag-que-plantar-cada-mes-ca"],"yoast_head":"<!-- This site is optimized with the Yoast SEO plugin v27.4 - https:\/\/yoast.com\/product\/yoast-seo-wordpress\/ -->\n<title>QU\u00c8 PODEM PLANTAR CADA \u00c8POCA DE L&#039;ANY? - alter-entorn.com<\/title>\n<meta name=\"description\" content=\"Calendari de sembra o llistat de verdures i hortalisses per plantar cada \u00e8poca de l&#039;any. Mantenir el nostre hort ecol\u00f2gic actiu tot l&#039;any\" \/>\n<meta name=\"robots\" content=\"index, follow, max-snippet:-1, max-image-preview:large, max-video-preview:-1\" \/>\n<link rel=\"canonical\" href=\"https:\/\/alter-entorn.com\/ca\/que-podem-plantar-cada-epoca-de-lany\/\" \/>\n<meta property=\"og:locale\" content=\"ca_ES\" \/>\n<meta property=\"og:type\" content=\"article\" \/>\n<meta property=\"og:title\" content=\"QU\u00c8 PODEM PLANTAR CADA \u00c8POCA DE L&#039;ANY? - alter-entorn.com\" \/>\n<meta property=\"og:description\" content=\"Calendari de sembra o llistat de verdures i hortalisses per plantar cada \u00e8poca de l&#039;any. Mantenir el nostre hort ecol\u00f2gic actiu tot l&#039;any\" \/>\n<meta property=\"og:url\" content=\"https:\/\/alter-entorn.com\/ca\/que-podem-plantar-cada-epoca-de-lany\/\" \/>\n<meta property=\"og:site_name\" content=\"alter-entorn\" \/>\n<meta property=\"article:publisher\" content=\"https:\/\/www.facebook.com\/alterentorn\/\" \/>\n<meta property=\"article:published_time\" content=\"2018-10-09T11:08:46+00:00\" \/>\n<meta property=\"og:image\" content=\"https:\/\/alter-entorn.com\/wp-content\/uploads\/2018\/10\/calendario-siembra.jpg\" \/>\n\t<meta property=\"og:image:width\" content=\"960\" \/>\n\t<meta property=\"og:image:height\" content=\"640\" \/>\n\t<meta property=\"og:image:type\" content=\"image\/jpeg\" \/>\n<meta name=\"author\" content=\"Comandes\" \/>\n<meta name=\"twitter:card\" content=\"summary_large_image\" \/>\n<meta name=\"twitter:creator\" content=\"@alterentorn\" \/>\n<meta name=\"twitter:site\" content=\"@alterentorn\" \/>\n<meta name=\"twitter:label1\" content=\"Escrit per\" \/>\n\t<meta name=\"twitter:data1\" content=\"Comandes\" \/>\n\t<meta name=\"twitter:label2\" content=\"Temps estimat de lectura\" \/>\n\t<meta name=\"twitter:data2\" content=\"2 minuts\" \/>\n<script type=\"application\/ld+json\" class=\"yoast-schema-graph\">{\"@context\":\"https:\\\/\\\/schema.org\",\"@graph\":[{\"@type\":\"Article\",\"@id\":\"https:\\\/\\\/alter-entorn.com\\\/ca\\\/que-podem-plantar-cada-epoca-de-lany\\\/#article\",\"isPartOf\":{\"@id\":\"https:\\\/\\\/alter-entorn.com\\\/ca\\\/que-podem-plantar-cada-epoca-de-lany\\\/\"},\"author\":{\"name\":\"Comandes\",\"@id\":\"https:\\\/\\\/alter-entorn.com\\\/ca\\\/#\\\/schema\\\/person\\\/038d634ba7da15974cd21b377dac47e7\"},\"headline\":\"QU\u00c8 PODEM PLANTAR CADA \u00c8POCA DE L\u2019ANY?\",\"datePublished\":\"2018-10-09T11:08:46+00:00\",\"mainEntityOfPage\":{\"@id\":\"https:\\\/\\\/alter-entorn.com\\\/ca\\\/que-podem-plantar-cada-epoca-de-lany\\\/\"},\"wordCount\":457,\"publisher\":{\"@id\":\"https:\\\/\\\/alter-entorn.com\\\/ca\\\/#organization\"},\"image\":{\"@id\":\"https:\\\/\\\/alter-entorn.com\\\/ca\\\/que-podem-plantar-cada-epoca-de-lany\\\/#primaryimage\"},\"thumbnailUrl\":\"https:\\\/\\\/alter-entorn.com\\\/wp-content\\\/uploads\\\/2018\\\/10\\\/calendario-siembra.jpg\",\"keywords\":[\"hort ecologic\",\"hort urba\",\"calendari de sembra\",\"productes de temporada\",\"que plantar a l'hivern\",\"plantar tot l'any\",\"que plantar a l'estiu\",\"que plantar cada mes\"],\"articleSection\":[\"COMPOST, HORT I JARD\u00cd\"],\"inLanguage\":\"ca\"},{\"@type\":\"WebPage\",\"@id\":\"https:\\\/\\\/alter-entorn.com\\\/ca\\\/que-podem-plantar-cada-epoca-de-lany\\\/\",\"url\":\"https:\\\/\\\/alter-entorn.com\\\/ca\\\/que-podem-plantar-cada-epoca-de-lany\\\/\",\"name\":\"QU\u00c8 PODEM PLANTAR CADA \u00c8POCA DE L'ANY? - alter-entorn.com\",\"isPartOf\":{\"@id\":\"https:\\\/\\\/alter-entorn.com\\\/ca\\\/#website\"},\"primaryImageOfPage\":{\"@id\":\"https:\\\/\\\/alter-entorn.com\\\/ca\\\/que-podem-plantar-cada-epoca-de-lany\\\/#primaryimage\"},\"image\":{\"@id\":\"https:\\\/\\\/alter-entorn.com\\\/ca\\\/que-podem-plantar-cada-epoca-de-lany\\\/#primaryimage\"},\"thumbnailUrl\":\"https:\\\/\\\/alter-entorn.com\\\/wp-content\\\/uploads\\\/2018\\\/10\\\/calendario-siembra.jpg\",\"datePublished\":\"2018-10-09T11:08:46+00:00\",\"description\":\"Calendari de sembra o llistat de verdures i hortalisses per plantar cada \u00e8poca de l'any. Mantenir el nostre hort ecol\u00f2gic actiu tot l'any\",\"breadcrumb\":{\"@id\":\"https:\\\/\\\/alter-entorn.com\\\/ca\\\/que-podem-plantar-cada-epoca-de-lany\\\/#breadcrumb\"},\"inLanguage\":\"ca\",\"potentialAction\":[{\"@type\":\"ReadAction\",\"target\":[\"https:\\\/\\\/alter-entorn.com\\\/ca\\\/que-podem-plantar-cada-epoca-de-lany\\\/\"]}]},{\"@type\":\"ImageObject\",\"inLanguage\":\"ca\",\"@id\":\"https:\\\/\\\/alter-entorn.com\\\/ca\\\/que-podem-plantar-cada-epoca-de-lany\\\/#primaryimage\",\"url\":\"https:\\\/\\\/alter-entorn.com\\\/wp-content\\\/uploads\\\/2018\\\/10\\\/calendario-siembra.jpg\",\"contentUrl\":\"https:\\\/\\\/alter-entorn.com\\\/wp-content\\\/uploads\\\/2018\\\/10\\\/calendario-siembra.jpg\",\"width\":960,\"height\":640,\"caption\":\"Qu\u00e9 cultivar cada \u00e9poca del a\u00f1o\"},{\"@type\":\"BreadcrumbList\",\"@id\":\"https:\\\/\\\/alter-entorn.com\\\/ca\\\/que-podem-plantar-cada-epoca-de-lany\\\/#breadcrumb\",\"itemListElement\":[{\"@type\":\"ListItem\",\"position\":1,\"name\":\"Portada\",\"item\":\"https:\\\/\\\/alter-entorn.com\\\/ca\\\/\"},{\"@type\":\"ListItem\",\"position\":2,\"name\":\"QU\u00c8 PODEM PLANTAR CADA \u00c8POCA DE L\u2019ANY?\"}]},{\"@type\":\"WebSite\",\"@id\":\"https:\\\/\\\/alter-entorn.com\\\/ca\\\/#website\",\"url\":\"https:\\\/\\\/alter-entorn.com\\\/ca\\\/\",\"name\":\"alter-entorn\",\"description\":\"Soluciones Microbiol\u00f3gicas probi\u00f3ticos\",\"publisher\":{\"@id\":\"https:\\\/\\\/alter-entorn.com\\\/ca\\\/#organization\"},\"potentialAction\":[{\"@type\":\"SearchAction\",\"target\":{\"@type\":\"EntryPoint\",\"urlTemplate\":\"https:\\\/\\\/alter-entorn.com\\\/ca\\\/?s={search_term_string}\"},\"query-input\":{\"@type\":\"PropertyValueSpecification\",\"valueRequired\":true,\"valueName\":\"search_term_string\"}}],\"inLanguage\":\"ca\"},{\"@type\":\"Organization\",\"@id\":\"https:\\\/\\\/alter-entorn.com\\\/ca\\\/#organization\",\"name\":\"alter-entorn\",\"url\":\"https:\\\/\\\/alter-entorn.com\\\/ca\\\/\",\"logo\":{\"@type\":\"ImageObject\",\"inLanguage\":\"ca\",\"@id\":\"https:\\\/\\\/alter-entorn.com\\\/ca\\\/#\\\/schema\\\/logo\\\/image\\\/\",\"url\":\"https:\\\/\\\/alter-entorn.com\\\/wp-content\\\/uploads\\\/2018\\\/10\\\/logo_alter_entorn-sin-texto-1.png\",\"contentUrl\":\"https:\\\/\\\/alter-entorn.com\\\/wp-content\\\/uploads\\\/2018\\\/10\\\/logo_alter_entorn-sin-texto-1.png\",\"width\":246,\"height\":68,\"caption\":\"alter-entorn\"},\"image\":{\"@id\":\"https:\\\/\\\/alter-entorn.com\\\/ca\\\/#\\\/schema\\\/logo\\\/image\\\/\"},\"sameAs\":[\"https:\\\/\\\/www.facebook.com\\\/alterentorn\\\/\",\"https:\\\/\\\/x.com\\\/alterentorn\"]},{\"@type\":\"Person\",\"@id\":\"https:\\\/\\\/alter-entorn.com\\\/ca\\\/#\\\/schema\\\/person\\\/038d634ba7da15974cd21b377dac47e7\",\"name\":\"Comandes\"}]}<\/script>\n<!-- \/ Yoast SEO plugin. -->","yoast_head_json":{"title":"QU\u00c8 PODEM PLANTAR CADA \u00c8POCA DE L'ANY? - alter-entorn.com","description":"Calendari de sembra o llistat de verdures i hortalisses per plantar cada \u00e8poca de l'any. Mantenir el nostre hort ecol\u00f2gic actiu tot l'any","robots":{"index":"index","follow":"follow","max-snippet":"max-snippet:-1","max-image-preview":"max-image-preview:large","max-video-preview":"max-video-preview:-1"},"canonical":"https:\/\/alter-entorn.com\/ca\/que-podem-plantar-cada-epoca-de-lany\/","og_locale":"ca_ES","og_type":"article","og_title":"QU\u00c8 PODEM PLANTAR CADA \u00c8POCA DE L'ANY? - alter-entorn.com","og_description":"Calendari de sembra o llistat de verdures i hortalisses per plantar cada \u00e8poca de l'any. Mantenir el nostre hort ecol\u00f2gic actiu tot l'any","og_url":"https:\/\/alter-entorn.com\/ca\/que-podem-plantar-cada-epoca-de-lany\/","og_site_name":"alter-entorn","article_publisher":"https:\/\/www.facebook.com\/alterentorn\/","article_published_time":"2018-10-09T11:08:46+00:00","og_image":[{"width":960,"height":640,"url":"https:\/\/alter-entorn.com\/wp-content\/uploads\/2018\/10\/calendario-siembra.jpg","type":"image\/jpeg"}],"author":"Comandes","twitter_card":"summary_large_image","twitter_creator":"@alterentorn","twitter_site":"@alterentorn","twitter_misc":{"Escrit per":"Comandes","Temps estimat de lectura":"2 minuts"},"schema":{"@context":"https:\/\/schema.org","@graph":[{"@type":"Article","@id":"https:\/\/alter-entorn.com\/ca\/que-podem-plantar-cada-epoca-de-lany\/#article","isPartOf":{"@id":"https:\/\/alter-entorn.com\/ca\/que-podem-plantar-cada-epoca-de-lany\/"},"author":{"name":"Comandes","@id":"https:\/\/alter-entorn.com\/ca\/#\/schema\/person\/038d634ba7da15974cd21b377dac47e7"},"headline":"QU\u00c8 PODEM PLANTAR CADA \u00c8POCA DE L\u2019ANY?","datePublished":"2018-10-09T11:08:46+00:00","mainEntityOfPage":{"@id":"https:\/\/alter-entorn.com\/ca\/que-podem-plantar-cada-epoca-de-lany\/"},"wordCount":457,"publisher":{"@id":"https:\/\/alter-entorn.com\/ca\/#organization"},"image":{"@id":"https:\/\/alter-entorn.com\/ca\/que-podem-plantar-cada-epoca-de-lany\/#primaryimage"},"thumbnailUrl":"https:\/\/alter-entorn.com\/wp-content\/uploads\/2018\/10\/calendario-siembra.jpg","keywords":["hort ecologic","hort urba","calendari de sembra","productes de temporada","que plantar a l'hivern","plantar tot l'any","que plantar a l'estiu","que plantar cada mes"],"articleSection":["COMPOST, HORT I JARD\u00cd"],"inLanguage":"ca"},{"@type":"WebPage","@id":"https:\/\/alter-entorn.com\/ca\/que-podem-plantar-cada-epoca-de-lany\/","url":"https:\/\/alter-entorn.com\/ca\/que-podem-plantar-cada-epoca-de-lany\/","name":"QU\u00c8 PODEM PLANTAR CADA \u00c8POCA DE L'ANY? - alter-entorn.com","isPartOf":{"@id":"https:\/\/alter-entorn.com\/ca\/#website"},"primaryImageOfPage":{"@id":"https:\/\/alter-entorn.com\/ca\/que-podem-plantar-cada-epoca-de-lany\/#primaryimage"},"image":{"@id":"https:\/\/alter-entorn.com\/ca\/que-podem-plantar-cada-epoca-de-lany\/#primaryimage"},"thumbnailUrl":"https:\/\/alter-entorn.com\/wp-content\/uploads\/2018\/10\/calendario-siembra.jpg","datePublished":"2018-10-09T11:08:46+00:00","description":"Calendari de sembra o llistat de verdures i hortalisses per plantar cada \u00e8poca de l'any. Mantenir el nostre hort ecol\u00f2gic actiu tot l'any","breadcrumb":{"@id":"https:\/\/alter-entorn.com\/ca\/que-podem-plantar-cada-epoca-de-lany\/#breadcrumb"},"inLanguage":"ca","potentialAction":[{"@type":"ReadAction","target":["https:\/\/alter-entorn.com\/ca\/que-podem-plantar-cada-epoca-de-lany\/"]}]},{"@type":"ImageObject","inLanguage":"ca","@id":"https:\/\/alter-entorn.com\/ca\/que-podem-plantar-cada-epoca-de-lany\/#primaryimage","url":"https:\/\/alter-entorn.com\/wp-content\/uploads\/2018\/10\/calendario-siembra.jpg","contentUrl":"https:\/\/alter-entorn.com\/wp-content\/uploads\/2018\/10\/calendario-siembra.jpg","width":960,"height":640,"caption":"Qu\u00e9 cultivar cada \u00e9poca del a\u00f1o"},{"@type":"BreadcrumbList","@id":"https:\/\/alter-entorn.com\/ca\/que-podem-plantar-cada-epoca-de-lany\/#breadcrumb","itemListElement":[{"@type":"ListItem","position":1,"name":"Portada","item":"https:\/\/alter-entorn.com\/ca\/"},{"@type":"ListItem","position":2,"name":"QU\u00c8 PODEM PLANTAR CADA \u00c8POCA DE L\u2019ANY?"}]},{"@type":"WebSite","@id":"https:\/\/alter-entorn.com\/ca\/#website","url":"https:\/\/alter-entorn.com\/ca\/","name":"alter-entorn","description":"Soluciones Microbiol\u00f3gicas probi\u00f3ticos","publisher":{"@id":"https:\/\/alter-entorn.com\/ca\/#organization"},"potentialAction":[{"@type":"SearchAction","target":{"@type":"EntryPoint","urlTemplate":"https:\/\/alter-entorn.com\/ca\/?s={search_term_string}"},"query-input":{"@type":"PropertyValueSpecification","valueRequired":true,"valueName":"search_term_string"}}],"inLanguage":"ca"},{"@type":"Organization","@id":"https:\/\/alter-entorn.com\/ca\/#organization","name":"alter-entorn","url":"https:\/\/alter-entorn.com\/ca\/","logo":{"@type":"ImageObject","inLanguage":"ca","@id":"https:\/\/alter-entorn.com\/ca\/#\/schema\/logo\/image\/","url":"https:\/\/alter-entorn.com\/wp-content\/uploads\/2018\/10\/logo_alter_entorn-sin-texto-1.png","contentUrl":"https:\/\/alter-entorn.com\/wp-content\/uploads\/2018\/10\/logo_alter_entorn-sin-texto-1.png","width":246,"height":68,"caption":"alter-entorn"},"image":{"@id":"https:\/\/alter-entorn.com\/ca\/#\/schema\/logo\/image\/"},"sameAs":["https:\/\/www.facebook.com\/alterentorn\/","https:\/\/x.com\/alterentorn"]},{"@type":"Person","@id":"https:\/\/alter-entorn.com\/ca\/#\/schema\/person\/038d634ba7da15974cd21b377dac47e7","name":"Comandes"}]}},"_links":{"self":[{"href":"https:\/\/alter-entorn.com\/ca\/wp-json\/wp\/v2\/posts\/5920","targetHints":{"allow":["GET"]}}],"collection":[{"href":"https:\/\/alter-entorn.com\/ca\/wp-json\/wp\/v2\/posts"}],"about":[{"href":"https:\/\/alter-entorn.com\/ca\/wp-json\/wp\/v2\/types\/post"}],"author":[{"embeddable":true,"href":"https:\/\/alter-entorn.com\/ca\/wp-json\/wp\/v2\/users\/3"}],"replies":[{"embeddable":true,"href":"https:\/\/alter-entorn.com\/ca\/wp-json\/wp\/v2\/comments?post=5920"}],"version-history":[{"count":0,"href":"https:\/\/alter-entorn.com\/ca\/wp-json\/wp\/v2\/posts\/5920\/revisions"}],"wp:featuredmedia":[{"embeddable":true,"href":"https:\/\/alter-entorn.com\/ca\/wp-json\/wp\/v2\/media\/5915"}],"wp:attachment":[{"href":"https:\/\/alter-entorn.com\/ca\/wp-json\/wp\/v2\/media?parent=5920"}],"wp:term":[{"taxonomy":"category","embeddable":true,"href":"https:\/\/alter-entorn.com\/ca\/wp-json\/wp\/v2\/categories?post=5920"},{"taxonomy":"post_tag","embeddable":true,"href":"https:\/\/alter-entorn.com\/ca\/wp-json\/wp\/v2\/tags?post=5920"}],"curies":[{"name":"wp","href":"https:\/\/api.w.org\/{rel}","templated":true}]}}