{"id":5954,"date":"2018-10-15T12:04:11","date_gmt":"2018-10-15T10:04:11","guid":{"rendered":"https:\/\/alter-entorn.com\/residus-organics-que-es-millor-no-afegir-al-cubell-de-compostatge\/"},"modified":"2019-08-28T12:56:19","modified_gmt":"2019-08-28T11:56:19","slug":"residus-organics-que-es-millor-no-afegir-al-cubell-de-compostatge","status":"publish","type":"post","link":"https:\/\/alter-entorn.com\/ca\/residus-organics-que-es-millor-no-afegir-al-cubell-de-compostatge\/","title":{"rendered":"RESIDUS ORG\u00c0NICS QUE \u00c9S MILLOR NO AFEGIR AL COMPOSTADOR"},"content":{"rendered":"<h2><strong>Llistat de restes org\u00e0niques no recomanables pel compostatge dom\u00e8stic<\/strong><\/h2>\n<p>&nbsp;<\/p>\n<h2><!--more--><\/h2>\n<p>Una vegada ens hem iniciat en el m\u00f3n del compostatge acostumen a sorgir-nos dubtes sobre el proc\u00e9s i sobre els \u201cingredients\u201d que s\u00f3n m\u00e9s adequats. En general, diem que tots els residus de mat\u00e8ria org\u00e0nica que produ\u00efm a casa s\u00f3n v\u00e0lids pel compostatge: peles de fruita i verdura, restes de menjar, marro de caf\u00e8, fulles seques del jard\u00ed, etc. De fet<strong>, com m\u00e9s variat i abundant sigui el material que afegim a la compostadora, millor ser\u00e0 el resultat final, <\/strong>ja que tindr\u00e0 nutrients m\u00e9s diversos i per tant, aportar\u00e0 beneficis diferents a les plantes del nostre hort o jard\u00ed.<\/p>\n<p><strong>Tot i aix\u00f2, hi ha diverses restes de mat\u00e8ria org\u00e0nica que \u00e9s millor llen\u00e7ar al contenidor que aprofitar-les pel nostre compostatge dom\u00e8stic.<\/strong> Tot i tractar-se de residus org\u00e0nics, pot ser que siguin una mala opci\u00f3 per diferents motius: que tardin molt a descompondre\u2019s, que facin massa mala olor, que atreguin insectes o microorganismes perjudicials, que continguin alguna subst\u00e0ncia no desitjada, etc. S&#8217;ha de mencionar que si s&#8217;utilitza un bon producte microbiol\u00f2gic com\u00a0<a href=\"https:\/\/alter-entorn.com\/producto\/elgan\/\">Elgan<\/a>\u00ae, aquestes restriccions ja no seran necess\u00e0ries ja que els microorganismes s&#8217;encarregaran de dominar el medi i controlar aquests problemes.<\/p>\n<p>Aquests s\u00f3n alguns exemples:<\/p>\n<p><strong>-Paper amb tinta:<\/strong> generalment \u00e9s favorable afegir una petita quantitat de cel\u00b7lulosa al nostre compostatge ja que augmenta la diversitat dels nutrients, i a m\u00e9s \u00e9s un dels aliments preferits dels microorganismes que habiten al nostre compost. Per aix\u00f2, recomanem afegir trossets de paper de cuina per exemple, sempre que no tingui estampats amb tinta, que <strong>cont\u00e9 algunes subst\u00e0ncies t\u00f2xiques perjudicials.<\/strong><\/p>\n<p><strong>-Restes de plantes que estiguin malaltes:<\/strong> els residus vegetals del nostre hort o plantes dom\u00e8stiques com les branques restants de la poda, les fulles seques, la gespa tallada, etc. s\u00f3n ingredients molt beneficiosos pel nostre compost, sempre que puguem assegurar que procedeixen de plantes totalment sanes. Aportar residus vegetals al compost que tinguin alguna malaltia <strong>podria significar que tot el nostre hort s\u2019encoman\u00e9s<\/strong> d\u2019aquesta.<\/p>\n<p><strong>-Ossos:<\/strong> \u00e9s un residu org\u00e0nic que acostuma a ser for\u00e7a abundant a les nostres llars per\u00f2 que no \u00e9s recomanable deixar compostar de qualsevol manera ja que atrau algunes plagues, fa for\u00e7a mala olor i triga molt de temps a descompondre\u2019s. Si decidim afegir ossos al nostre compost, <strong>hem de mirar de tallar-nos en peces molt petites i posar-los en poca quantitat. <\/strong>Recordem que si s&#8217;utilitza\u00a0<a href=\"https:\/\/alter-entorn.com\/ca\/producto\/elgan\/\">Elgan\u00ae<\/a> que accelera el proc\u00e9s, mant\u00e9 les plagues controlades i neutralitza les olors, es poden afegir sense cap problema. Aquestes recomanacions s\u00f3n aplicables tamb\u00e9 pels pinyols de fruita, les closques de marisc i fruits secs, les espines de peix, entre d\u2019altres.<\/p>\n<p><strong>-Fems d\u2019animals dom\u00e8stics<\/strong>: els excrements de les nostres mascotes <strong>contenen pat\u00f2gens que s\u00f3n perjudicials per les nostres hortalisses i per la nostra salut quan en meng\u00e9ssim els fruits.<\/strong> A m\u00e9s de tenir el problema agreujant de la mala olor i l\u2019atracci\u00f3 de plagues. De la mateixa manera, tampoc \u00e9s recomanable afegir al compost la sorra on els gats fan les seves necessitats ja que acostuma a contenir subst\u00e0ncies t\u00f2xiques com els elements perfumats.<\/p>\n<p><strong>-Oli de cuina:<\/strong> l\u2019oli usat a la nostra llar no \u00e9s recomanable per compostar tot i que sigui d\u2019origen vegetal. La ra\u00f3 principal \u00e9s que <strong>crea una capa impermeable al compost que no deixa transpirar<\/strong> el material i per tant, seguir el seu procediment. En petites quantitats, com el que podem trobar a les restes d\u2019aliments amanits o al paper de cuina utilitzat, no representa un gran problema.\u00a0Si utilitzem\u00a0<a href=\"https:\/\/alter-entorn.com\/producto\/elgan\/\">Elgan<\/a><strong><a href=\"https:\/\/alter-entorn.com\/tienda\/elgan\/\">\u00ae,<\/a>\u00a0podem posar oli de cuina sempre que sigui en petites quantitats, no tota la fregidora de cop.<\/strong><\/p>\n<p><strong>-Restes de cabells tenyits o ungles pintades:<\/strong> per la mateixa ra\u00f3 que les serradures de fustes tractades o el paper de cuina amb tinta, els cabells tenyits i les restes d\u2019ungles pintades <strong>contenen subst\u00e0ncies t\u00f2xiques que perjudicarien el nostre compost.<\/strong><\/p>\n<p>Aconsellem intentar fer un compost el m\u00e9s variat possible per\u00f2 assegurar-nos que tots els ingredients que hi afegim hi aportin beneficis. Si dubtem en un ingredient en concret, \u00e9s millor deixar-lo al marge o introduir-lo amb una quantitat molt petita perqu\u00e8 no ens perjudiqui molt si no resulta ser adequat.<\/p>\n<p>&nbsp;<\/p>\n","protected":false},"excerpt":{"rendered":"<p>Llistat de restes org\u00e0niques no recomanables pel compostatge dom\u00e8stic &nbsp;<\/p>\n","protected":false},"author":3,"featured_media":5949,"comment_status":"closed","ping_status":"closed","sticky":false,"template":"","format":"standard","meta":{"_joinchat":[],"footnotes":""},"categories":[3294],"tags":[1224,2060,2061,2062,2063,2064],"class_list":["post-5954","post","type-post","status-publish","format-standard","has-post-thumbnail","hentry","category-compost-hort-jardi","tag-materia-organica-ca","tag-ingredients-compost","tag-fer-compost","tag-residus-domestics","tag-compostatge","tag-fertilitzant-domestic"],"yoast_head":"<!-- This site is optimized with the Yoast SEO plugin v27.4 - https:\/\/yoast.com\/product\/yoast-seo-wordpress\/ -->\n<title>RESIDUS ORG\u00c0NICS QUE \u00c9S MILLOR NO COMPOSTAR<\/title>\n<meta name=\"description\" content=\"Llistat de residus dom\u00e8stics de mat\u00e8ria org\u00e0nica no recomenables per afegir al cubell de compostatge o compostadora per difererents motius\" \/>\n<meta name=\"robots\" content=\"index, follow, max-snippet:-1, max-image-preview:large, max-video-preview:-1\" \/>\n<link rel=\"canonical\" href=\"https:\/\/alter-entorn.com\/ca\/residus-organics-que-es-millor-no-afegir-al-cubell-de-compostatge\/\" \/>\n<meta property=\"og:locale\" content=\"ca_ES\" \/>\n<meta property=\"og:type\" content=\"article\" \/>\n<meta property=\"og:title\" content=\"RESIDUS ORG\u00c0NICS QUE \u00c9S MILLOR NO COMPOSTAR\" \/>\n<meta property=\"og:description\" content=\"Llistat de residus dom\u00e8stics de mat\u00e8ria org\u00e0nica no recomenables per afegir al cubell de compostatge o compostadora per difererents motius\" \/>\n<meta property=\"og:url\" content=\"https:\/\/alter-entorn.com\/ca\/residus-organics-que-es-millor-no-afegir-al-cubell-de-compostatge\/\" \/>\n<meta property=\"og:site_name\" content=\"alter-entorn\" \/>\n<meta property=\"article:publisher\" content=\"https:\/\/www.facebook.com\/alterentorn\/\" \/>\n<meta property=\"article:published_time\" content=\"2018-10-15T10:04:11+00:00\" \/>\n<meta property=\"article:modified_time\" content=\"2019-08-28T11:56:19+00:00\" \/>\n<meta property=\"og:image\" content=\"https:\/\/alter-entorn.com\/wp-content\/uploads\/2018\/10\/no-compost.jpg\" \/>\n\t<meta property=\"og:image:width\" content=\"960\" \/>\n\t<meta property=\"og:image:height\" content=\"640\" \/>\n\t<meta property=\"og:image:type\" content=\"image\/jpeg\" \/>\n<meta name=\"author\" content=\"Comandes\" \/>\n<meta name=\"twitter:card\" content=\"summary_large_image\" \/>\n<meta name=\"twitter:creator\" content=\"@alterentorn\" \/>\n<meta name=\"twitter:site\" content=\"@alterentorn\" \/>\n<meta name=\"twitter:label1\" content=\"Escrit per\" \/>\n\t<meta name=\"twitter:data1\" content=\"Comandes\" \/>\n\t<meta name=\"twitter:label2\" content=\"Temps estimat de lectura\" \/>\n\t<meta name=\"twitter:data2\" content=\"4 minuts\" \/>\n<script type=\"application\/ld+json\" class=\"yoast-schema-graph\">{\"@context\":\"https:\\\/\\\/schema.org\",\"@graph\":[{\"@type\":\"Article\",\"@id\":\"https:\\\/\\\/alter-entorn.com\\\/ca\\\/residus-organics-que-es-millor-no-afegir-al-cubell-de-compostatge\\\/#article\",\"isPartOf\":{\"@id\":\"https:\\\/\\\/alter-entorn.com\\\/ca\\\/residus-organics-que-es-millor-no-afegir-al-cubell-de-compostatge\\\/\"},\"author\":{\"name\":\"Comandes\",\"@id\":\"https:\\\/\\\/alter-entorn.com\\\/ca\\\/#\\\/schema\\\/person\\\/038d634ba7da15974cd21b377dac47e7\"},\"headline\":\"RESIDUS ORG\u00c0NICS QUE \u00c9S MILLOR NO AFEGIR AL COMPOSTADOR\",\"datePublished\":\"2018-10-15T10:04:11+00:00\",\"dateModified\":\"2019-08-28T11:56:19+00:00\",\"mainEntityOfPage\":{\"@id\":\"https:\\\/\\\/alter-entorn.com\\\/ca\\\/residus-organics-que-es-millor-no-afegir-al-cubell-de-compostatge\\\/\"},\"wordCount\":754,\"publisher\":{\"@id\":\"https:\\\/\\\/alter-entorn.com\\\/ca\\\/#organization\"},\"image\":{\"@id\":\"https:\\\/\\\/alter-entorn.com\\\/ca\\\/residus-organics-que-es-millor-no-afegir-al-cubell-de-compostatge\\\/#primaryimage\"},\"thumbnailUrl\":\"https:\\\/\\\/alter-entorn.com\\\/wp-content\\\/uploads\\\/2018\\\/10\\\/no-compost.jpg\",\"keywords\":[\"materia organica\",\"ingredients compost\",\"fer compost\",\"residus domestics\",\"compostatge\",\"fertilitzant domestic\"],\"articleSection\":[\"COMPOST, HORT I JARD\u00cd\"],\"inLanguage\":\"ca\"},{\"@type\":\"WebPage\",\"@id\":\"https:\\\/\\\/alter-entorn.com\\\/ca\\\/residus-organics-que-es-millor-no-afegir-al-cubell-de-compostatge\\\/\",\"url\":\"https:\\\/\\\/alter-entorn.com\\\/ca\\\/residus-organics-que-es-millor-no-afegir-al-cubell-de-compostatge\\\/\",\"name\":\"RESIDUS ORG\u00c0NICS QUE \u00c9S MILLOR NO COMPOSTAR\",\"isPartOf\":{\"@id\":\"https:\\\/\\\/alter-entorn.com\\\/ca\\\/#website\"},\"primaryImageOfPage\":{\"@id\":\"https:\\\/\\\/alter-entorn.com\\\/ca\\\/residus-organics-que-es-millor-no-afegir-al-cubell-de-compostatge\\\/#primaryimage\"},\"image\":{\"@id\":\"https:\\\/\\\/alter-entorn.com\\\/ca\\\/residus-organics-que-es-millor-no-afegir-al-cubell-de-compostatge\\\/#primaryimage\"},\"thumbnailUrl\":\"https:\\\/\\\/alter-entorn.com\\\/wp-content\\\/uploads\\\/2018\\\/10\\\/no-compost.jpg\",\"datePublished\":\"2018-10-15T10:04:11+00:00\",\"dateModified\":\"2019-08-28T11:56:19+00:00\",\"description\":\"Llistat de residus dom\u00e8stics de mat\u00e8ria org\u00e0nica no recomenables per afegir al cubell de compostatge o compostadora per difererents motius\",\"breadcrumb\":{\"@id\":\"https:\\\/\\\/alter-entorn.com\\\/ca\\\/residus-organics-que-es-millor-no-afegir-al-cubell-de-compostatge\\\/#breadcrumb\"},\"inLanguage\":\"ca\",\"potentialAction\":[{\"@type\":\"ReadAction\",\"target\":[\"https:\\\/\\\/alter-entorn.com\\\/ca\\\/residus-organics-que-es-millor-no-afegir-al-cubell-de-compostatge\\\/\"]}]},{\"@type\":\"ImageObject\",\"inLanguage\":\"ca\",\"@id\":\"https:\\\/\\\/alter-entorn.com\\\/ca\\\/residus-organics-que-es-millor-no-afegir-al-cubell-de-compostatge\\\/#primaryimage\",\"url\":\"https:\\\/\\\/alter-entorn.com\\\/wp-content\\\/uploads\\\/2018\\\/10\\\/no-compost.jpg\",\"contentUrl\":\"https:\\\/\\\/alter-entorn.com\\\/wp-content\\\/uploads\\\/2018\\\/10\\\/no-compost.jpg\",\"width\":960,\"height\":640,\"caption\":\"Residuos org\u00e1nicos que es mejorar no compostar\"},{\"@type\":\"BreadcrumbList\",\"@id\":\"https:\\\/\\\/alter-entorn.com\\\/ca\\\/residus-organics-que-es-millor-no-afegir-al-cubell-de-compostatge\\\/#breadcrumb\",\"itemListElement\":[{\"@type\":\"ListItem\",\"position\":1,\"name\":\"Portada\",\"item\":\"https:\\\/\\\/alter-entorn.com\\\/ca\\\/\"},{\"@type\":\"ListItem\",\"position\":2,\"name\":\"RESIDUS ORG\u00c0NICS QUE \u00c9S MILLOR NO AFEGIR AL COMPOSTADOR\"}]},{\"@type\":\"WebSite\",\"@id\":\"https:\\\/\\\/alter-entorn.com\\\/ca\\\/#website\",\"url\":\"https:\\\/\\\/alter-entorn.com\\\/ca\\\/\",\"name\":\"alter-entorn\",\"description\":\"Soluciones Microbiol\u00f3gicas probi\u00f3ticos\",\"publisher\":{\"@id\":\"https:\\\/\\\/alter-entorn.com\\\/ca\\\/#organization\"},\"potentialAction\":[{\"@type\":\"SearchAction\",\"target\":{\"@type\":\"EntryPoint\",\"urlTemplate\":\"https:\\\/\\\/alter-entorn.com\\\/ca\\\/?s={search_term_string}\"},\"query-input\":{\"@type\":\"PropertyValueSpecification\",\"valueRequired\":true,\"valueName\":\"search_term_string\"}}],\"inLanguage\":\"ca\"},{\"@type\":\"Organization\",\"@id\":\"https:\\\/\\\/alter-entorn.com\\\/ca\\\/#organization\",\"name\":\"alter-entorn\",\"url\":\"https:\\\/\\\/alter-entorn.com\\\/ca\\\/\",\"logo\":{\"@type\":\"ImageObject\",\"inLanguage\":\"ca\",\"@id\":\"https:\\\/\\\/alter-entorn.com\\\/ca\\\/#\\\/schema\\\/logo\\\/image\\\/\",\"url\":\"https:\\\/\\\/alter-entorn.com\\\/wp-content\\\/uploads\\\/2018\\\/10\\\/logo_alter_entorn-sin-texto-1.png\",\"contentUrl\":\"https:\\\/\\\/alter-entorn.com\\\/wp-content\\\/uploads\\\/2018\\\/10\\\/logo_alter_entorn-sin-texto-1.png\",\"width\":246,\"height\":68,\"caption\":\"alter-entorn\"},\"image\":{\"@id\":\"https:\\\/\\\/alter-entorn.com\\\/ca\\\/#\\\/schema\\\/logo\\\/image\\\/\"},\"sameAs\":[\"https:\\\/\\\/www.facebook.com\\\/alterentorn\\\/\",\"https:\\\/\\\/x.com\\\/alterentorn\"]},{\"@type\":\"Person\",\"@id\":\"https:\\\/\\\/alter-entorn.com\\\/ca\\\/#\\\/schema\\\/person\\\/038d634ba7da15974cd21b377dac47e7\",\"name\":\"Comandes\"}]}<\/script>\n<!-- \/ Yoast SEO plugin. -->","yoast_head_json":{"title":"RESIDUS ORG\u00c0NICS QUE \u00c9S MILLOR NO COMPOSTAR","description":"Llistat de residus dom\u00e8stics de mat\u00e8ria org\u00e0nica no recomenables per afegir al cubell de compostatge o compostadora per difererents motius","robots":{"index":"index","follow":"follow","max-snippet":"max-snippet:-1","max-image-preview":"max-image-preview:large","max-video-preview":"max-video-preview:-1"},"canonical":"https:\/\/alter-entorn.com\/ca\/residus-organics-que-es-millor-no-afegir-al-cubell-de-compostatge\/","og_locale":"ca_ES","og_type":"article","og_title":"RESIDUS ORG\u00c0NICS QUE \u00c9S MILLOR NO COMPOSTAR","og_description":"Llistat de residus dom\u00e8stics de mat\u00e8ria org\u00e0nica no recomenables per afegir al cubell de compostatge o compostadora per difererents motius","og_url":"https:\/\/alter-entorn.com\/ca\/residus-organics-que-es-millor-no-afegir-al-cubell-de-compostatge\/","og_site_name":"alter-entorn","article_publisher":"https:\/\/www.facebook.com\/alterentorn\/","article_published_time":"2018-10-15T10:04:11+00:00","article_modified_time":"2019-08-28T11:56:19+00:00","og_image":[{"width":960,"height":640,"url":"https:\/\/alter-entorn.com\/wp-content\/uploads\/2018\/10\/no-compost.jpg","type":"image\/jpeg"}],"author":"Comandes","twitter_card":"summary_large_image","twitter_creator":"@alterentorn","twitter_site":"@alterentorn","twitter_misc":{"Escrit per":"Comandes","Temps estimat de lectura":"4 minuts"},"schema":{"@context":"https:\/\/schema.org","@graph":[{"@type":"Article","@id":"https:\/\/alter-entorn.com\/ca\/residus-organics-que-es-millor-no-afegir-al-cubell-de-compostatge\/#article","isPartOf":{"@id":"https:\/\/alter-entorn.com\/ca\/residus-organics-que-es-millor-no-afegir-al-cubell-de-compostatge\/"},"author":{"name":"Comandes","@id":"https:\/\/alter-entorn.com\/ca\/#\/schema\/person\/038d634ba7da15974cd21b377dac47e7"},"headline":"RESIDUS ORG\u00c0NICS QUE \u00c9S MILLOR NO AFEGIR AL COMPOSTADOR","datePublished":"2018-10-15T10:04:11+00:00","dateModified":"2019-08-28T11:56:19+00:00","mainEntityOfPage":{"@id":"https:\/\/alter-entorn.com\/ca\/residus-organics-que-es-millor-no-afegir-al-cubell-de-compostatge\/"},"wordCount":754,"publisher":{"@id":"https:\/\/alter-entorn.com\/ca\/#organization"},"image":{"@id":"https:\/\/alter-entorn.com\/ca\/residus-organics-que-es-millor-no-afegir-al-cubell-de-compostatge\/#primaryimage"},"thumbnailUrl":"https:\/\/alter-entorn.com\/wp-content\/uploads\/2018\/10\/no-compost.jpg","keywords":["materia organica","ingredients compost","fer compost","residus domestics","compostatge","fertilitzant domestic"],"articleSection":["COMPOST, HORT I JARD\u00cd"],"inLanguage":"ca"},{"@type":"WebPage","@id":"https:\/\/alter-entorn.com\/ca\/residus-organics-que-es-millor-no-afegir-al-cubell-de-compostatge\/","url":"https:\/\/alter-entorn.com\/ca\/residus-organics-que-es-millor-no-afegir-al-cubell-de-compostatge\/","name":"RESIDUS ORG\u00c0NICS QUE \u00c9S MILLOR NO COMPOSTAR","isPartOf":{"@id":"https:\/\/alter-entorn.com\/ca\/#website"},"primaryImageOfPage":{"@id":"https:\/\/alter-entorn.com\/ca\/residus-organics-que-es-millor-no-afegir-al-cubell-de-compostatge\/#primaryimage"},"image":{"@id":"https:\/\/alter-entorn.com\/ca\/residus-organics-que-es-millor-no-afegir-al-cubell-de-compostatge\/#primaryimage"},"thumbnailUrl":"https:\/\/alter-entorn.com\/wp-content\/uploads\/2018\/10\/no-compost.jpg","datePublished":"2018-10-15T10:04:11+00:00","dateModified":"2019-08-28T11:56:19+00:00","description":"Llistat de residus dom\u00e8stics de mat\u00e8ria org\u00e0nica no recomenables per afegir al cubell de compostatge o compostadora per difererents motius","breadcrumb":{"@id":"https:\/\/alter-entorn.com\/ca\/residus-organics-que-es-millor-no-afegir-al-cubell-de-compostatge\/#breadcrumb"},"inLanguage":"ca","potentialAction":[{"@type":"ReadAction","target":["https:\/\/alter-entorn.com\/ca\/residus-organics-que-es-millor-no-afegir-al-cubell-de-compostatge\/"]}]},{"@type":"ImageObject","inLanguage":"ca","@id":"https:\/\/alter-entorn.com\/ca\/residus-organics-que-es-millor-no-afegir-al-cubell-de-compostatge\/#primaryimage","url":"https:\/\/alter-entorn.com\/wp-content\/uploads\/2018\/10\/no-compost.jpg","contentUrl":"https:\/\/alter-entorn.com\/wp-content\/uploads\/2018\/10\/no-compost.jpg","width":960,"height":640,"caption":"Residuos org\u00e1nicos que es mejorar no compostar"},{"@type":"BreadcrumbList","@id":"https:\/\/alter-entorn.com\/ca\/residus-organics-que-es-millor-no-afegir-al-cubell-de-compostatge\/#breadcrumb","itemListElement":[{"@type":"ListItem","position":1,"name":"Portada","item":"https:\/\/alter-entorn.com\/ca\/"},{"@type":"ListItem","position":2,"name":"RESIDUS ORG\u00c0NICS QUE \u00c9S MILLOR NO AFEGIR AL COMPOSTADOR"}]},{"@type":"WebSite","@id":"https:\/\/alter-entorn.com\/ca\/#website","url":"https:\/\/alter-entorn.com\/ca\/","name":"alter-entorn","description":"Soluciones Microbiol\u00f3gicas probi\u00f3ticos","publisher":{"@id":"https:\/\/alter-entorn.com\/ca\/#organization"},"potentialAction":[{"@type":"SearchAction","target":{"@type":"EntryPoint","urlTemplate":"https:\/\/alter-entorn.com\/ca\/?s={search_term_string}"},"query-input":{"@type":"PropertyValueSpecification","valueRequired":true,"valueName":"search_term_string"}}],"inLanguage":"ca"},{"@type":"Organization","@id":"https:\/\/alter-entorn.com\/ca\/#organization","name":"alter-entorn","url":"https:\/\/alter-entorn.com\/ca\/","logo":{"@type":"ImageObject","inLanguage":"ca","@id":"https:\/\/alter-entorn.com\/ca\/#\/schema\/logo\/image\/","url":"https:\/\/alter-entorn.com\/wp-content\/uploads\/2018\/10\/logo_alter_entorn-sin-texto-1.png","contentUrl":"https:\/\/alter-entorn.com\/wp-content\/uploads\/2018\/10\/logo_alter_entorn-sin-texto-1.png","width":246,"height":68,"caption":"alter-entorn"},"image":{"@id":"https:\/\/alter-entorn.com\/ca\/#\/schema\/logo\/image\/"},"sameAs":["https:\/\/www.facebook.com\/alterentorn\/","https:\/\/x.com\/alterentorn"]},{"@type":"Person","@id":"https:\/\/alter-entorn.com\/ca\/#\/schema\/person\/038d634ba7da15974cd21b377dac47e7","name":"Comandes"}]}},"_links":{"self":[{"href":"https:\/\/alter-entorn.com\/ca\/wp-json\/wp\/v2\/posts\/5954","targetHints":{"allow":["GET"]}}],"collection":[{"href":"https:\/\/alter-entorn.com\/ca\/wp-json\/wp\/v2\/posts"}],"about":[{"href":"https:\/\/alter-entorn.com\/ca\/wp-json\/wp\/v2\/types\/post"}],"author":[{"embeddable":true,"href":"https:\/\/alter-entorn.com\/ca\/wp-json\/wp\/v2\/users\/3"}],"replies":[{"embeddable":true,"href":"https:\/\/alter-entorn.com\/ca\/wp-json\/wp\/v2\/comments?post=5954"}],"version-history":[{"count":0,"href":"https:\/\/alter-entorn.com\/ca\/wp-json\/wp\/v2\/posts\/5954\/revisions"}],"wp:featuredmedia":[{"embeddable":true,"href":"https:\/\/alter-entorn.com\/ca\/wp-json\/wp\/v2\/media\/5949"}],"wp:attachment":[{"href":"https:\/\/alter-entorn.com\/ca\/wp-json\/wp\/v2\/media?parent=5954"}],"wp:term":[{"taxonomy":"category","embeddable":true,"href":"https:\/\/alter-entorn.com\/ca\/wp-json\/wp\/v2\/categories?post=5954"},{"taxonomy":"post_tag","embeddable":true,"href":"https:\/\/alter-entorn.com\/ca\/wp-json\/wp\/v2\/tags?post=5954"}],"curies":[{"name":"wp","href":"https:\/\/api.w.org\/{rel}","templated":true}]}}