{"id":6327,"date":"2019-01-02T11:31:55","date_gmt":"2019-01-02T10:31:55","guid":{"rendered":"https:\/\/alter-entorn.com\/les-substancies-quimiques-nocives-mes-comunes-a-laire-dels-interiors\/"},"modified":"2019-01-02T11:31:55","modified_gmt":"2019-01-02T10:31:55","slug":"les-substancies-quimiques-nocives-mes-comunes-a-laire-dels-interiors","status":"publish","type":"post","link":"https:\/\/alter-entorn.com\/ca\/les-substancies-quimiques-nocives-mes-comunes-a-laire-dels-interiors\/","title":{"rendered":"LES SUBST\u00c0NCIES QU\u00cdMIQUES NOCIVES M\u00c9S COMUNES A L\u2019AIRE DELS INTERIORS"},"content":{"rendered":"<h2><strong>Les subst\u00e0ncies t\u00f2xiques m\u00e9s presents a l\u2019aire dels espais tancats com la nostra llar o el nostre lloc de feina, d\u2019on provenen i quins efectes tenen sobre la nostra salut <\/strong><\/h2>\n<p>&nbsp;<\/p>\n<h2><!--more--><\/h2>\n<p>Al contrari del qu\u00e8 pugui semblar, <strong>l\u2019aire dels espais interiors sovint est\u00e0 tant o m\u00e9s contaminat que el de l\u2019exterior. <\/strong>Sovint no percebem el perill d\u2019aquesta contaminaci\u00f3 i, per tant, no fem res per reduir-la; per\u00f2 cal conscienciar-se sobre aquest problema ja que t\u00e9 m\u00e9s efectes sobre la nostra salut i la de la nostra fam\u00edlia dels qu\u00e8 ens pensem.<\/p>\n<p>De fet, passem la major part de les hores del dia en espais tancats: a casa, el cotxe, l\u2019oficina, etc. Per tant, respirem molt m\u00e9s aire d\u2019interior que d\u2019exterior, i ens hem d\u2019assegurar que aquest sigui de bona qualitat. <strong>Les subst\u00e0ncies t\u00f2xiques que contaminen l\u2019aire provenen de molts lloc diferents: materials de construcci\u00f3, productes de neteja, mobles, etc.<\/strong> Per aix\u00f2 \u00e9s important saber identificar-los i intentar reduir-los, ja que a la llarga ens poden provocar diferents problemes de salut.<\/p>\n<p>Hi ha alguns consells a seguir en aquesta direcci\u00f3, com<a href=\"https:\/\/alter-entorn.com\/ca\/la-importancia-de-la-ventilacio-natural-per-gaudir-despais-interiors-saludables\/\"> la import\u00e0ncia de la ventilaci\u00f3 natural di\u00e0ria<\/a> del que ja hem parlat anteriorment, o passar-se a <a href=\"https:\/\/alter-entorn.com\/ca\/categoria-producte\/neteja\/\">productes de neteja ecol\u00f2gics com els de la nostra gamma<\/a>, per exemple. Tamb\u00e9 hem comentat algunes petites <a href=\"https:\/\/alter-entorn.com\/ca\/consells-per-evitar-la-contaminacio-de-linterior-dels-cotxes\/\">accions per millorar l\u2019aire de l\u2019interior dels vehicles<\/a>. Aix\u00ed que ara anem a anomenar <strong>quines s\u00f3n aquestes subst\u00e0ncies t\u00f2xiques, d\u2019on provenen i com ens poden afectar.<\/strong><\/p>\n<p>El 1989, la NASA va publicar un estudi sobre aquesta q\u00fcesti\u00f3 que actualment, segueix plenament en vigor. Va destacar sis subst\u00e0ncies nocives per la salut que s\u00f3n les m\u00e9s habituals en l\u2019aire que respirem:<\/p>\n<p><strong>-Benz\u00e8:<\/strong> \u00e9s potser una de les subst\u00e0ncies nocives m\u00e9s presents ja que es despr\u00e8n de molts elements diferents com detergents, materials de construcci\u00f3, adhesius, algunes coles, encens, laques, pesticides, dissolvents, pintures, vernissos, fum del tabac, etc. <strong>Est\u00e0 considerat com una subst\u00e0ncia cancer\u00edgena,<\/strong> a m\u00e9s de provocar irritacions, mals de cap, n\u00e0usees, disminuir la pressi\u00f3 arterial i afectar-nos a la vida di\u00e0ria amb un acc\u00e9s de somnol\u00e8ncia i\/o p\u00e8rdua de gana, entre d\u2019altres. Es relaciona tamb\u00e9 amb l\u2019an\u00e8mia, la debilitat del sistema immunol\u00f2gic, el desordre menstrual, la p\u00e8rdua auditiva, etc. A m\u00e9s de l\u2019aire, tamb\u00e9 es tracta d\u2019una subst\u00e0ncia contaminant per l\u2019aigua.<\/p>\n<p><strong>-Mon\u00f2xid de carboni:<\/strong> prov\u00e9 principalment de la combusti\u00f3, ja siguin estufes de llenya o gas, vehicles, fum del tabac, etc. <strong>Els seus efectes s\u00f3n especialment greus per la circulaci\u00f3 sangu\u00ednia<\/strong> ja que redueix la capacitat de transportar l\u2019oxigen cap als \u00f2rgans. Tamb\u00e9 provoca mals de cap, n\u00e0usees, dolors musculars i augmenta la fatiga.<\/p>\n<p><strong>-Tricloroetil\u00e8:<\/strong> es despr\u00e8n de les pintures, vernissos i tintes principalment, tot i que alguns netejadors tamb\u00e9 en contenen, sobretot els de neteja en sec. La seva conseq\u00fc\u00e8ncia principal s\u00f3n les irritacions, principalment de pell i ulls, per\u00f2 tamb\u00e9 pot afectar a alguns \u00f2rgans com el fetge i els ronyons. <strong>Est\u00e0 reconegut com un agent cancerigen.<\/strong><\/p>\n<p><strong>-Amon\u00edac:<\/strong> present en la majoria de detergents i netejadors, a m\u00e9s d\u2019alguns aparells tecnol\u00f2gics i el fum del tabac. <strong>Afecta sobretot al sistema respiratori,<\/strong> assecant-nos la gola, provocant-nos tos, irritacions i inflamaci\u00f3 de laringe i pulmons, entre d\u2019altres.<\/p>\n<p><strong>-Formaldehid:<\/strong> prov\u00e9 de molts tapissos, alguns pl\u00e0stics, catifes, mobles, a\u00efllaments, alguns cosm\u00e8tics, pintures, electrodom\u00e8stics, etc. Tamb\u00e9 se\u2019n despr\u00e8n dels aparells que funcionen amb gas natural i del fum del tabac. <strong>Principalment provoca al\u00b7l\u00e8rgies;<\/strong> asma; irritacions a la pell, ulls, nas i gola; mals de cap; problemes menstruals; n\u00e0usees; etc.<\/p>\n<p><strong>-Xil\u00e8:<\/strong> present en molts tipus de pl\u00e0stics, pintures, vernissos, coles, cuir, electrodom\u00e8stics, ambientadors, etc. a m\u00e9s del fum del tabac i dels vehicles. Causa irritacions en la pell, aix\u00ed com els ulls i les vies respirat\u00f2ries, <strong>es relaciona amb la p\u00e8rdua d\u2019audici\u00f3, problemes de mem\u00f2ria, d\u00e8ficit d\u2019atenci\u00f3, desordres menstruals, etc.<\/strong> Tamb\u00e9 provoca somnol\u00e8ncia, mals de cap freq\u00fcents i falta de gana.<\/p>\n<p>&nbsp;<\/p>\n","protected":false},"excerpt":{"rendered":"<p>Les subst\u00e0ncies t\u00f2xiques m\u00e9s presents a l\u2019aire dels espais tancats com la nostra llar o el nostre lloc de feina, d\u2019on provenen i quins efectes tenen sobre la nostra salut &nbsp;<\/p>\n","protected":false},"author":3,"featured_media":6322,"comment_status":"closed","ping_status":"closed","sticky":false,"template":"","format":"standard","meta":{"_joinchat":[],"footnotes":""},"categories":[97],"tags":[2395,2397],"class_list":["post-6327","post","type-post","status-publish","format-standard","has-post-thumbnail","hentry","category-salut-i-benestar","tag-aire-contaminat","tag-substancies-toxiques"],"yoast_head":"<!-- This site is optimized with the Yoast SEO plugin v27.4 - https:\/\/yoast.com\/product\/yoast-seo-wordpress\/ -->\n<title>LES SUBST\u00c0NCIES QU\u00cdMIQUES NOCIVES M\u00c9S COMUNES A L\u2019AIRE DELS INTERIORS - alter-entorn<\/title>\n<meta name=\"description\" content=\"Les subst\u00e0ncies t\u00f2xiques m\u00e9s presents a l&#039;aire dels espais tancats com la nostra llar o el nostre lloc de treball, d&#039;on provenen i quins efectes tenen sobre la nostra salut\" \/>\n<meta name=\"robots\" content=\"index, follow, max-snippet:-1, max-image-preview:large, max-video-preview:-1\" \/>\n<link rel=\"canonical\" href=\"https:\/\/alter-entorn.com\/ca\/les-substancies-quimiques-nocives-mes-comunes-a-laire-dels-interiors\/\" \/>\n<meta property=\"og:locale\" content=\"ca_ES\" \/>\n<meta property=\"og:type\" content=\"article\" \/>\n<meta property=\"og:title\" content=\"LES SUBST\u00c0NCIES QU\u00cdMIQUES NOCIVES M\u00c9S COMUNES A L\u2019AIRE DELS INTERIORS - alter-entorn\" \/>\n<meta property=\"og:description\" content=\"Les subst\u00e0ncies t\u00f2xiques m\u00e9s presents a l&#039;aire dels espais tancats com la nostra llar o el nostre lloc de treball, d&#039;on provenen i quins efectes tenen sobre la nostra salut\" \/>\n<meta property=\"og:url\" content=\"https:\/\/alter-entorn.com\/ca\/les-substancies-quimiques-nocives-mes-comunes-a-laire-dels-interiors\/\" \/>\n<meta property=\"og:site_name\" content=\"alter-entorn\" \/>\n<meta property=\"article:publisher\" content=\"https:\/\/www.facebook.com\/alterentorn\/\" \/>\n<meta property=\"article:published_time\" content=\"2019-01-02T10:31:55+00:00\" \/>\n<meta property=\"og:image\" content=\"https:\/\/alter-entorn.com\/wp-content\/uploads\/2019\/01\/toxicos-espacios-interiores.jpg\" \/>\n\t<meta property=\"og:image:width\" content=\"960\" \/>\n\t<meta property=\"og:image:height\" content=\"640\" \/>\n\t<meta property=\"og:image:type\" content=\"image\/jpeg\" \/>\n<meta name=\"author\" content=\"Comandes\" \/>\n<meta name=\"twitter:card\" content=\"summary_large_image\" \/>\n<meta name=\"twitter:creator\" content=\"@alterentorn\" \/>\n<meta name=\"twitter:site\" content=\"@alterentorn\" \/>\n<meta name=\"twitter:label1\" content=\"Escrit per\" \/>\n\t<meta name=\"twitter:data1\" content=\"Comandes\" \/>\n\t<meta name=\"twitter:label2\" content=\"Temps estimat de lectura\" \/>\n\t<meta name=\"twitter:data2\" content=\"4 minuts\" \/>\n<script type=\"application\/ld+json\" class=\"yoast-schema-graph\">{\"@context\":\"https:\\\/\\\/schema.org\",\"@graph\":[{\"@type\":\"Article\",\"@id\":\"https:\\\/\\\/alter-entorn.com\\\/ca\\\/les-substancies-quimiques-nocives-mes-comunes-a-laire-dels-interiors\\\/#article\",\"isPartOf\":{\"@id\":\"https:\\\/\\\/alter-entorn.com\\\/ca\\\/les-substancies-quimiques-nocives-mes-comunes-a-laire-dels-interiors\\\/\"},\"author\":{\"name\":\"Comandes\",\"@id\":\"https:\\\/\\\/alter-entorn.com\\\/ca\\\/#\\\/schema\\\/person\\\/038d634ba7da15974cd21b377dac47e7\"},\"headline\":\"LES SUBST\u00c0NCIES QU\u00cdMIQUES NOCIVES M\u00c9S COMUNES A L\u2019AIRE DELS INTERIORS\",\"datePublished\":\"2019-01-02T10:31:55+00:00\",\"mainEntityOfPage\":{\"@id\":\"https:\\\/\\\/alter-entorn.com\\\/ca\\\/les-substancies-quimiques-nocives-mes-comunes-a-laire-dels-interiors\\\/\"},\"wordCount\":732,\"publisher\":{\"@id\":\"https:\\\/\\\/alter-entorn.com\\\/ca\\\/#organization\"},\"image\":{\"@id\":\"https:\\\/\\\/alter-entorn.com\\\/ca\\\/les-substancies-quimiques-nocives-mes-comunes-a-laire-dels-interiors\\\/#primaryimage\"},\"thumbnailUrl\":\"https:\\\/\\\/alter-entorn.com\\\/wp-content\\\/uploads\\\/2019\\\/01\\\/toxicos-espacios-interiores.jpg\",\"keywords\":[\"aire contaminat\",\"substancies toxiques\"],\"articleSection\":[\"SALUT I BENESTAR\"],\"inLanguage\":\"ca\"},{\"@type\":\"WebPage\",\"@id\":\"https:\\\/\\\/alter-entorn.com\\\/ca\\\/les-substancies-quimiques-nocives-mes-comunes-a-laire-dels-interiors\\\/\",\"url\":\"https:\\\/\\\/alter-entorn.com\\\/ca\\\/les-substancies-quimiques-nocives-mes-comunes-a-laire-dels-interiors\\\/\",\"name\":\"LES SUBST\u00c0NCIES QU\u00cdMIQUES NOCIVES M\u00c9S COMUNES A L\u2019AIRE DELS INTERIORS - alter-entorn\",\"isPartOf\":{\"@id\":\"https:\\\/\\\/alter-entorn.com\\\/ca\\\/#website\"},\"primaryImageOfPage\":{\"@id\":\"https:\\\/\\\/alter-entorn.com\\\/ca\\\/les-substancies-quimiques-nocives-mes-comunes-a-laire-dels-interiors\\\/#primaryimage\"},\"image\":{\"@id\":\"https:\\\/\\\/alter-entorn.com\\\/ca\\\/les-substancies-quimiques-nocives-mes-comunes-a-laire-dels-interiors\\\/#primaryimage\"},\"thumbnailUrl\":\"https:\\\/\\\/alter-entorn.com\\\/wp-content\\\/uploads\\\/2019\\\/01\\\/toxicos-espacios-interiores.jpg\",\"datePublished\":\"2019-01-02T10:31:55+00:00\",\"description\":\"Les subst\u00e0ncies t\u00f2xiques m\u00e9s presents a l'aire dels espais tancats com la nostra llar o el nostre lloc de treball, d'on provenen i quins efectes tenen sobre la nostra salut\",\"breadcrumb\":{\"@id\":\"https:\\\/\\\/alter-entorn.com\\\/ca\\\/les-substancies-quimiques-nocives-mes-comunes-a-laire-dels-interiors\\\/#breadcrumb\"},\"inLanguage\":\"ca\",\"potentialAction\":[{\"@type\":\"ReadAction\",\"target\":[\"https:\\\/\\\/alter-entorn.com\\\/ca\\\/les-substancies-quimiques-nocives-mes-comunes-a-laire-dels-interiors\\\/\"]}]},{\"@type\":\"ImageObject\",\"inLanguage\":\"ca\",\"@id\":\"https:\\\/\\\/alter-entorn.com\\\/ca\\\/les-substancies-quimiques-nocives-mes-comunes-a-laire-dels-interiors\\\/#primaryimage\",\"url\":\"https:\\\/\\\/alter-entorn.com\\\/wp-content\\\/uploads\\\/2019\\\/01\\\/toxicos-espacios-interiores.jpg\",\"contentUrl\":\"https:\\\/\\\/alter-entorn.com\\\/wp-content\\\/uploads\\\/2019\\\/01\\\/toxicos-espacios-interiores.jpg\",\"width\":960,\"height\":640,\"caption\":\"Sustancias qu\u00edmicas nocivas m\u00e1s comunes en los espacios interiores\"},{\"@type\":\"BreadcrumbList\",\"@id\":\"https:\\\/\\\/alter-entorn.com\\\/ca\\\/les-substancies-quimiques-nocives-mes-comunes-a-laire-dels-interiors\\\/#breadcrumb\",\"itemListElement\":[{\"@type\":\"ListItem\",\"position\":1,\"name\":\"Portada\",\"item\":\"https:\\\/\\\/alter-entorn.com\\\/ca\\\/\"},{\"@type\":\"ListItem\",\"position\":2,\"name\":\"LES SUBST\u00c0NCIES QU\u00cdMIQUES NOCIVES M\u00c9S COMUNES A L\u2019AIRE DELS INTERIORS\"}]},{\"@type\":\"WebSite\",\"@id\":\"https:\\\/\\\/alter-entorn.com\\\/ca\\\/#website\",\"url\":\"https:\\\/\\\/alter-entorn.com\\\/ca\\\/\",\"name\":\"alter-entorn\",\"description\":\"Soluciones Microbiol\u00f3gicas probi\u00f3ticos\",\"publisher\":{\"@id\":\"https:\\\/\\\/alter-entorn.com\\\/ca\\\/#organization\"},\"potentialAction\":[{\"@type\":\"SearchAction\",\"target\":{\"@type\":\"EntryPoint\",\"urlTemplate\":\"https:\\\/\\\/alter-entorn.com\\\/ca\\\/?s={search_term_string}\"},\"query-input\":{\"@type\":\"PropertyValueSpecification\",\"valueRequired\":true,\"valueName\":\"search_term_string\"}}],\"inLanguage\":\"ca\"},{\"@type\":\"Organization\",\"@id\":\"https:\\\/\\\/alter-entorn.com\\\/ca\\\/#organization\",\"name\":\"alter-entorn\",\"url\":\"https:\\\/\\\/alter-entorn.com\\\/ca\\\/\",\"logo\":{\"@type\":\"ImageObject\",\"inLanguage\":\"ca\",\"@id\":\"https:\\\/\\\/alter-entorn.com\\\/ca\\\/#\\\/schema\\\/logo\\\/image\\\/\",\"url\":\"https:\\\/\\\/alter-entorn.com\\\/wp-content\\\/uploads\\\/2018\\\/10\\\/logo_alter_entorn-sin-texto-1.png\",\"contentUrl\":\"https:\\\/\\\/alter-entorn.com\\\/wp-content\\\/uploads\\\/2018\\\/10\\\/logo_alter_entorn-sin-texto-1.png\",\"width\":246,\"height\":68,\"caption\":\"alter-entorn\"},\"image\":{\"@id\":\"https:\\\/\\\/alter-entorn.com\\\/ca\\\/#\\\/schema\\\/logo\\\/image\\\/\"},\"sameAs\":[\"https:\\\/\\\/www.facebook.com\\\/alterentorn\\\/\",\"https:\\\/\\\/x.com\\\/alterentorn\"]},{\"@type\":\"Person\",\"@id\":\"https:\\\/\\\/alter-entorn.com\\\/ca\\\/#\\\/schema\\\/person\\\/038d634ba7da15974cd21b377dac47e7\",\"name\":\"Comandes\"}]}<\/script>\n<!-- \/ Yoast SEO plugin. -->","yoast_head_json":{"title":"LES SUBST\u00c0NCIES QU\u00cdMIQUES NOCIVES M\u00c9S COMUNES A L\u2019AIRE DELS INTERIORS - alter-entorn","description":"Les subst\u00e0ncies t\u00f2xiques m\u00e9s presents a l'aire dels espais tancats com la nostra llar o el nostre lloc de treball, d'on provenen i quins efectes tenen sobre la nostra salut","robots":{"index":"index","follow":"follow","max-snippet":"max-snippet:-1","max-image-preview":"max-image-preview:large","max-video-preview":"max-video-preview:-1"},"canonical":"https:\/\/alter-entorn.com\/ca\/les-substancies-quimiques-nocives-mes-comunes-a-laire-dels-interiors\/","og_locale":"ca_ES","og_type":"article","og_title":"LES SUBST\u00c0NCIES QU\u00cdMIQUES NOCIVES M\u00c9S COMUNES A L\u2019AIRE DELS INTERIORS - alter-entorn","og_description":"Les subst\u00e0ncies t\u00f2xiques m\u00e9s presents a l'aire dels espais tancats com la nostra llar o el nostre lloc de treball, d'on provenen i quins efectes tenen sobre la nostra salut","og_url":"https:\/\/alter-entorn.com\/ca\/les-substancies-quimiques-nocives-mes-comunes-a-laire-dels-interiors\/","og_site_name":"alter-entorn","article_publisher":"https:\/\/www.facebook.com\/alterentorn\/","article_published_time":"2019-01-02T10:31:55+00:00","og_image":[{"width":960,"height":640,"url":"https:\/\/alter-entorn.com\/wp-content\/uploads\/2019\/01\/toxicos-espacios-interiores.jpg","type":"image\/jpeg"}],"author":"Comandes","twitter_card":"summary_large_image","twitter_creator":"@alterentorn","twitter_site":"@alterentorn","twitter_misc":{"Escrit per":"Comandes","Temps estimat de lectura":"4 minuts"},"schema":{"@context":"https:\/\/schema.org","@graph":[{"@type":"Article","@id":"https:\/\/alter-entorn.com\/ca\/les-substancies-quimiques-nocives-mes-comunes-a-laire-dels-interiors\/#article","isPartOf":{"@id":"https:\/\/alter-entorn.com\/ca\/les-substancies-quimiques-nocives-mes-comunes-a-laire-dels-interiors\/"},"author":{"name":"Comandes","@id":"https:\/\/alter-entorn.com\/ca\/#\/schema\/person\/038d634ba7da15974cd21b377dac47e7"},"headline":"LES SUBST\u00c0NCIES QU\u00cdMIQUES NOCIVES M\u00c9S COMUNES A L\u2019AIRE DELS INTERIORS","datePublished":"2019-01-02T10:31:55+00:00","mainEntityOfPage":{"@id":"https:\/\/alter-entorn.com\/ca\/les-substancies-quimiques-nocives-mes-comunes-a-laire-dels-interiors\/"},"wordCount":732,"publisher":{"@id":"https:\/\/alter-entorn.com\/ca\/#organization"},"image":{"@id":"https:\/\/alter-entorn.com\/ca\/les-substancies-quimiques-nocives-mes-comunes-a-laire-dels-interiors\/#primaryimage"},"thumbnailUrl":"https:\/\/alter-entorn.com\/wp-content\/uploads\/2019\/01\/toxicos-espacios-interiores.jpg","keywords":["aire contaminat","substancies toxiques"],"articleSection":["SALUT I BENESTAR"],"inLanguage":"ca"},{"@type":"WebPage","@id":"https:\/\/alter-entorn.com\/ca\/les-substancies-quimiques-nocives-mes-comunes-a-laire-dels-interiors\/","url":"https:\/\/alter-entorn.com\/ca\/les-substancies-quimiques-nocives-mes-comunes-a-laire-dels-interiors\/","name":"LES SUBST\u00c0NCIES QU\u00cdMIQUES NOCIVES M\u00c9S COMUNES A L\u2019AIRE DELS INTERIORS - alter-entorn","isPartOf":{"@id":"https:\/\/alter-entorn.com\/ca\/#website"},"primaryImageOfPage":{"@id":"https:\/\/alter-entorn.com\/ca\/les-substancies-quimiques-nocives-mes-comunes-a-laire-dels-interiors\/#primaryimage"},"image":{"@id":"https:\/\/alter-entorn.com\/ca\/les-substancies-quimiques-nocives-mes-comunes-a-laire-dels-interiors\/#primaryimage"},"thumbnailUrl":"https:\/\/alter-entorn.com\/wp-content\/uploads\/2019\/01\/toxicos-espacios-interiores.jpg","datePublished":"2019-01-02T10:31:55+00:00","description":"Les subst\u00e0ncies t\u00f2xiques m\u00e9s presents a l'aire dels espais tancats com la nostra llar o el nostre lloc de treball, d'on provenen i quins efectes tenen sobre la nostra salut","breadcrumb":{"@id":"https:\/\/alter-entorn.com\/ca\/les-substancies-quimiques-nocives-mes-comunes-a-laire-dels-interiors\/#breadcrumb"},"inLanguage":"ca","potentialAction":[{"@type":"ReadAction","target":["https:\/\/alter-entorn.com\/ca\/les-substancies-quimiques-nocives-mes-comunes-a-laire-dels-interiors\/"]}]},{"@type":"ImageObject","inLanguage":"ca","@id":"https:\/\/alter-entorn.com\/ca\/les-substancies-quimiques-nocives-mes-comunes-a-laire-dels-interiors\/#primaryimage","url":"https:\/\/alter-entorn.com\/wp-content\/uploads\/2019\/01\/toxicos-espacios-interiores.jpg","contentUrl":"https:\/\/alter-entorn.com\/wp-content\/uploads\/2019\/01\/toxicos-espacios-interiores.jpg","width":960,"height":640,"caption":"Sustancias qu\u00edmicas nocivas m\u00e1s comunes en los espacios interiores"},{"@type":"BreadcrumbList","@id":"https:\/\/alter-entorn.com\/ca\/les-substancies-quimiques-nocives-mes-comunes-a-laire-dels-interiors\/#breadcrumb","itemListElement":[{"@type":"ListItem","position":1,"name":"Portada","item":"https:\/\/alter-entorn.com\/ca\/"},{"@type":"ListItem","position":2,"name":"LES SUBST\u00c0NCIES QU\u00cdMIQUES NOCIVES M\u00c9S COMUNES A L\u2019AIRE DELS INTERIORS"}]},{"@type":"WebSite","@id":"https:\/\/alter-entorn.com\/ca\/#website","url":"https:\/\/alter-entorn.com\/ca\/","name":"alter-entorn","description":"Soluciones Microbiol\u00f3gicas probi\u00f3ticos","publisher":{"@id":"https:\/\/alter-entorn.com\/ca\/#organization"},"potentialAction":[{"@type":"SearchAction","target":{"@type":"EntryPoint","urlTemplate":"https:\/\/alter-entorn.com\/ca\/?s={search_term_string}"},"query-input":{"@type":"PropertyValueSpecification","valueRequired":true,"valueName":"search_term_string"}}],"inLanguage":"ca"},{"@type":"Organization","@id":"https:\/\/alter-entorn.com\/ca\/#organization","name":"alter-entorn","url":"https:\/\/alter-entorn.com\/ca\/","logo":{"@type":"ImageObject","inLanguage":"ca","@id":"https:\/\/alter-entorn.com\/ca\/#\/schema\/logo\/image\/","url":"https:\/\/alter-entorn.com\/wp-content\/uploads\/2018\/10\/logo_alter_entorn-sin-texto-1.png","contentUrl":"https:\/\/alter-entorn.com\/wp-content\/uploads\/2018\/10\/logo_alter_entorn-sin-texto-1.png","width":246,"height":68,"caption":"alter-entorn"},"image":{"@id":"https:\/\/alter-entorn.com\/ca\/#\/schema\/logo\/image\/"},"sameAs":["https:\/\/www.facebook.com\/alterentorn\/","https:\/\/x.com\/alterentorn"]},{"@type":"Person","@id":"https:\/\/alter-entorn.com\/ca\/#\/schema\/person\/038d634ba7da15974cd21b377dac47e7","name":"Comandes"}]}},"_links":{"self":[{"href":"https:\/\/alter-entorn.com\/ca\/wp-json\/wp\/v2\/posts\/6327","targetHints":{"allow":["GET"]}}],"collection":[{"href":"https:\/\/alter-entorn.com\/ca\/wp-json\/wp\/v2\/posts"}],"about":[{"href":"https:\/\/alter-entorn.com\/ca\/wp-json\/wp\/v2\/types\/post"}],"author":[{"embeddable":true,"href":"https:\/\/alter-entorn.com\/ca\/wp-json\/wp\/v2\/users\/3"}],"replies":[{"embeddable":true,"href":"https:\/\/alter-entorn.com\/ca\/wp-json\/wp\/v2\/comments?post=6327"}],"version-history":[{"count":0,"href":"https:\/\/alter-entorn.com\/ca\/wp-json\/wp\/v2\/posts\/6327\/revisions"}],"wp:featuredmedia":[{"embeddable":true,"href":"https:\/\/alter-entorn.com\/ca\/wp-json\/wp\/v2\/media\/6322"}],"wp:attachment":[{"href":"https:\/\/alter-entorn.com\/ca\/wp-json\/wp\/v2\/media?parent=6327"}],"wp:term":[{"taxonomy":"category","embeddable":true,"href":"https:\/\/alter-entorn.com\/ca\/wp-json\/wp\/v2\/categories?post=6327"},{"taxonomy":"post_tag","embeddable":true,"href":"https:\/\/alter-entorn.com\/ca\/wp-json\/wp\/v2\/tags?post=6327"}],"curies":[{"name":"wp","href":"https:\/\/api.w.org\/{rel}","templated":true}]}}