{"id":6451,"date":"2019-01-23T11:55:32","date_gmt":"2019-01-23T10:55:32","guid":{"rendered":"https:\/\/alter-entorn.com\/un-estudi-clinic-duna-universitat-alemana-demostra-que-el-dentifric-bioemsan-es-mes-efectiu-que-els-dentifrics-convencionals\/"},"modified":"2019-01-23T12:25:25","modified_gmt":"2019-01-23T11:25:25","slug":"un-estudi-clinic-duna-universitat-alemana-demostra-que-el-dentifric-bioemsan-es-mes-efectiu-que-els-dentifrics-convencionals","status":"publish","type":"post","link":"https:\/\/alter-entorn.com\/ca\/un-estudi-clinic-duna-universitat-alemana-demostra-que-el-dentifric-bioemsan-es-mes-efectiu-que-els-dentifrics-convencionals\/","title":{"rendered":"UN ESTUDI DEMOSTRA QUE EL DENT\u00cdFRIC BIOEMSAN ES M\u00c9S EFECTIU QUE ELS DENT\u00cdFRICS CONVENCIONALS"},"content":{"rendered":"<h2><strong>Els resultats demostren que la pasta de dents Bioemsan \u00e9s realment una alternativa m\u00e9s ecol\u00f2gica, saludable i efica\u00e7 per la nostra higiene bucal<\/strong><\/h2>\n<p>&nbsp;<\/p>\n<h2><!--more--><\/h2>\n<p><strong>100.000.000.000 bact\u00e8ries viuen a la nostra cavitat oral.<\/strong> Tot i que hist\u00f2ricament s\u2019ha tractat a totes les bact\u00e8ries com a pat\u00f2gens, ara sabem que l\u2019equilibri de la microbiota \u00e9s un requisit indispensable per la nostra salut. Aix\u00ed com amb la intestinal, la vaginal o la cut\u00e0nia<strong>, la microbiota bucal t\u00e9 una estreta relaci\u00f3 amb el sistema immunol\u00f2gic, ens protegeix de danys recurrents com el sagnat de genives, la formaci\u00f3 de placa o la inflamaci\u00f3.<\/strong><\/p>\n<p>Els dent\u00edfrics convencionals solen estar replets de subst\u00e0ncies qu\u00edmiques que poden ser perjudicials per la nostra salut. <a href=\"https:\/\/alter-entorn.com\/ca\/categoria-producte\/salut-i-benestar\/\/cosmetica-higiene-natural\"><strong>Bioemsan <\/strong><\/a><strong>ofereix una alternativa ecol\u00f2gica, nom\u00e9s a partir d\u2019ingredients naturals i microorganismes beneficiosos, sense cap tipus de t\u00f2xic i no testat en animals;<\/strong> per\u00f2 vol\u00edem saber si, a m\u00e9s, resultava ser m\u00e9s efica\u00e7 incl\u00fas que els productes convencionals.<\/p>\n<p><a href=\"https:\/\/www.ncbi.nlm.nih.gov\/pubmed\/28993821\">Un estudi de l\u2019Institut de Bacteriologia i Micologia, i la Policl\u00ednica per la Cura Dental i la Periodontologia<\/a>, ambd\u00f3s de la Universitat de Leipzig a Alemanya, compara un dent\u00edfric a base d\u2019herbes amb dos qu\u00edmicament actius. En particular, <strong>la comparativa es basa en l\u2019efectivitat contra la placa i el control de la gingivitis.<\/strong><\/p>\n<p>Com a dent\u00edfric a base d\u2019herbes o natural, la Universitat escull <a href=\"https:\/\/alter-entorn.com\/ca\/producto\/pasta-dents-bioemsan\/\">la pasta de dents Bioemsan<\/a>; a comparar amb un dent\u00edfric amb triclosan i un amb fluor, com qu\u00edmicament actius. Les dos pastes de dents convencionals s\u00f3n productes molt ben examinats per estudis anteriors.<\/p>\n<p>L\u2019estudi es realitza amb un total de 76 persones (27 dones i 49 homes) amb 47.8 anys de mitjana, amb periodontitis cr\u00f2nica lleu i moderada. Se\u2019ls assigna un dels tres grups de treball: dent\u00edfric natural, amb fluor o amb triclosan, i ho posen en pr\u00e0ctica durant 24 setmanes.<\/p>\n<p>Els resultats indiquen efectivament que, el dent\u00edfric Bioemsan \u00e9s una alternativa m\u00e9s efica\u00e7 que els dent\u00edfrics qu\u00edmicament actius convencionals. La seva efectivitat \u00e9s bastant m\u00e9s alta que la de la resta de productes, a partir de les sis setmanes. <strong>Queda provat que la pasta de dents Bioemsan pot acabar amb el problema del sagnat de genives, la formaci\u00f3 de placa, i que redueix la quantitat de bact\u00e8ries anaer\u00f2biques en saliva.<\/strong><\/p>\n<p><strong>La conclusi\u00f3 \u00e9s que la pasta de dents Bioemsan es m\u00e9s efica\u00e7 en reduir la placa i millorar la gingivitis que el dent\u00edfric convencional a partir de fluor o triclosan.<\/strong> A m\u00e9s, aconsegueix reduir tots els par\u00e0metres que posen en perill la higiene dental: l\u2019\u00cdndex de Placa Aproximat (API) que mesura la higiene oral; l\u2019\u00cdndex d\u2019Higiene Oral (OHI) que descriu el percentatge de placa por dent; l\u2019\u00cdndex de Sagnat del Solc (SBI) que indica la majoria de punts de sagnat despr\u00e9s d\u2019un sondeig cur\u00f3s de les genives; i l\u2019\u00cdndex de Sagnat en Sondeig (BOP) que est\u00e0 relacionat amb la inflamaci\u00f3 de les genives.<\/p>\n<p>&nbsp;<\/p>\n","protected":false},"excerpt":{"rendered":"<p>Els resultats demostren que la pasta de dents Bioemsan \u00e9s realment una alternativa m\u00e9s ecol\u00f2gica, saludable i efica\u00e7 per la nostra higiene bucal &nbsp;<\/p>\n","protected":false},"author":3,"featured_media":6438,"comment_status":"closed","ping_status":"closed","sticky":false,"template":"","format":"standard","meta":{"_joinchat":[],"footnotes":""},"categories":[97],"tags":[2433,2434,2435,2436,2437,2438,2439,2440,2441],"class_list":["post-6451","post","type-post","status-publish","format-standard","has-post-thumbnail","hentry","category-salut-i-benestar","tag-dentifric-natural","tag-dentifric-ecologic","tag-reduir-placa","tag-gengivitis-ca","tag-sagnat-genives","tag-pasta-de-dents-natural","tag-pasta-de-dents-ecologica","tag-sensibilitat-dental","tag-higiene-bucal-natural-ca"],"yoast_head":"<!-- This site is optimized with the Yoast SEO plugin v27.4 - https:\/\/yoast.com\/product\/yoast-seo-wordpress\/ -->\n<title>UN ESTUDI DEMOSTRA QUE EL DENT\u00cdFRIC BIOEMSAN ES M\u00c9S EFECTIU QUE ELS DENT\u00cdFRICS CONVENCIONALS - alter-entorn<\/title>\n<meta name=\"description\" content=\"Un estudi cl\u00ednic demostra que la pasta de dentes Bioemsan \u00e9s m\u00e9s efectiva contra la placa i la gengivitis que els altres dent\u00edfrics\" \/>\n<meta name=\"robots\" content=\"index, follow, max-snippet:-1, max-image-preview:large, max-video-preview:-1\" \/>\n<link rel=\"canonical\" href=\"https:\/\/alter-entorn.com\/ca\/un-estudi-clinic-duna-universitat-alemana-demostra-que-el-dentifric-bioemsan-es-mes-efectiu-que-els-dentifrics-convencionals\/\" \/>\n<meta property=\"og:locale\" content=\"ca_ES\" \/>\n<meta property=\"og:type\" content=\"article\" \/>\n<meta property=\"og:title\" content=\"UN ESTUDI DEMOSTRA QUE EL DENT\u00cdFRIC BIOEMSAN ES M\u00c9S EFECTIU QUE ELS DENT\u00cdFRICS CONVENCIONALS - alter-entorn\" \/>\n<meta property=\"og:description\" content=\"Un estudi cl\u00ednic demostra que la pasta de dentes Bioemsan \u00e9s m\u00e9s efectiva contra la placa i la gengivitis que els altres dent\u00edfrics\" \/>\n<meta property=\"og:url\" content=\"https:\/\/alter-entorn.com\/ca\/un-estudi-clinic-duna-universitat-alemana-demostra-que-el-dentifric-bioemsan-es-mes-efectiu-que-els-dentifrics-convencionals\/\" \/>\n<meta property=\"og:site_name\" content=\"alter-entorn\" \/>\n<meta property=\"article:publisher\" content=\"https:\/\/www.facebook.com\/alterentorn\/\" \/>\n<meta property=\"article:published_time\" content=\"2019-01-23T10:55:32+00:00\" \/>\n<meta property=\"article:modified_time\" content=\"2019-01-23T11:25:25+00:00\" \/>\n<meta property=\"og:image\" content=\"https:\/\/alter-entorn.com\/wp-content\/uploads\/2019\/01\/pasta-de-dents.jpg\" \/>\n\t<meta property=\"og:image:width\" content=\"1080\" \/>\n\t<meta property=\"og:image:height\" content=\"1080\" \/>\n\t<meta property=\"og:image:type\" content=\"image\/jpeg\" \/>\n<meta name=\"author\" content=\"Comandes\" \/>\n<meta name=\"twitter:card\" content=\"summary_large_image\" \/>\n<meta name=\"twitter:creator\" content=\"@alterentorn\" \/>\n<meta name=\"twitter:site\" content=\"@alterentorn\" \/>\n<meta name=\"twitter:label1\" content=\"Escrit per\" \/>\n\t<meta name=\"twitter:data1\" content=\"Comandes\" \/>\n\t<meta name=\"twitter:label2\" content=\"Temps estimat de lectura\" \/>\n\t<meta name=\"twitter:data2\" content=\"3 minuts\" \/>\n<script type=\"application\/ld+json\" class=\"yoast-schema-graph\">{\"@context\":\"https:\\\/\\\/schema.org\",\"@graph\":[{\"@type\":\"Article\",\"@id\":\"https:\\\/\\\/alter-entorn.com\\\/ca\\\/un-estudi-clinic-duna-universitat-alemana-demostra-que-el-dentifric-bioemsan-es-mes-efectiu-que-els-dentifrics-convencionals\\\/#article\",\"isPartOf\":{\"@id\":\"https:\\\/\\\/alter-entorn.com\\\/ca\\\/un-estudi-clinic-duna-universitat-alemana-demostra-que-el-dentifric-bioemsan-es-mes-efectiu-que-els-dentifrics-convencionals\\\/\"},\"author\":{\"name\":\"Comandes\",\"@id\":\"https:\\\/\\\/alter-entorn.com\\\/ca\\\/#\\\/schema\\\/person\\\/038d634ba7da15974cd21b377dac47e7\"},\"headline\":\"UN ESTUDI DEMOSTRA QUE EL DENT\u00cdFRIC BIOEMSAN ES M\u00c9S EFECTIU QUE ELS DENT\u00cdFRICS CONVENCIONALS\",\"datePublished\":\"2019-01-23T10:55:32+00:00\",\"dateModified\":\"2019-01-23T11:25:25+00:00\",\"mainEntityOfPage\":{\"@id\":\"https:\\\/\\\/alter-entorn.com\\\/ca\\\/un-estudi-clinic-duna-universitat-alemana-demostra-que-el-dentifric-bioemsan-es-mes-efectiu-que-els-dentifrics-convencionals\\\/\"},\"wordCount\":540,\"publisher\":{\"@id\":\"https:\\\/\\\/alter-entorn.com\\\/ca\\\/#organization\"},\"image\":{\"@id\":\"https:\\\/\\\/alter-entorn.com\\\/ca\\\/un-estudi-clinic-duna-universitat-alemana-demostra-que-el-dentifric-bioemsan-es-mes-efectiu-que-els-dentifrics-convencionals\\\/#primaryimage\"},\"thumbnailUrl\":\"https:\\\/\\\/alter-entorn.com\\\/wp-content\\\/uploads\\\/2019\\\/01\\\/pasta-de-dents.jpg\",\"keywords\":[\"dentifric natural\",\"dentifric ecologic\",\"reduir placa\",\"gengivitis\",\"sagnat genives\",\"pasta de dents natural\",\"pasta de dents ecologica\",\"sensibilitat dental\",\"higiene bucal natural\"],\"articleSection\":[\"SALUT I BENESTAR\"],\"inLanguage\":\"ca\"},{\"@type\":\"WebPage\",\"@id\":\"https:\\\/\\\/alter-entorn.com\\\/ca\\\/un-estudi-clinic-duna-universitat-alemana-demostra-que-el-dentifric-bioemsan-es-mes-efectiu-que-els-dentifrics-convencionals\\\/\",\"url\":\"https:\\\/\\\/alter-entorn.com\\\/ca\\\/un-estudi-clinic-duna-universitat-alemana-demostra-que-el-dentifric-bioemsan-es-mes-efectiu-que-els-dentifrics-convencionals\\\/\",\"name\":\"UN ESTUDI DEMOSTRA QUE EL DENT\u00cdFRIC BIOEMSAN ES M\u00c9S EFECTIU QUE ELS DENT\u00cdFRICS CONVENCIONALS - alter-entorn\",\"isPartOf\":{\"@id\":\"https:\\\/\\\/alter-entorn.com\\\/ca\\\/#website\"},\"primaryImageOfPage\":{\"@id\":\"https:\\\/\\\/alter-entorn.com\\\/ca\\\/un-estudi-clinic-duna-universitat-alemana-demostra-que-el-dentifric-bioemsan-es-mes-efectiu-que-els-dentifrics-convencionals\\\/#primaryimage\"},\"image\":{\"@id\":\"https:\\\/\\\/alter-entorn.com\\\/ca\\\/un-estudi-clinic-duna-universitat-alemana-demostra-que-el-dentifric-bioemsan-es-mes-efectiu-que-els-dentifrics-convencionals\\\/#primaryimage\"},\"thumbnailUrl\":\"https:\\\/\\\/alter-entorn.com\\\/wp-content\\\/uploads\\\/2019\\\/01\\\/pasta-de-dents.jpg\",\"datePublished\":\"2019-01-23T10:55:32+00:00\",\"dateModified\":\"2019-01-23T11:25:25+00:00\",\"description\":\"Un estudi cl\u00ednic demostra que la pasta de dentes Bioemsan \u00e9s m\u00e9s efectiva contra la placa i la gengivitis que els altres dent\u00edfrics\",\"breadcrumb\":{\"@id\":\"https:\\\/\\\/alter-entorn.com\\\/ca\\\/un-estudi-clinic-duna-universitat-alemana-demostra-que-el-dentifric-bioemsan-es-mes-efectiu-que-els-dentifrics-convencionals\\\/#breadcrumb\"},\"inLanguage\":\"ca\",\"potentialAction\":[{\"@type\":\"ReadAction\",\"target\":[\"https:\\\/\\\/alter-entorn.com\\\/ca\\\/un-estudi-clinic-duna-universitat-alemana-demostra-que-el-dentifric-bioemsan-es-mes-efectiu-que-els-dentifrics-convencionals\\\/\"]}]},{\"@type\":\"ImageObject\",\"inLanguage\":\"ca\",\"@id\":\"https:\\\/\\\/alter-entorn.com\\\/ca\\\/un-estudi-clinic-duna-universitat-alemana-demostra-que-el-dentifric-bioemsan-es-mes-efectiu-que-els-dentifrics-convencionals\\\/#primaryimage\",\"url\":\"https:\\\/\\\/alter-entorn.com\\\/wp-content\\\/uploads\\\/2019\\\/01\\\/pasta-de-dents.jpg\",\"contentUrl\":\"https:\\\/\\\/alter-entorn.com\\\/wp-content\\\/uploads\\\/2019\\\/01\\\/pasta-de-dents.jpg\",\"width\":1080,\"height\":1080,\"caption\":\"La pasta de dientes Bioemsan es m\u00e1s eficaz que la convencional\"},{\"@type\":\"BreadcrumbList\",\"@id\":\"https:\\\/\\\/alter-entorn.com\\\/ca\\\/un-estudi-clinic-duna-universitat-alemana-demostra-que-el-dentifric-bioemsan-es-mes-efectiu-que-els-dentifrics-convencionals\\\/#breadcrumb\",\"itemListElement\":[{\"@type\":\"ListItem\",\"position\":1,\"name\":\"Portada\",\"item\":\"https:\\\/\\\/alter-entorn.com\\\/ca\\\/\"},{\"@type\":\"ListItem\",\"position\":2,\"name\":\"UN ESTUDI DEMOSTRA QUE EL DENT\u00cdFRIC BIOEMSAN ES M\u00c9S EFECTIU QUE ELS DENT\u00cdFRICS CONVENCIONALS\"}]},{\"@type\":\"WebSite\",\"@id\":\"https:\\\/\\\/alter-entorn.com\\\/ca\\\/#website\",\"url\":\"https:\\\/\\\/alter-entorn.com\\\/ca\\\/\",\"name\":\"alter-entorn\",\"description\":\"Soluciones Microbiol\u00f3gicas probi\u00f3ticos\",\"publisher\":{\"@id\":\"https:\\\/\\\/alter-entorn.com\\\/ca\\\/#organization\"},\"potentialAction\":[{\"@type\":\"SearchAction\",\"target\":{\"@type\":\"EntryPoint\",\"urlTemplate\":\"https:\\\/\\\/alter-entorn.com\\\/ca\\\/?s={search_term_string}\"},\"query-input\":{\"@type\":\"PropertyValueSpecification\",\"valueRequired\":true,\"valueName\":\"search_term_string\"}}],\"inLanguage\":\"ca\"},{\"@type\":\"Organization\",\"@id\":\"https:\\\/\\\/alter-entorn.com\\\/ca\\\/#organization\",\"name\":\"alter-entorn\",\"url\":\"https:\\\/\\\/alter-entorn.com\\\/ca\\\/\",\"logo\":{\"@type\":\"ImageObject\",\"inLanguage\":\"ca\",\"@id\":\"https:\\\/\\\/alter-entorn.com\\\/ca\\\/#\\\/schema\\\/logo\\\/image\\\/\",\"url\":\"https:\\\/\\\/alter-entorn.com\\\/wp-content\\\/uploads\\\/2018\\\/10\\\/logo_alter_entorn-sin-texto-1.png\",\"contentUrl\":\"https:\\\/\\\/alter-entorn.com\\\/wp-content\\\/uploads\\\/2018\\\/10\\\/logo_alter_entorn-sin-texto-1.png\",\"width\":246,\"height\":68,\"caption\":\"alter-entorn\"},\"image\":{\"@id\":\"https:\\\/\\\/alter-entorn.com\\\/ca\\\/#\\\/schema\\\/logo\\\/image\\\/\"},\"sameAs\":[\"https:\\\/\\\/www.facebook.com\\\/alterentorn\\\/\",\"https:\\\/\\\/x.com\\\/alterentorn\"]},{\"@type\":\"Person\",\"@id\":\"https:\\\/\\\/alter-entorn.com\\\/ca\\\/#\\\/schema\\\/person\\\/038d634ba7da15974cd21b377dac47e7\",\"name\":\"Comandes\"}]}<\/script>\n<!-- \/ Yoast SEO plugin. -->","yoast_head_json":{"title":"UN ESTUDI DEMOSTRA QUE EL DENT\u00cdFRIC BIOEMSAN ES M\u00c9S EFECTIU QUE ELS DENT\u00cdFRICS CONVENCIONALS - alter-entorn","description":"Un estudi cl\u00ednic demostra que la pasta de dentes Bioemsan \u00e9s m\u00e9s efectiva contra la placa i la gengivitis que els altres dent\u00edfrics","robots":{"index":"index","follow":"follow","max-snippet":"max-snippet:-1","max-image-preview":"max-image-preview:large","max-video-preview":"max-video-preview:-1"},"canonical":"https:\/\/alter-entorn.com\/ca\/un-estudi-clinic-duna-universitat-alemana-demostra-que-el-dentifric-bioemsan-es-mes-efectiu-que-els-dentifrics-convencionals\/","og_locale":"ca_ES","og_type":"article","og_title":"UN ESTUDI DEMOSTRA QUE EL DENT\u00cdFRIC BIOEMSAN ES M\u00c9S EFECTIU QUE ELS DENT\u00cdFRICS CONVENCIONALS - alter-entorn","og_description":"Un estudi cl\u00ednic demostra que la pasta de dentes Bioemsan \u00e9s m\u00e9s efectiva contra la placa i la gengivitis que els altres dent\u00edfrics","og_url":"https:\/\/alter-entorn.com\/ca\/un-estudi-clinic-duna-universitat-alemana-demostra-que-el-dentifric-bioemsan-es-mes-efectiu-que-els-dentifrics-convencionals\/","og_site_name":"alter-entorn","article_publisher":"https:\/\/www.facebook.com\/alterentorn\/","article_published_time":"2019-01-23T10:55:32+00:00","article_modified_time":"2019-01-23T11:25:25+00:00","og_image":[{"width":1080,"height":1080,"url":"https:\/\/alter-entorn.com\/wp-content\/uploads\/2019\/01\/pasta-de-dents.jpg","type":"image\/jpeg"}],"author":"Comandes","twitter_card":"summary_large_image","twitter_creator":"@alterentorn","twitter_site":"@alterentorn","twitter_misc":{"Escrit per":"Comandes","Temps estimat de lectura":"3 minuts"},"schema":{"@context":"https:\/\/schema.org","@graph":[{"@type":"Article","@id":"https:\/\/alter-entorn.com\/ca\/un-estudi-clinic-duna-universitat-alemana-demostra-que-el-dentifric-bioemsan-es-mes-efectiu-que-els-dentifrics-convencionals\/#article","isPartOf":{"@id":"https:\/\/alter-entorn.com\/ca\/un-estudi-clinic-duna-universitat-alemana-demostra-que-el-dentifric-bioemsan-es-mes-efectiu-que-els-dentifrics-convencionals\/"},"author":{"name":"Comandes","@id":"https:\/\/alter-entorn.com\/ca\/#\/schema\/person\/038d634ba7da15974cd21b377dac47e7"},"headline":"UN ESTUDI DEMOSTRA QUE EL DENT\u00cdFRIC BIOEMSAN ES M\u00c9S EFECTIU QUE ELS DENT\u00cdFRICS CONVENCIONALS","datePublished":"2019-01-23T10:55:32+00:00","dateModified":"2019-01-23T11:25:25+00:00","mainEntityOfPage":{"@id":"https:\/\/alter-entorn.com\/ca\/un-estudi-clinic-duna-universitat-alemana-demostra-que-el-dentifric-bioemsan-es-mes-efectiu-que-els-dentifrics-convencionals\/"},"wordCount":540,"publisher":{"@id":"https:\/\/alter-entorn.com\/ca\/#organization"},"image":{"@id":"https:\/\/alter-entorn.com\/ca\/un-estudi-clinic-duna-universitat-alemana-demostra-que-el-dentifric-bioemsan-es-mes-efectiu-que-els-dentifrics-convencionals\/#primaryimage"},"thumbnailUrl":"https:\/\/alter-entorn.com\/wp-content\/uploads\/2019\/01\/pasta-de-dents.jpg","keywords":["dentifric natural","dentifric ecologic","reduir placa","gengivitis","sagnat genives","pasta de dents natural","pasta de dents ecologica","sensibilitat dental","higiene bucal natural"],"articleSection":["SALUT I BENESTAR"],"inLanguage":"ca"},{"@type":"WebPage","@id":"https:\/\/alter-entorn.com\/ca\/un-estudi-clinic-duna-universitat-alemana-demostra-que-el-dentifric-bioemsan-es-mes-efectiu-que-els-dentifrics-convencionals\/","url":"https:\/\/alter-entorn.com\/ca\/un-estudi-clinic-duna-universitat-alemana-demostra-que-el-dentifric-bioemsan-es-mes-efectiu-que-els-dentifrics-convencionals\/","name":"UN ESTUDI DEMOSTRA QUE EL DENT\u00cdFRIC BIOEMSAN ES M\u00c9S EFECTIU QUE ELS DENT\u00cdFRICS CONVENCIONALS - alter-entorn","isPartOf":{"@id":"https:\/\/alter-entorn.com\/ca\/#website"},"primaryImageOfPage":{"@id":"https:\/\/alter-entorn.com\/ca\/un-estudi-clinic-duna-universitat-alemana-demostra-que-el-dentifric-bioemsan-es-mes-efectiu-que-els-dentifrics-convencionals\/#primaryimage"},"image":{"@id":"https:\/\/alter-entorn.com\/ca\/un-estudi-clinic-duna-universitat-alemana-demostra-que-el-dentifric-bioemsan-es-mes-efectiu-que-els-dentifrics-convencionals\/#primaryimage"},"thumbnailUrl":"https:\/\/alter-entorn.com\/wp-content\/uploads\/2019\/01\/pasta-de-dents.jpg","datePublished":"2019-01-23T10:55:32+00:00","dateModified":"2019-01-23T11:25:25+00:00","description":"Un estudi cl\u00ednic demostra que la pasta de dentes Bioemsan \u00e9s m\u00e9s efectiva contra la placa i la gengivitis que els altres dent\u00edfrics","breadcrumb":{"@id":"https:\/\/alter-entorn.com\/ca\/un-estudi-clinic-duna-universitat-alemana-demostra-que-el-dentifric-bioemsan-es-mes-efectiu-que-els-dentifrics-convencionals\/#breadcrumb"},"inLanguage":"ca","potentialAction":[{"@type":"ReadAction","target":["https:\/\/alter-entorn.com\/ca\/un-estudi-clinic-duna-universitat-alemana-demostra-que-el-dentifric-bioemsan-es-mes-efectiu-que-els-dentifrics-convencionals\/"]}]},{"@type":"ImageObject","inLanguage":"ca","@id":"https:\/\/alter-entorn.com\/ca\/un-estudi-clinic-duna-universitat-alemana-demostra-que-el-dentifric-bioemsan-es-mes-efectiu-que-els-dentifrics-convencionals\/#primaryimage","url":"https:\/\/alter-entorn.com\/wp-content\/uploads\/2019\/01\/pasta-de-dents.jpg","contentUrl":"https:\/\/alter-entorn.com\/wp-content\/uploads\/2019\/01\/pasta-de-dents.jpg","width":1080,"height":1080,"caption":"La pasta de dientes Bioemsan es m\u00e1s eficaz que la convencional"},{"@type":"BreadcrumbList","@id":"https:\/\/alter-entorn.com\/ca\/un-estudi-clinic-duna-universitat-alemana-demostra-que-el-dentifric-bioemsan-es-mes-efectiu-que-els-dentifrics-convencionals\/#breadcrumb","itemListElement":[{"@type":"ListItem","position":1,"name":"Portada","item":"https:\/\/alter-entorn.com\/ca\/"},{"@type":"ListItem","position":2,"name":"UN ESTUDI DEMOSTRA QUE EL DENT\u00cdFRIC BIOEMSAN ES M\u00c9S EFECTIU QUE ELS DENT\u00cdFRICS CONVENCIONALS"}]},{"@type":"WebSite","@id":"https:\/\/alter-entorn.com\/ca\/#website","url":"https:\/\/alter-entorn.com\/ca\/","name":"alter-entorn","description":"Soluciones Microbiol\u00f3gicas probi\u00f3ticos","publisher":{"@id":"https:\/\/alter-entorn.com\/ca\/#organization"},"potentialAction":[{"@type":"SearchAction","target":{"@type":"EntryPoint","urlTemplate":"https:\/\/alter-entorn.com\/ca\/?s={search_term_string}"},"query-input":{"@type":"PropertyValueSpecification","valueRequired":true,"valueName":"search_term_string"}}],"inLanguage":"ca"},{"@type":"Organization","@id":"https:\/\/alter-entorn.com\/ca\/#organization","name":"alter-entorn","url":"https:\/\/alter-entorn.com\/ca\/","logo":{"@type":"ImageObject","inLanguage":"ca","@id":"https:\/\/alter-entorn.com\/ca\/#\/schema\/logo\/image\/","url":"https:\/\/alter-entorn.com\/wp-content\/uploads\/2018\/10\/logo_alter_entorn-sin-texto-1.png","contentUrl":"https:\/\/alter-entorn.com\/wp-content\/uploads\/2018\/10\/logo_alter_entorn-sin-texto-1.png","width":246,"height":68,"caption":"alter-entorn"},"image":{"@id":"https:\/\/alter-entorn.com\/ca\/#\/schema\/logo\/image\/"},"sameAs":["https:\/\/www.facebook.com\/alterentorn\/","https:\/\/x.com\/alterentorn"]},{"@type":"Person","@id":"https:\/\/alter-entorn.com\/ca\/#\/schema\/person\/038d634ba7da15974cd21b377dac47e7","name":"Comandes"}]}},"_links":{"self":[{"href":"https:\/\/alter-entorn.com\/ca\/wp-json\/wp\/v2\/posts\/6451","targetHints":{"allow":["GET"]}}],"collection":[{"href":"https:\/\/alter-entorn.com\/ca\/wp-json\/wp\/v2\/posts"}],"about":[{"href":"https:\/\/alter-entorn.com\/ca\/wp-json\/wp\/v2\/types\/post"}],"author":[{"embeddable":true,"href":"https:\/\/alter-entorn.com\/ca\/wp-json\/wp\/v2\/users\/3"}],"replies":[{"embeddable":true,"href":"https:\/\/alter-entorn.com\/ca\/wp-json\/wp\/v2\/comments?post=6451"}],"version-history":[{"count":0,"href":"https:\/\/alter-entorn.com\/ca\/wp-json\/wp\/v2\/posts\/6451\/revisions"}],"wp:featuredmedia":[{"embeddable":true,"href":"https:\/\/alter-entorn.com\/ca\/wp-json\/wp\/v2\/media\/6438"}],"wp:attachment":[{"href":"https:\/\/alter-entorn.com\/ca\/wp-json\/wp\/v2\/media?parent=6451"}],"wp:term":[{"taxonomy":"category","embeddable":true,"href":"https:\/\/alter-entorn.com\/ca\/wp-json\/wp\/v2\/categories?post=6451"},{"taxonomy":"post_tag","embeddable":true,"href":"https:\/\/alter-entorn.com\/ca\/wp-json\/wp\/v2\/tags?post=6451"}],"curies":[{"name":"wp","href":"https:\/\/api.w.org\/{rel}","templated":true}]}}