{"id":6556,"date":"2019-02-19T16:23:20","date_gmt":"2019-02-19T15:23:20","guid":{"rendered":"https:\/\/alter-entorn.com\/que-es-la-cosmetica-vegana\/"},"modified":"2019-02-19T16:23:20","modified_gmt":"2019-02-19T15:23:20","slug":"que-es-la-cosmetica-vegana","status":"publish","type":"post","link":"https:\/\/alter-entorn.com\/ca\/que-es-la-cosmetica-vegana\/","title":{"rendered":"QU\u00c8 \u00c9S LA COSM\u00c8TICA VEGANA?"},"content":{"rendered":"<h2><strong>Els productes de cosm\u00e8tica vegana no tenen cap tipus d\u2019ingredient d\u2019origen animal, hagi suposat la mort d\u2019aquest o no, ni s\u00f3n testats en animals. S\u00f3n una tend\u00e8ncia a l\u2019al\u00e7a<\/strong><\/h2>\n<p>&nbsp;<\/p>\n<h2><!--more--><\/h2>\n<p>El veganisme \u00e9s un estil de vida que va molt m\u00e9s enll\u00e0 de l\u2019alimentaci\u00f3, i que, \u00faltimament ha agafat molta embranzida en el m\u00f3n dels cosm\u00e8tics. Les persones veganes cada vegada s\u00f3n m\u00e9s, i estan m\u00e9s decidides a portar el seu estil de vida a tots els camps: roba, accessoris, activitats d\u2019oci, entre d\u2019altres. La cosm\u00e8tica \u00e9s un dels sectors que no se\u2019n escapa, ja que \u00e9s un sector sempre creixent, innovador i on sempre podem trobar les \u00faltimes tend\u00e8ncies.<\/p>\n<p>Aix\u00ed doncs, de la mateixa manera que els aliments, <strong>els cosm\u00e8tics vegans seran productes que no tinguin cap ingredient d\u2019origen animal, sigui obtingut per sacrifici o no, ni que estiguin provats amb animals. <\/strong>La primera premissa \u00e9s la qu\u00e8 diferencia els vegans dels vegetarians, ja que aquests \u00faltims s\u00ed que consumeixen ingredients d\u2019origen animal que es produeixen sense la necessitat de matar-lo com els ous o la cera de les abelles, etc. La segona premissa hauria de ser \u00f2bvia, ja que des de 2013 existeix una llei europea que prohibeix les proves de cosm\u00e8tics amb animals, per\u00f2 sempre hi ha excepcions i productes importats d\u2019altres llocs que ens poden arribar a les mans.<\/p>\n<p>D\u2019aquesta manera, <a href=\"https:\/\/alter-entorn.com\/ca\/diferencia-entre-cosmetica-natural-i-ecologica\/\">un cosm\u00e8tic pot ser natural i\/o ecol\u00f2gic com vam explicar anteriorment<\/a>\u00a0i\/o veg\u00e0, ja \u00e9s possible que tots els seus ingredients siguin naturals i procedents de cultius ecol\u00f2gics, per\u00f2 s\u2019utilitzi algun ingredient d\u2019origen animal molt com\u00fa com podria ser la cera d\u2019abella.<\/p>\n<p>Per exemple, <a href=\"https:\/\/alter-entorn.com\/ca\/categoria-producte\/salut-i-benestar\/\/cosmetica-higiene-natural\"><strong>la nostra gamma de cosm\u00e8tics Bioemsan<\/strong><\/a>\u00a0<strong>\u00e9s cosm\u00e8tica natural i cosm\u00e8tica ecol\u00f2gica, ja que no contenen cap subst\u00e0ncia sint\u00e8tica i tots els ingredients s\u00f3n procedents de cultius ecol\u00f2gics, per\u00f2 nom\u00e9s alguns dels productes s\u00f3n vegans:<\/strong> <a href=\"\/?p=4073\">el desodorant,<\/a> <a href=\"\/?p=4075\">la llet corporal,<\/a> <a href=\"\/?p=4072\">el gel de dutxa,<\/a> <a href=\"\/?p=5804\">el xamp\u00fa d\u2019alvocat,<\/a> <a href=\"\/?p=5801\">el xamp\u00fa de roman\u00ed,<\/a> <a href=\"\/?p=6146\">l\u2019acondicionador,<\/a> <a href=\"\/?p=6137\">el t\u00f2nic facial,<\/a><a href=\"\/?p=6127\"> la llet netejadora<\/a> i <a href=\"\/?p=6119\">les sals de bany.<\/a><\/p>\n<p>Normalment hem de llegir tota l\u2019etiqueta INCI per identificar si un producte \u00e9s veg\u00e0 o no, ja que passa com amb la cosm\u00e8tica ecol\u00f2gica, que els ingredients normalment no s\u00f3n f\u00e0cils de recon\u00e8ixer. Alguns dels ingredients d\u2019origen animal m\u00e9s comuns en cosm\u00e8tica s\u00f3n la llet, la cera, alguns greixos i olis, la keratina, el col\u00b7lagen, l\u2019\u00e0cid hialur\u00f2nic, etc.<\/p>\n<p>Tenint en compte la creixent demanda, poc a poc es van imposant certificacions i segells que acrediten aquest valor afegit, per\u00f2 de la mateixa manera que passa amb l\u2019ecol\u00f2gic, <strong>no existeix encara un segell \u00fanic i oficial.<\/strong> Els m\u00e9s importants s\u00f3n el segell Vegan de la <a href=\"https:\/\/www.vegansociety.com\/\">Vegan Society<\/a>, el Cruelty Free &amp; Vegan de<a href=\"https:\/\/www.peta.org\/\"> l\u2019Associaci\u00f3 PETA.<\/a><\/p>\n","protected":false},"excerpt":{"rendered":"<p>Els productes de cosm\u00e8tica vegana no tenen cap tipus d\u2019ingredient d\u2019origen animal, hagi suposat la mort d\u2019aquest o no, ni s\u00f3n testats en animals. S\u00f3n una tend\u00e8ncia a l\u2019al\u00e7a &nbsp;<\/p>\n","protected":false},"author":3,"featured_media":6551,"comment_status":"closed","ping_status":"closed","sticky":false,"template":"","format":"standard","meta":{"_joinchat":[],"footnotes":""},"categories":[97],"tags":[2491,2492,2493,2494,2495,2496,2497,2498,2499],"class_list":["post-6556","post","type-post","status-publish","format-standard","has-post-thumbnail","hentry","category-salut-i-benestar","tag-cosmetica-vegana-ca","tag-cosmetics-vegans","tag-xampu-vega","tag-gel-dutxa-vega","tag-desodorant-vega","tag-segells-vegans","tag-cruelty-free-ca","tag-no-testat-en-animals","tag-productes-vegans"],"yoast_head":"<!-- This site is optimized with the Yoast SEO plugin v27.4 - https:\/\/yoast.com\/product\/yoast-seo-wordpress\/ -->\n<title>QU\u00c8 \u00c9S LA COSM\u00c8TICA VEGANA? - alter-entorn<\/title>\n<meta name=\"description\" content=\"Els productes cosm\u00e8tics vegans no tenen cap ingredient d&#039;origen animal, hagi soposat la seva mort o no, ni s\u00f3n testats en animals.\" \/>\n<meta name=\"robots\" content=\"index, follow, max-snippet:-1, max-image-preview:large, max-video-preview:-1\" \/>\n<link rel=\"canonical\" href=\"https:\/\/alter-entorn.com\/ca\/que-es-la-cosmetica-vegana\/\" \/>\n<meta property=\"og:locale\" content=\"ca_ES\" \/>\n<meta property=\"og:type\" content=\"article\" \/>\n<meta property=\"og:title\" content=\"QU\u00c8 \u00c9S LA COSM\u00c8TICA VEGANA? - alter-entorn\" \/>\n<meta property=\"og:description\" content=\"Els productes cosm\u00e8tics vegans no tenen cap ingredient d&#039;origen animal, hagi soposat la seva mort o no, ni s\u00f3n testats en animals.\" \/>\n<meta property=\"og:url\" content=\"https:\/\/alter-entorn.com\/ca\/que-es-la-cosmetica-vegana\/\" \/>\n<meta property=\"og:site_name\" content=\"alter-entorn\" \/>\n<meta property=\"article:publisher\" content=\"https:\/\/www.facebook.com\/alterentorn\/\" \/>\n<meta property=\"article:published_time\" content=\"2019-02-19T15:23:20+00:00\" \/>\n<meta property=\"og:image\" content=\"https:\/\/alter-entorn.com\/wp-content\/uploads\/2019\/02\/cosmetica-vegana.jpg\" \/>\n\t<meta property=\"og:image:width\" content=\"960\" \/>\n\t<meta property=\"og:image:height\" content=\"640\" \/>\n\t<meta property=\"og:image:type\" content=\"image\/jpeg\" \/>\n<meta name=\"author\" content=\"Comandes\" \/>\n<meta name=\"twitter:card\" content=\"summary_large_image\" \/>\n<meta name=\"twitter:creator\" content=\"@alterentorn\" \/>\n<meta name=\"twitter:site\" content=\"@alterentorn\" \/>\n<meta name=\"twitter:label1\" content=\"Escrit per\" \/>\n\t<meta name=\"twitter:data1\" content=\"Comandes\" \/>\n\t<meta name=\"twitter:label2\" content=\"Temps estimat de lectura\" \/>\n\t<meta name=\"twitter:data2\" content=\"3 minuts\" \/>\n<script type=\"application\/ld+json\" class=\"yoast-schema-graph\">{\"@context\":\"https:\\\/\\\/schema.org\",\"@graph\":[{\"@type\":\"Article\",\"@id\":\"https:\\\/\\\/alter-entorn.com\\\/ca\\\/que-es-la-cosmetica-vegana\\\/#article\",\"isPartOf\":{\"@id\":\"https:\\\/\\\/alter-entorn.com\\\/ca\\\/que-es-la-cosmetica-vegana\\\/\"},\"author\":{\"name\":\"Comandes\",\"@id\":\"https:\\\/\\\/alter-entorn.com\\\/ca\\\/#\\\/schema\\\/person\\\/038d634ba7da15974cd21b377dac47e7\"},\"headline\":\"QU\u00c8 \u00c9S LA COSM\u00c8TICA VEGANA?\",\"datePublished\":\"2019-02-19T15:23:20+00:00\",\"mainEntityOfPage\":{\"@id\":\"https:\\\/\\\/alter-entorn.com\\\/ca\\\/que-es-la-cosmetica-vegana\\\/\"},\"wordCount\":517,\"publisher\":{\"@id\":\"https:\\\/\\\/alter-entorn.com\\\/ca\\\/#organization\"},\"image\":{\"@id\":\"https:\\\/\\\/alter-entorn.com\\\/ca\\\/que-es-la-cosmetica-vegana\\\/#primaryimage\"},\"thumbnailUrl\":\"https:\\\/\\\/alter-entorn.com\\\/wp-content\\\/uploads\\\/2019\\\/02\\\/cosmetica-vegana.jpg\",\"keywords\":[\"cosmetica vegana\",\"cosmetics vegans\",\"xampu vega\",\"gel dutxa vega\",\"desodorant vega\",\"segells vegans\",\"cruelty free\",\"no testat en animals\",\"productes vegans\"],\"articleSection\":[\"SALUT I BENESTAR\"],\"inLanguage\":\"ca\"},{\"@type\":\"WebPage\",\"@id\":\"https:\\\/\\\/alter-entorn.com\\\/ca\\\/que-es-la-cosmetica-vegana\\\/\",\"url\":\"https:\\\/\\\/alter-entorn.com\\\/ca\\\/que-es-la-cosmetica-vegana\\\/\",\"name\":\"QU\u00c8 \u00c9S LA COSM\u00c8TICA VEGANA? - alter-entorn\",\"isPartOf\":{\"@id\":\"https:\\\/\\\/alter-entorn.com\\\/ca\\\/#website\"},\"primaryImageOfPage\":{\"@id\":\"https:\\\/\\\/alter-entorn.com\\\/ca\\\/que-es-la-cosmetica-vegana\\\/#primaryimage\"},\"image\":{\"@id\":\"https:\\\/\\\/alter-entorn.com\\\/ca\\\/que-es-la-cosmetica-vegana\\\/#primaryimage\"},\"thumbnailUrl\":\"https:\\\/\\\/alter-entorn.com\\\/wp-content\\\/uploads\\\/2019\\\/02\\\/cosmetica-vegana.jpg\",\"datePublished\":\"2019-02-19T15:23:20+00:00\",\"description\":\"Els productes cosm\u00e8tics vegans no tenen cap ingredient d'origen animal, hagi soposat la seva mort o no, ni s\u00f3n testats en animals.\",\"breadcrumb\":{\"@id\":\"https:\\\/\\\/alter-entorn.com\\\/ca\\\/que-es-la-cosmetica-vegana\\\/#breadcrumb\"},\"inLanguage\":\"ca\",\"potentialAction\":[{\"@type\":\"ReadAction\",\"target\":[\"https:\\\/\\\/alter-entorn.com\\\/ca\\\/que-es-la-cosmetica-vegana\\\/\"]}]},{\"@type\":\"ImageObject\",\"inLanguage\":\"ca\",\"@id\":\"https:\\\/\\\/alter-entorn.com\\\/ca\\\/que-es-la-cosmetica-vegana\\\/#primaryimage\",\"url\":\"https:\\\/\\\/alter-entorn.com\\\/wp-content\\\/uploads\\\/2019\\\/02\\\/cosmetica-vegana.jpg\",\"contentUrl\":\"https:\\\/\\\/alter-entorn.com\\\/wp-content\\\/uploads\\\/2019\\\/02\\\/cosmetica-vegana.jpg\",\"width\":960,\"height\":640,\"caption\":\"\u00bfQu\u00e9 es la cosm\u00e9tica vegana?\"},{\"@type\":\"BreadcrumbList\",\"@id\":\"https:\\\/\\\/alter-entorn.com\\\/ca\\\/que-es-la-cosmetica-vegana\\\/#breadcrumb\",\"itemListElement\":[{\"@type\":\"ListItem\",\"position\":1,\"name\":\"Portada\",\"item\":\"https:\\\/\\\/alter-entorn.com\\\/ca\\\/\"},{\"@type\":\"ListItem\",\"position\":2,\"name\":\"QU\u00c8 \u00c9S LA COSM\u00c8TICA VEGANA?\"}]},{\"@type\":\"WebSite\",\"@id\":\"https:\\\/\\\/alter-entorn.com\\\/ca\\\/#website\",\"url\":\"https:\\\/\\\/alter-entorn.com\\\/ca\\\/\",\"name\":\"alter-entorn\",\"description\":\"Soluciones Microbiol\u00f3gicas probi\u00f3ticos\",\"publisher\":{\"@id\":\"https:\\\/\\\/alter-entorn.com\\\/ca\\\/#organization\"},\"potentialAction\":[{\"@type\":\"SearchAction\",\"target\":{\"@type\":\"EntryPoint\",\"urlTemplate\":\"https:\\\/\\\/alter-entorn.com\\\/ca\\\/?s={search_term_string}\"},\"query-input\":{\"@type\":\"PropertyValueSpecification\",\"valueRequired\":true,\"valueName\":\"search_term_string\"}}],\"inLanguage\":\"ca\"},{\"@type\":\"Organization\",\"@id\":\"https:\\\/\\\/alter-entorn.com\\\/ca\\\/#organization\",\"name\":\"alter-entorn\",\"url\":\"https:\\\/\\\/alter-entorn.com\\\/ca\\\/\",\"logo\":{\"@type\":\"ImageObject\",\"inLanguage\":\"ca\",\"@id\":\"https:\\\/\\\/alter-entorn.com\\\/ca\\\/#\\\/schema\\\/logo\\\/image\\\/\",\"url\":\"https:\\\/\\\/alter-entorn.com\\\/wp-content\\\/uploads\\\/2018\\\/10\\\/logo_alter_entorn-sin-texto-1.png\",\"contentUrl\":\"https:\\\/\\\/alter-entorn.com\\\/wp-content\\\/uploads\\\/2018\\\/10\\\/logo_alter_entorn-sin-texto-1.png\",\"width\":246,\"height\":68,\"caption\":\"alter-entorn\"},\"image\":{\"@id\":\"https:\\\/\\\/alter-entorn.com\\\/ca\\\/#\\\/schema\\\/logo\\\/image\\\/\"},\"sameAs\":[\"https:\\\/\\\/www.facebook.com\\\/alterentorn\\\/\",\"https:\\\/\\\/x.com\\\/alterentorn\"]},{\"@type\":\"Person\",\"@id\":\"https:\\\/\\\/alter-entorn.com\\\/ca\\\/#\\\/schema\\\/person\\\/038d634ba7da15974cd21b377dac47e7\",\"name\":\"Comandes\"}]}<\/script>\n<!-- \/ Yoast SEO plugin. -->","yoast_head_json":{"title":"QU\u00c8 \u00c9S LA COSM\u00c8TICA VEGANA? - alter-entorn","description":"Els productes cosm\u00e8tics vegans no tenen cap ingredient d'origen animal, hagi soposat la seva mort o no, ni s\u00f3n testats en animals.","robots":{"index":"index","follow":"follow","max-snippet":"max-snippet:-1","max-image-preview":"max-image-preview:large","max-video-preview":"max-video-preview:-1"},"canonical":"https:\/\/alter-entorn.com\/ca\/que-es-la-cosmetica-vegana\/","og_locale":"ca_ES","og_type":"article","og_title":"QU\u00c8 \u00c9S LA COSM\u00c8TICA VEGANA? - alter-entorn","og_description":"Els productes cosm\u00e8tics vegans no tenen cap ingredient d'origen animal, hagi soposat la seva mort o no, ni s\u00f3n testats en animals.","og_url":"https:\/\/alter-entorn.com\/ca\/que-es-la-cosmetica-vegana\/","og_site_name":"alter-entorn","article_publisher":"https:\/\/www.facebook.com\/alterentorn\/","article_published_time":"2019-02-19T15:23:20+00:00","og_image":[{"width":960,"height":640,"url":"https:\/\/alter-entorn.com\/wp-content\/uploads\/2019\/02\/cosmetica-vegana.jpg","type":"image\/jpeg"}],"author":"Comandes","twitter_card":"summary_large_image","twitter_creator":"@alterentorn","twitter_site":"@alterentorn","twitter_misc":{"Escrit per":"Comandes","Temps estimat de lectura":"3 minuts"},"schema":{"@context":"https:\/\/schema.org","@graph":[{"@type":"Article","@id":"https:\/\/alter-entorn.com\/ca\/que-es-la-cosmetica-vegana\/#article","isPartOf":{"@id":"https:\/\/alter-entorn.com\/ca\/que-es-la-cosmetica-vegana\/"},"author":{"name":"Comandes","@id":"https:\/\/alter-entorn.com\/ca\/#\/schema\/person\/038d634ba7da15974cd21b377dac47e7"},"headline":"QU\u00c8 \u00c9S LA COSM\u00c8TICA VEGANA?","datePublished":"2019-02-19T15:23:20+00:00","mainEntityOfPage":{"@id":"https:\/\/alter-entorn.com\/ca\/que-es-la-cosmetica-vegana\/"},"wordCount":517,"publisher":{"@id":"https:\/\/alter-entorn.com\/ca\/#organization"},"image":{"@id":"https:\/\/alter-entorn.com\/ca\/que-es-la-cosmetica-vegana\/#primaryimage"},"thumbnailUrl":"https:\/\/alter-entorn.com\/wp-content\/uploads\/2019\/02\/cosmetica-vegana.jpg","keywords":["cosmetica vegana","cosmetics vegans","xampu vega","gel dutxa vega","desodorant vega","segells vegans","cruelty free","no testat en animals","productes vegans"],"articleSection":["SALUT I BENESTAR"],"inLanguage":"ca"},{"@type":"WebPage","@id":"https:\/\/alter-entorn.com\/ca\/que-es-la-cosmetica-vegana\/","url":"https:\/\/alter-entorn.com\/ca\/que-es-la-cosmetica-vegana\/","name":"QU\u00c8 \u00c9S LA COSM\u00c8TICA VEGANA? - alter-entorn","isPartOf":{"@id":"https:\/\/alter-entorn.com\/ca\/#website"},"primaryImageOfPage":{"@id":"https:\/\/alter-entorn.com\/ca\/que-es-la-cosmetica-vegana\/#primaryimage"},"image":{"@id":"https:\/\/alter-entorn.com\/ca\/que-es-la-cosmetica-vegana\/#primaryimage"},"thumbnailUrl":"https:\/\/alter-entorn.com\/wp-content\/uploads\/2019\/02\/cosmetica-vegana.jpg","datePublished":"2019-02-19T15:23:20+00:00","description":"Els productes cosm\u00e8tics vegans no tenen cap ingredient d'origen animal, hagi soposat la seva mort o no, ni s\u00f3n testats en animals.","breadcrumb":{"@id":"https:\/\/alter-entorn.com\/ca\/que-es-la-cosmetica-vegana\/#breadcrumb"},"inLanguage":"ca","potentialAction":[{"@type":"ReadAction","target":["https:\/\/alter-entorn.com\/ca\/que-es-la-cosmetica-vegana\/"]}]},{"@type":"ImageObject","inLanguage":"ca","@id":"https:\/\/alter-entorn.com\/ca\/que-es-la-cosmetica-vegana\/#primaryimage","url":"https:\/\/alter-entorn.com\/wp-content\/uploads\/2019\/02\/cosmetica-vegana.jpg","contentUrl":"https:\/\/alter-entorn.com\/wp-content\/uploads\/2019\/02\/cosmetica-vegana.jpg","width":960,"height":640,"caption":"\u00bfQu\u00e9 es la cosm\u00e9tica vegana?"},{"@type":"BreadcrumbList","@id":"https:\/\/alter-entorn.com\/ca\/que-es-la-cosmetica-vegana\/#breadcrumb","itemListElement":[{"@type":"ListItem","position":1,"name":"Portada","item":"https:\/\/alter-entorn.com\/ca\/"},{"@type":"ListItem","position":2,"name":"QU\u00c8 \u00c9S LA COSM\u00c8TICA VEGANA?"}]},{"@type":"WebSite","@id":"https:\/\/alter-entorn.com\/ca\/#website","url":"https:\/\/alter-entorn.com\/ca\/","name":"alter-entorn","description":"Soluciones Microbiol\u00f3gicas probi\u00f3ticos","publisher":{"@id":"https:\/\/alter-entorn.com\/ca\/#organization"},"potentialAction":[{"@type":"SearchAction","target":{"@type":"EntryPoint","urlTemplate":"https:\/\/alter-entorn.com\/ca\/?s={search_term_string}"},"query-input":{"@type":"PropertyValueSpecification","valueRequired":true,"valueName":"search_term_string"}}],"inLanguage":"ca"},{"@type":"Organization","@id":"https:\/\/alter-entorn.com\/ca\/#organization","name":"alter-entorn","url":"https:\/\/alter-entorn.com\/ca\/","logo":{"@type":"ImageObject","inLanguage":"ca","@id":"https:\/\/alter-entorn.com\/ca\/#\/schema\/logo\/image\/","url":"https:\/\/alter-entorn.com\/wp-content\/uploads\/2018\/10\/logo_alter_entorn-sin-texto-1.png","contentUrl":"https:\/\/alter-entorn.com\/wp-content\/uploads\/2018\/10\/logo_alter_entorn-sin-texto-1.png","width":246,"height":68,"caption":"alter-entorn"},"image":{"@id":"https:\/\/alter-entorn.com\/ca\/#\/schema\/logo\/image\/"},"sameAs":["https:\/\/www.facebook.com\/alterentorn\/","https:\/\/x.com\/alterentorn"]},{"@type":"Person","@id":"https:\/\/alter-entorn.com\/ca\/#\/schema\/person\/038d634ba7da15974cd21b377dac47e7","name":"Comandes"}]}},"_links":{"self":[{"href":"https:\/\/alter-entorn.com\/ca\/wp-json\/wp\/v2\/posts\/6556","targetHints":{"allow":["GET"]}}],"collection":[{"href":"https:\/\/alter-entorn.com\/ca\/wp-json\/wp\/v2\/posts"}],"about":[{"href":"https:\/\/alter-entorn.com\/ca\/wp-json\/wp\/v2\/types\/post"}],"author":[{"embeddable":true,"href":"https:\/\/alter-entorn.com\/ca\/wp-json\/wp\/v2\/users\/3"}],"replies":[{"embeddable":true,"href":"https:\/\/alter-entorn.com\/ca\/wp-json\/wp\/v2\/comments?post=6556"}],"version-history":[{"count":0,"href":"https:\/\/alter-entorn.com\/ca\/wp-json\/wp\/v2\/posts\/6556\/revisions"}],"wp:featuredmedia":[{"embeddable":true,"href":"https:\/\/alter-entorn.com\/ca\/wp-json\/wp\/v2\/media\/6551"}],"wp:attachment":[{"href":"https:\/\/alter-entorn.com\/ca\/wp-json\/wp\/v2\/media?parent=6556"}],"wp:term":[{"taxonomy":"category","embeddable":true,"href":"https:\/\/alter-entorn.com\/ca\/wp-json\/wp\/v2\/categories?post=6556"},{"taxonomy":"post_tag","embeddable":true,"href":"https:\/\/alter-entorn.com\/ca\/wp-json\/wp\/v2\/tags?post=6556"}],"curies":[{"name":"wp","href":"https:\/\/api.w.org\/{rel}","templated":true}]}}