{"id":6656,"date":"2019-03-20T10:33:40","date_gmt":"2019-03-20T09:33:40","guid":{"rendered":"https:\/\/alter-entorn.com\/la-microbiota-de-la-pell-o-la-flora-cutania\/"},"modified":"2019-03-20T10:33:40","modified_gmt":"2019-03-20T09:33:40","slug":"la-microbiota-de-la-pell-o-la-flora-cutania","status":"publish","type":"post","link":"https:\/\/alter-entorn.com\/ca\/la-microbiota-de-la-pell-o-la-flora-cutania\/","title":{"rendered":"LA MICROBIOTA DE LA PELL O LA FLORA CUT\u00c0NIA"},"content":{"rendered":"<h2><strong>La pell \u00e9s l\u2019\u00f2rgan m\u00e9s gran del nostre cos i el conjunt de microorganismes que hi habiten, formen la microbiota de la pell o flora cut\u00e0nia. Actua com a capa protectora de l\u2019exterior, controlant possibles danys f\u00edsics i immunol\u00f2gics<\/strong><\/h2>\n<p>&nbsp;<\/p>\n<h2><!--more--><\/h2>\n<p>Aix\u00ed com a l\u2018intest\u00ed, als genitals o a la boca hi ha una comunitat de microorganismes que hi habiten, tamb\u00e9 \u00e9s el cas de la nostra pell. <strong>La microbiota de la pell o flora cut\u00e0nia es distribueix al llarg de tot el nostre cos, \u00e9s l\u2019\u00f2rgan m\u00e9s gran i \u00e9s la nostra primera fila de defensa. <\/strong><\/p>\n<p>La pell t\u00e9 funcions molt importants ja que \u00e9s el que separa el nostre interior de l\u2019exterior. <strong>Per una banda, intenta evitar la penetraci\u00f3 de subst\u00e0ncies nocives de l\u2019exterior; i per l\u2019altra, intenta retenir el que ens \u00e9s de profit com la hidrataci\u00f3. <\/strong>Aix\u00ed doncs, t\u00e9 funcions relacionades amb la sensibilitat, el manteniment de la temperatura, el sistema immunol\u00f2gic, la foto-protecci\u00f3, entre d\u2019altres.<\/p>\n<p>Els microorganismes que hi habiten ajuden a realitzar aquestes funcions amb \u00e8xit<strong>. La microbiota o flora de cada persona \u00e9s totalment \u00fanica, i en el cas de la pell, \u00e9s molt variada i canviant.<\/strong> Primerament, la formen moltes m\u00e9s esp\u00e8cies diferents que la intestinal pel que \u00e9s m\u00e9s complexa; canvia al llarg de les diferents parts del cos ja que s\u2019adapta a les seves necessitats; varia molt en funci\u00f3 de les caracter\u00edstiques de cada persona (edat, sexe, h\u00e0bits, entorn&#8230;) i al llarg de la vida de la persona en concret; els h\u00e0bits i les condicions ambientals tamb\u00e9 hi poden influir.<\/p>\n<p><strong>Exactament de la mateixa manera que han augmentat els trastorns i al\u00b7l\u00e8rgies aliment\u00e0ries, tamb\u00e9 ho han fet els problemes d\u00e8rmics. <\/strong>Molts estan relacionats amb la p\u00e8rdua de diversitat microbiana produ\u00efda pels nostres mals h\u00e0bits i l\u2019augment de condicions adverses a l\u2019exterior: exc\u00e9s d\u2019higiene, consum d\u2019antibi\u00f2tics, sedentarisme, desequilibris hormonals, estr\u00e8s, falta de minerals, dietes desequilibrades, contaminaci\u00f3, exposici\u00f3 al sol&#8230;<\/p>\n<p><strong>Per restablir l\u2019equilibri de la microbiota de la pell hem d\u2019intentar millorar els nostres h\u00e0bits m\u00e9s perjudicials:<\/strong> intentar consumir menys ultra-processats, fer m\u00e9s exercici, evitar situacions estressants, etc. A m\u00e9s a m\u00e9s, ens pot ajudar utilitzar els productes de higiene i cosm\u00e8tics adients. Es recomana fer servir sempre sabons amb PH neutre, cosm\u00e8tics amb el m\u00ednim possible de subst\u00e0ncies t\u00f2xiques, productes naturals, hidratar-nos correctament, protegir-nos del sol, etc.<\/p>\n<p>A m\u00e9s a m\u00e9s, existeixen cosm\u00e8tics que inclouen microorganismes beneficiosos que ens ajuden a recuperar l\u2019equilibri de la nostra microbiota de la pell o flora cut\u00e0nia. <strong>Consumir habitualment <a href=\"https:\/\/alter-entorn.com\/ca\/que-es-la-cosmetica-probiotica\/\">cosm\u00e8tica probi\u00f2tica<\/a>, far\u00e0 que augmentem el n\u00famero de \u201cbacteris bons\u201d i que, per tant, es compleixin les funcions de la microbiota m\u00e9s eficientment; igualment, far\u00e0 que hi hagi un control superior sobre els \u201cbacteris dolents\u201d o pat\u00f2gens, evitant molts problemes cutanis habituals<\/strong> com infeccions, irritacions, acne, fongs, olor excessiva, etc.<\/p>\n<p><strong>Un exemple de cosm\u00e8tica d\u2019aquest tipus \u00e9s <a href=\"https:\/\/alter-entorn.com\/ca\/categoria-producte\/salut-i-benestar\/\/cosmetica-higiene-natural\">la nostra gamma de cosm\u00e8tics probi\u00f2tics Bioemsan<\/a>\u00a0que cont\u00e9 diferents ingredients amb microorganismes beneficiosos<\/strong> com <a href=\"https:\/\/alter-entorn.com\/ca\/producto\/manju\/\">el Manju<\/a>, el calci de corall, la pols de <a href=\"https:\/\/alter-entorn.com\/ca\/producto\/ceramica-em-gris\/\">cer\u00e0mica alter-entorn<\/a>, extractes d\u2019herbes fermentades o la sal del mar de Manju.<\/p>\n<p>&nbsp;<\/p>\n","protected":false},"excerpt":{"rendered":"<p>La pell \u00e9s l\u2019\u00f2rgan m\u00e9s gran del nostre cos i el conjunt de microorganismes que hi habiten, formen la microbiota de la pell o flora cut\u00e0nia. Actua com a capa protectora de l\u2019exterior, controlant possibles danys f\u00edsics i immunol\u00f2gics &nbsp;<\/p>\n","protected":false},"author":3,"featured_media":6652,"comment_status":"closed","ping_status":"closed","sticky":false,"template":"","format":"standard","meta":{"_joinchat":[],"footnotes":""},"categories":[97],"tags":[1876,2019,2020,2530,2531,2532,2533,2534,2535],"class_list":["post-6656","post","type-post","status-publish","format-standard","has-post-thumbnail","hentry","category-salut-i-benestar","tag-cosmetica-probiotica-ca","tag-flora-cutania","tag-epidermis-ca","tag-microbiota-de-la-pell","tag-bacteris-pell","tag-funcions-pell","tag-microorganismes-pell","tag-cosmetica-amb-bacteris","tag-cosmetica-amb-microorganismes"],"yoast_head":"<!-- This site is optimized with the Yoast SEO plugin v27.4 - https:\/\/yoast.com\/product\/yoast-seo-wordpress\/ -->\n<title>LA MICROBIOTA DE LA PELL O LA FLORA CUT\u00c0NIA - alter-entorn<\/title>\n<meta name=\"description\" content=\"El conjunt de microorganismes que habiten a la pell formen l&#039;anomenada microbiota de la pell o flora cut\u00e0nia.\" \/>\n<meta name=\"robots\" content=\"index, follow, max-snippet:-1, max-image-preview:large, max-video-preview:-1\" \/>\n<link rel=\"canonical\" href=\"https:\/\/alter-entorn.com\/ca\/la-microbiota-de-la-pell-o-la-flora-cutania\/\" \/>\n<meta property=\"og:locale\" content=\"ca_ES\" \/>\n<meta property=\"og:type\" content=\"article\" \/>\n<meta property=\"og:title\" content=\"LA MICROBIOTA DE LA PELL O LA FLORA CUT\u00c0NIA - alter-entorn\" \/>\n<meta property=\"og:description\" content=\"El conjunt de microorganismes que habiten a la pell formen l&#039;anomenada microbiota de la pell o flora cut\u00e0nia.\" \/>\n<meta property=\"og:url\" content=\"https:\/\/alter-entorn.com\/ca\/la-microbiota-de-la-pell-o-la-flora-cutania\/\" \/>\n<meta property=\"og:site_name\" content=\"alter-entorn\" \/>\n<meta property=\"article:publisher\" content=\"https:\/\/www.facebook.com\/alterentorn\/\" \/>\n<meta property=\"article:published_time\" content=\"2019-03-20T09:33:40+00:00\" \/>\n<meta property=\"og:image\" content=\"https:\/\/alter-entorn.com\/wp-content\/uploads\/2019\/03\/flora-cutanea.jpg\" \/>\n\t<meta property=\"og:image:width\" content=\"960\" \/>\n\t<meta property=\"og:image:height\" content=\"637\" \/>\n\t<meta property=\"og:image:type\" content=\"image\/jpeg\" \/>\n<meta name=\"author\" content=\"Comandes\" \/>\n<meta name=\"twitter:card\" content=\"summary_large_image\" \/>\n<meta name=\"twitter:creator\" content=\"@alterentorn\" \/>\n<meta name=\"twitter:site\" content=\"@alterentorn\" \/>\n<meta name=\"twitter:label1\" content=\"Escrit per\" \/>\n\t<meta name=\"twitter:data1\" content=\"Comandes\" \/>\n\t<meta name=\"twitter:label2\" content=\"Temps estimat de lectura\" \/>\n\t<meta name=\"twitter:data2\" content=\"3 minuts\" \/>\n<script type=\"application\/ld+json\" class=\"yoast-schema-graph\">{\"@context\":\"https:\\\/\\\/schema.org\",\"@graph\":[{\"@type\":\"Article\",\"@id\":\"https:\\\/\\\/alter-entorn.com\\\/ca\\\/la-microbiota-de-la-pell-o-la-flora-cutania\\\/#article\",\"isPartOf\":{\"@id\":\"https:\\\/\\\/alter-entorn.com\\\/ca\\\/la-microbiota-de-la-pell-o-la-flora-cutania\\\/\"},\"author\":{\"name\":\"Comandes\",\"@id\":\"https:\\\/\\\/alter-entorn.com\\\/ca\\\/#\\\/schema\\\/person\\\/038d634ba7da15974cd21b377dac47e7\"},\"headline\":\"LA MICROBIOTA DE LA PELL O LA FLORA CUT\u00c0NIA\",\"datePublished\":\"2019-03-20T09:33:40+00:00\",\"mainEntityOfPage\":{\"@id\":\"https:\\\/\\\/alter-entorn.com\\\/ca\\\/la-microbiota-de-la-pell-o-la-flora-cutania\\\/\"},\"wordCount\":582,\"publisher\":{\"@id\":\"https:\\\/\\\/alter-entorn.com\\\/ca\\\/#organization\"},\"image\":{\"@id\":\"https:\\\/\\\/alter-entorn.com\\\/ca\\\/la-microbiota-de-la-pell-o-la-flora-cutania\\\/#primaryimage\"},\"thumbnailUrl\":\"https:\\\/\\\/alter-entorn.com\\\/wp-content\\\/uploads\\\/2019\\\/03\\\/flora-cutanea.jpg\",\"keywords\":[\"cosm\u00e8tica probi\u00f2tica\",\"flora cut\u00e0nia\",\"epidermis\",\"microbiota de la pell\",\"bacteris pell\",\"funcions pell\",\"microorganismes pell\",\"cosmetica amb bacteris\",\"cosmetica amb microorganismes\"],\"articleSection\":[\"SALUT I BENESTAR\"],\"inLanguage\":\"ca\"},{\"@type\":\"WebPage\",\"@id\":\"https:\\\/\\\/alter-entorn.com\\\/ca\\\/la-microbiota-de-la-pell-o-la-flora-cutania\\\/\",\"url\":\"https:\\\/\\\/alter-entorn.com\\\/ca\\\/la-microbiota-de-la-pell-o-la-flora-cutania\\\/\",\"name\":\"LA MICROBIOTA DE LA PELL O LA FLORA CUT\u00c0NIA - alter-entorn\",\"isPartOf\":{\"@id\":\"https:\\\/\\\/alter-entorn.com\\\/ca\\\/#website\"},\"primaryImageOfPage\":{\"@id\":\"https:\\\/\\\/alter-entorn.com\\\/ca\\\/la-microbiota-de-la-pell-o-la-flora-cutania\\\/#primaryimage\"},\"image\":{\"@id\":\"https:\\\/\\\/alter-entorn.com\\\/ca\\\/la-microbiota-de-la-pell-o-la-flora-cutania\\\/#primaryimage\"},\"thumbnailUrl\":\"https:\\\/\\\/alter-entorn.com\\\/wp-content\\\/uploads\\\/2019\\\/03\\\/flora-cutanea.jpg\",\"datePublished\":\"2019-03-20T09:33:40+00:00\",\"description\":\"El conjunt de microorganismes que habiten a la pell formen l'anomenada microbiota de la pell o flora cut\u00e0nia.\",\"breadcrumb\":{\"@id\":\"https:\\\/\\\/alter-entorn.com\\\/ca\\\/la-microbiota-de-la-pell-o-la-flora-cutania\\\/#breadcrumb\"},\"inLanguage\":\"ca\",\"potentialAction\":[{\"@type\":\"ReadAction\",\"target\":[\"https:\\\/\\\/alter-entorn.com\\\/ca\\\/la-microbiota-de-la-pell-o-la-flora-cutania\\\/\"]}]},{\"@type\":\"ImageObject\",\"inLanguage\":\"ca\",\"@id\":\"https:\\\/\\\/alter-entorn.com\\\/ca\\\/la-microbiota-de-la-pell-o-la-flora-cutania\\\/#primaryimage\",\"url\":\"https:\\\/\\\/alter-entorn.com\\\/wp-content\\\/uploads\\\/2019\\\/03\\\/flora-cutanea.jpg\",\"contentUrl\":\"https:\\\/\\\/alter-entorn.com\\\/wp-content\\\/uploads\\\/2019\\\/03\\\/flora-cutanea.jpg\",\"width\":960,\"height\":637,\"caption\":\"\u00bfQu\u00e9 es la flora cut\u00e1nea?\"},{\"@type\":\"BreadcrumbList\",\"@id\":\"https:\\\/\\\/alter-entorn.com\\\/ca\\\/la-microbiota-de-la-pell-o-la-flora-cutania\\\/#breadcrumb\",\"itemListElement\":[{\"@type\":\"ListItem\",\"position\":1,\"name\":\"Portada\",\"item\":\"https:\\\/\\\/alter-entorn.com\\\/ca\\\/\"},{\"@type\":\"ListItem\",\"position\":2,\"name\":\"LA MICROBIOTA DE LA PELL O LA FLORA CUT\u00c0NIA\"}]},{\"@type\":\"WebSite\",\"@id\":\"https:\\\/\\\/alter-entorn.com\\\/ca\\\/#website\",\"url\":\"https:\\\/\\\/alter-entorn.com\\\/ca\\\/\",\"name\":\"alter-entorn\",\"description\":\"Soluciones Microbiol\u00f3gicas probi\u00f3ticos\",\"publisher\":{\"@id\":\"https:\\\/\\\/alter-entorn.com\\\/ca\\\/#organization\"},\"potentialAction\":[{\"@type\":\"SearchAction\",\"target\":{\"@type\":\"EntryPoint\",\"urlTemplate\":\"https:\\\/\\\/alter-entorn.com\\\/ca\\\/?s={search_term_string}\"},\"query-input\":{\"@type\":\"PropertyValueSpecification\",\"valueRequired\":true,\"valueName\":\"search_term_string\"}}],\"inLanguage\":\"ca\"},{\"@type\":\"Organization\",\"@id\":\"https:\\\/\\\/alter-entorn.com\\\/ca\\\/#organization\",\"name\":\"alter-entorn\",\"url\":\"https:\\\/\\\/alter-entorn.com\\\/ca\\\/\",\"logo\":{\"@type\":\"ImageObject\",\"inLanguage\":\"ca\",\"@id\":\"https:\\\/\\\/alter-entorn.com\\\/ca\\\/#\\\/schema\\\/logo\\\/image\\\/\",\"url\":\"https:\\\/\\\/alter-entorn.com\\\/wp-content\\\/uploads\\\/2018\\\/10\\\/logo_alter_entorn-sin-texto-1.png\",\"contentUrl\":\"https:\\\/\\\/alter-entorn.com\\\/wp-content\\\/uploads\\\/2018\\\/10\\\/logo_alter_entorn-sin-texto-1.png\",\"width\":246,\"height\":68,\"caption\":\"alter-entorn\"},\"image\":{\"@id\":\"https:\\\/\\\/alter-entorn.com\\\/ca\\\/#\\\/schema\\\/logo\\\/image\\\/\"},\"sameAs\":[\"https:\\\/\\\/www.facebook.com\\\/alterentorn\\\/\",\"https:\\\/\\\/x.com\\\/alterentorn\"]},{\"@type\":\"Person\",\"@id\":\"https:\\\/\\\/alter-entorn.com\\\/ca\\\/#\\\/schema\\\/person\\\/038d634ba7da15974cd21b377dac47e7\",\"name\":\"Comandes\"}]}<\/script>\n<!-- \/ Yoast SEO plugin. -->","yoast_head_json":{"title":"LA MICROBIOTA DE LA PELL O LA FLORA CUT\u00c0NIA - alter-entorn","description":"El conjunt de microorganismes que habiten a la pell formen l'anomenada microbiota de la pell o flora cut\u00e0nia.","robots":{"index":"index","follow":"follow","max-snippet":"max-snippet:-1","max-image-preview":"max-image-preview:large","max-video-preview":"max-video-preview:-1"},"canonical":"https:\/\/alter-entorn.com\/ca\/la-microbiota-de-la-pell-o-la-flora-cutania\/","og_locale":"ca_ES","og_type":"article","og_title":"LA MICROBIOTA DE LA PELL O LA FLORA CUT\u00c0NIA - alter-entorn","og_description":"El conjunt de microorganismes que habiten a la pell formen l'anomenada microbiota de la pell o flora cut\u00e0nia.","og_url":"https:\/\/alter-entorn.com\/ca\/la-microbiota-de-la-pell-o-la-flora-cutania\/","og_site_name":"alter-entorn","article_publisher":"https:\/\/www.facebook.com\/alterentorn\/","article_published_time":"2019-03-20T09:33:40+00:00","og_image":[{"width":960,"height":637,"url":"https:\/\/alter-entorn.com\/wp-content\/uploads\/2019\/03\/flora-cutanea.jpg","type":"image\/jpeg"}],"author":"Comandes","twitter_card":"summary_large_image","twitter_creator":"@alterentorn","twitter_site":"@alterentorn","twitter_misc":{"Escrit per":"Comandes","Temps estimat de lectura":"3 minuts"},"schema":{"@context":"https:\/\/schema.org","@graph":[{"@type":"Article","@id":"https:\/\/alter-entorn.com\/ca\/la-microbiota-de-la-pell-o-la-flora-cutania\/#article","isPartOf":{"@id":"https:\/\/alter-entorn.com\/ca\/la-microbiota-de-la-pell-o-la-flora-cutania\/"},"author":{"name":"Comandes","@id":"https:\/\/alter-entorn.com\/ca\/#\/schema\/person\/038d634ba7da15974cd21b377dac47e7"},"headline":"LA MICROBIOTA DE LA PELL O LA FLORA CUT\u00c0NIA","datePublished":"2019-03-20T09:33:40+00:00","mainEntityOfPage":{"@id":"https:\/\/alter-entorn.com\/ca\/la-microbiota-de-la-pell-o-la-flora-cutania\/"},"wordCount":582,"publisher":{"@id":"https:\/\/alter-entorn.com\/ca\/#organization"},"image":{"@id":"https:\/\/alter-entorn.com\/ca\/la-microbiota-de-la-pell-o-la-flora-cutania\/#primaryimage"},"thumbnailUrl":"https:\/\/alter-entorn.com\/wp-content\/uploads\/2019\/03\/flora-cutanea.jpg","keywords":["cosm\u00e8tica probi\u00f2tica","flora cut\u00e0nia","epidermis","microbiota de la pell","bacteris pell","funcions pell","microorganismes pell","cosmetica amb bacteris","cosmetica amb microorganismes"],"articleSection":["SALUT I BENESTAR"],"inLanguage":"ca"},{"@type":"WebPage","@id":"https:\/\/alter-entorn.com\/ca\/la-microbiota-de-la-pell-o-la-flora-cutania\/","url":"https:\/\/alter-entorn.com\/ca\/la-microbiota-de-la-pell-o-la-flora-cutania\/","name":"LA MICROBIOTA DE LA PELL O LA FLORA CUT\u00c0NIA - alter-entorn","isPartOf":{"@id":"https:\/\/alter-entorn.com\/ca\/#website"},"primaryImageOfPage":{"@id":"https:\/\/alter-entorn.com\/ca\/la-microbiota-de-la-pell-o-la-flora-cutania\/#primaryimage"},"image":{"@id":"https:\/\/alter-entorn.com\/ca\/la-microbiota-de-la-pell-o-la-flora-cutania\/#primaryimage"},"thumbnailUrl":"https:\/\/alter-entorn.com\/wp-content\/uploads\/2019\/03\/flora-cutanea.jpg","datePublished":"2019-03-20T09:33:40+00:00","description":"El conjunt de microorganismes que habiten a la pell formen l'anomenada microbiota de la pell o flora cut\u00e0nia.","breadcrumb":{"@id":"https:\/\/alter-entorn.com\/ca\/la-microbiota-de-la-pell-o-la-flora-cutania\/#breadcrumb"},"inLanguage":"ca","potentialAction":[{"@type":"ReadAction","target":["https:\/\/alter-entorn.com\/ca\/la-microbiota-de-la-pell-o-la-flora-cutania\/"]}]},{"@type":"ImageObject","inLanguage":"ca","@id":"https:\/\/alter-entorn.com\/ca\/la-microbiota-de-la-pell-o-la-flora-cutania\/#primaryimage","url":"https:\/\/alter-entorn.com\/wp-content\/uploads\/2019\/03\/flora-cutanea.jpg","contentUrl":"https:\/\/alter-entorn.com\/wp-content\/uploads\/2019\/03\/flora-cutanea.jpg","width":960,"height":637,"caption":"\u00bfQu\u00e9 es la flora cut\u00e1nea?"},{"@type":"BreadcrumbList","@id":"https:\/\/alter-entorn.com\/ca\/la-microbiota-de-la-pell-o-la-flora-cutania\/#breadcrumb","itemListElement":[{"@type":"ListItem","position":1,"name":"Portada","item":"https:\/\/alter-entorn.com\/ca\/"},{"@type":"ListItem","position":2,"name":"LA MICROBIOTA DE LA PELL O LA FLORA CUT\u00c0NIA"}]},{"@type":"WebSite","@id":"https:\/\/alter-entorn.com\/ca\/#website","url":"https:\/\/alter-entorn.com\/ca\/","name":"alter-entorn","description":"Soluciones Microbiol\u00f3gicas probi\u00f3ticos","publisher":{"@id":"https:\/\/alter-entorn.com\/ca\/#organization"},"potentialAction":[{"@type":"SearchAction","target":{"@type":"EntryPoint","urlTemplate":"https:\/\/alter-entorn.com\/ca\/?s={search_term_string}"},"query-input":{"@type":"PropertyValueSpecification","valueRequired":true,"valueName":"search_term_string"}}],"inLanguage":"ca"},{"@type":"Organization","@id":"https:\/\/alter-entorn.com\/ca\/#organization","name":"alter-entorn","url":"https:\/\/alter-entorn.com\/ca\/","logo":{"@type":"ImageObject","inLanguage":"ca","@id":"https:\/\/alter-entorn.com\/ca\/#\/schema\/logo\/image\/","url":"https:\/\/alter-entorn.com\/wp-content\/uploads\/2018\/10\/logo_alter_entorn-sin-texto-1.png","contentUrl":"https:\/\/alter-entorn.com\/wp-content\/uploads\/2018\/10\/logo_alter_entorn-sin-texto-1.png","width":246,"height":68,"caption":"alter-entorn"},"image":{"@id":"https:\/\/alter-entorn.com\/ca\/#\/schema\/logo\/image\/"},"sameAs":["https:\/\/www.facebook.com\/alterentorn\/","https:\/\/x.com\/alterentorn"]},{"@type":"Person","@id":"https:\/\/alter-entorn.com\/ca\/#\/schema\/person\/038d634ba7da15974cd21b377dac47e7","name":"Comandes"}]}},"_links":{"self":[{"href":"https:\/\/alter-entorn.com\/ca\/wp-json\/wp\/v2\/posts\/6656","targetHints":{"allow":["GET"]}}],"collection":[{"href":"https:\/\/alter-entorn.com\/ca\/wp-json\/wp\/v2\/posts"}],"about":[{"href":"https:\/\/alter-entorn.com\/ca\/wp-json\/wp\/v2\/types\/post"}],"author":[{"embeddable":true,"href":"https:\/\/alter-entorn.com\/ca\/wp-json\/wp\/v2\/users\/3"}],"replies":[{"embeddable":true,"href":"https:\/\/alter-entorn.com\/ca\/wp-json\/wp\/v2\/comments?post=6656"}],"version-history":[{"count":0,"href":"https:\/\/alter-entorn.com\/ca\/wp-json\/wp\/v2\/posts\/6656\/revisions"}],"wp:featuredmedia":[{"embeddable":true,"href":"https:\/\/alter-entorn.com\/ca\/wp-json\/wp\/v2\/media\/6652"}],"wp:attachment":[{"href":"https:\/\/alter-entorn.com\/ca\/wp-json\/wp\/v2\/media?parent=6656"}],"wp:term":[{"taxonomy":"category","embeddable":true,"href":"https:\/\/alter-entorn.com\/ca\/wp-json\/wp\/v2\/categories?post=6656"},{"taxonomy":"post_tag","embeddable":true,"href":"https:\/\/alter-entorn.com\/ca\/wp-json\/wp\/v2\/tags?post=6656"}],"curies":[{"name":"wp","href":"https:\/\/api.w.org\/{rel}","templated":true}]}}