{"id":6802,"date":"2019-05-10T10:30:11","date_gmt":"2019-05-10T09:30:11","guid":{"rendered":"https:\/\/alter-entorn.com\/quina-relacio-hi-ha-entre-lasma-i-els-productes-de-neteja\/"},"modified":"2019-05-10T11:38:16","modified_gmt":"2019-05-10T10:38:16","slug":"quina-relacio-hi-ha-entre-lasma-i-els-productes-de-neteja","status":"publish","type":"post","link":"https:\/\/alter-entorn.com\/ca\/quina-relacio-hi-ha-entre-lasma-i-els-productes-de-neteja\/","title":{"rendered":"QUINA RELACI\u00d3 HI HA ENTRE L\u2019ASMA I ELS PRODUCTES DE NETEJA?"},"content":{"rendered":"<h2><strong>La utilitzaci\u00f3 regular d\u2019alguns netejadors incrementa el risc de desenvolupar asma i altres malalties respirat\u00f2ries segons diversos estudis<\/strong><\/h2>\n<h2><\/h2>\n<h2><!--more--><\/h2>\n<p>En les \u00faltimes d\u00e8cades <strong>s\u2019ha registrat un augment important de casos d\u2019asma entre la poblaci\u00f3, aix\u00ed com d\u2019altres malalties respirat\u00f2ries cr\u00f2niques.<\/strong> Diversos estudis demostren que existeix una relaci\u00f3 entre aquest fet i l\u2019augment de la contaminaci\u00f3 ambiental, per\u00f2 molts tamb\u00e9 apunten a la utilitzaci\u00f3 de determinats productes de neteja com a causa principal.<\/p>\n<p>De fet, s\u2019ha demostrat que les persones que treballen en neteja d\u2019edificis (cuines, hospitals, hotels, llars&#8230;) tenen m\u00e9s probabilitats de sofrir aquesta malaltia que d\u2019altres. <strong>L\u2019exposici\u00f3 continuada als productes de neteja doncs, incrementa les possibilitats de ser asm\u00e0tic i\/o desenvolupar algun tipus de malaltia respirat\u00f2ria cr\u00f2nica. <\/strong><\/p>\n<p>Aix\u00ed doncs, existeix un causant gen\u00e8tic, per\u00f2 el fet d\u2019utilitzar productes de neteja convencionals regularment, incrementa el risc de desenvolupar la malaltia. El mateix, tot i que amb un menor nivell, passa amb les tasques dom\u00e8stiques de la llar.<\/p>\n<p><strong>Normalment, els productes de neteja convencionals inclouen algunes subst\u00e0ncies t\u00f2xiques,<\/strong> i ingredients que tot i que d\u2019entrada no siguin t\u00f2xics, s\u00ed que poden ser perjudicials per la nostra salut. <a href=\"https:\/\/alter-entorn.com\/ca\/les-substancies-quimiques-nocives-mes-comunes-a-laire-dels-interiors\/\">Algunes d\u2019aquestes subst\u00e0ncies s\u00f3n tant habituals a casa nostra com el lleixiu o l\u2019amon\u00edac,<\/a> entre moltes altres provinents o no dels productes de neteja.<\/p>\n<p>Per molt que a l\u2019hora de netejar ens protegim amb guants o mascaretes ja que som conscients dels seus impactes immediats com irritacions a la pell, ulls o pulmons; <strong>les subst\u00e0ncies nocives de les qu\u00e8 parlem, es queden en l\u2019aire moltes hores despr\u00e9s del moment de la neteja. Algunes incl\u00fas es desprenen dels propis envasos, i les anem inhalant durant tot el dia.<\/strong> Per aix\u00f2, si fem un \u00fas continuat d\u2019aquest tipus de productes es creu que s\u2019incrementa notablement el risc de tenir asma. <strong>Cal mencionar tamb\u00e9 que els productes en esprai tenen especial perill,<\/strong> com els abrillantadors de mobles, els neteja-vidres i els ambientadors.<\/p>\n<blockquote><p>Segons Jan-Paul Zock, un dels especialistes m\u00e9s importants en la mat\u00e8ria, <strong>les possibilitats de tenir una crisi asm\u00e0tica s\u2019incrementen fins a un 40% en persones que utilitzen productes de neteja entre una i tres vegades a la setmana.<\/strong> I sembla que aquesta xifra segueix augmentant, pel qu\u00e8 <strong>entre l\u201911 i el 18% dels nous casos diagnosticats d\u2019asma podrien ser causats per aquest motiu.<\/strong><\/p><\/blockquote>\n<p>Actualment, l\u2019asma s\u2019ha convertit en la malaltia respirat\u00f2ria ocupacional m\u00e9s freq\u00fcent dels pa\u00efsos industrialitzats. En total, <strong>afecta a uns 350 milions de persones al m\u00f3n, el 5% dels adults espanyols i el 10% dels nens d\u2019aquest pa\u00eds, per\u00f2 es creu que aquesta xifra podria augmentar fins el 20% de la poblaci\u00f3 en els propers anys.<\/strong><\/p>\n<p>Es tracta d\u2019una malaltia respirat\u00f2ria cr\u00f2nica pel qual s\u2019inflamen els bronquis dificultant la respiraci\u00f3 normal. Tot i que existeixen tractaments que permeten controlar la malaltia, de moment no se n\u2019ha trobat cap cura.<\/p>\n<p>&nbsp;<\/p>\n","protected":false},"excerpt":{"rendered":"<p>La utilitzaci\u00f3 regular d\u2019alguns netejadors incrementa el risc de desenvolupar asma i altres malalties respirat\u00f2ries segons diversos estudis<\/p>\n","protected":false},"author":3,"featured_media":6797,"comment_status":"closed","ping_status":"closed","sticky":false,"template":"","format":"standard","meta":{"_joinchat":[],"footnotes":""},"categories":[74],"tags":[2392,2665,2666,2667,2668,2669,2670,2671],"class_list":["post-6802","post","type-post","status-publish","format-standard","has-post-thumbnail","hentry","category-neteja-ecologica","tag-substancies-nocives","tag-toxics-neteja","tag-asma-ca","tag-malalties-respiratories","tag-bronquitis-cronica-ca","tag-substancies-perilloses","tag-quimics-neteja","tag-perills-esprais"],"yoast_head":"<!-- This site is optimized with the Yoast SEO plugin v27.4 - https:\/\/yoast.com\/product\/yoast-seo-wordpress\/ -->\n<title>QUINA RELACI\u00d3 HI HA ENTRE L\u2019ASMA I ELS PRODUCTES DE NETEJA? - alter-entorn<\/title>\n<meta name=\"description\" content=\"L&#039;utilizaci\u00f3 regular d&#039;alguns netejadors incrementa el risc de desenvolupar asma i altres malalties respirat\u00f2ries\" \/>\n<meta name=\"robots\" content=\"index, follow, max-snippet:-1, max-image-preview:large, max-video-preview:-1\" \/>\n<link rel=\"canonical\" href=\"https:\/\/alter-entorn.com\/ca\/quina-relacio-hi-ha-entre-lasma-i-els-productes-de-neteja\/\" \/>\n<meta property=\"og:locale\" content=\"ca_ES\" \/>\n<meta property=\"og:type\" content=\"article\" \/>\n<meta property=\"og:title\" content=\"QUINA RELACI\u00d3 HI HA ENTRE L\u2019ASMA I ELS PRODUCTES DE NETEJA? - alter-entorn\" \/>\n<meta property=\"og:description\" content=\"L&#039;utilizaci\u00f3 regular d&#039;alguns netejadors incrementa el risc de desenvolupar asma i altres malalties respirat\u00f2ries\" \/>\n<meta property=\"og:url\" content=\"https:\/\/alter-entorn.com\/ca\/quina-relacio-hi-ha-entre-lasma-i-els-productes-de-neteja\/\" \/>\n<meta property=\"og:site_name\" content=\"alter-entorn\" \/>\n<meta property=\"article:publisher\" content=\"https:\/\/www.facebook.com\/alterentorn\/\" \/>\n<meta property=\"article:published_time\" content=\"2019-05-10T09:30:11+00:00\" \/>\n<meta property=\"article:modified_time\" content=\"2019-05-10T10:38:16+00:00\" \/>\n<meta property=\"og:image\" content=\"https:\/\/alter-entorn.com\/wp-content\/uploads\/2019\/05\/relacion-limpieza-asma.jpg\" \/>\n\t<meta property=\"og:image:width\" content=\"960\" \/>\n\t<meta property=\"og:image:height\" content=\"640\" \/>\n\t<meta property=\"og:image:type\" content=\"image\/jpeg\" \/>\n<meta name=\"author\" content=\"Comandes\" \/>\n<meta name=\"twitter:card\" content=\"summary_large_image\" \/>\n<meta name=\"twitter:creator\" content=\"@alterentorn\" \/>\n<meta name=\"twitter:site\" content=\"@alterentorn\" \/>\n<meta name=\"twitter:label1\" content=\"Escrit per\" \/>\n\t<meta name=\"twitter:data1\" content=\"Comandes\" \/>\n\t<meta name=\"twitter:label2\" content=\"Temps estimat de lectura\" \/>\n\t<meta name=\"twitter:data2\" content=\"3 minuts\" \/>\n<script type=\"application\/ld+json\" class=\"yoast-schema-graph\">{\"@context\":\"https:\\\/\\\/schema.org\",\"@graph\":[{\"@type\":\"Article\",\"@id\":\"https:\\\/\\\/alter-entorn.com\\\/ca\\\/quina-relacio-hi-ha-entre-lasma-i-els-productes-de-neteja\\\/#article\",\"isPartOf\":{\"@id\":\"https:\\\/\\\/alter-entorn.com\\\/ca\\\/quina-relacio-hi-ha-entre-lasma-i-els-productes-de-neteja\\\/\"},\"author\":{\"name\":\"Comandes\",\"@id\":\"https:\\\/\\\/alter-entorn.com\\\/ca\\\/#\\\/schema\\\/person\\\/038d634ba7da15974cd21b377dac47e7\"},\"headline\":\"QUINA RELACI\u00d3 HI HA ENTRE L\u2019ASMA I ELS PRODUCTES DE NETEJA?\",\"datePublished\":\"2019-05-10T09:30:11+00:00\",\"dateModified\":\"2019-05-10T10:38:16+00:00\",\"mainEntityOfPage\":{\"@id\":\"https:\\\/\\\/alter-entorn.com\\\/ca\\\/quina-relacio-hi-ha-entre-lasma-i-els-productes-de-neteja\\\/\"},\"wordCount\":528,\"publisher\":{\"@id\":\"https:\\\/\\\/alter-entorn.com\\\/ca\\\/#organization\"},\"image\":{\"@id\":\"https:\\\/\\\/alter-entorn.com\\\/ca\\\/quina-relacio-hi-ha-entre-lasma-i-els-productes-de-neteja\\\/#primaryimage\"},\"thumbnailUrl\":\"https:\\\/\\\/alter-entorn.com\\\/wp-content\\\/uploads\\\/2019\\\/05\\\/relacion-limpieza-asma.jpg\",\"keywords\":[\"substancies nocives\",\"toxics neteja\",\"asma\",\"malalties respiratories\",\"bronquitis cronica\",\"substancies perilloses\",\"quimics neteja\",\"perills esprais\"],\"articleSection\":[\"NETEJA ECOL\u00d2GICA\"],\"inLanguage\":\"ca\"},{\"@type\":\"WebPage\",\"@id\":\"https:\\\/\\\/alter-entorn.com\\\/ca\\\/quina-relacio-hi-ha-entre-lasma-i-els-productes-de-neteja\\\/\",\"url\":\"https:\\\/\\\/alter-entorn.com\\\/ca\\\/quina-relacio-hi-ha-entre-lasma-i-els-productes-de-neteja\\\/\",\"name\":\"QUINA RELACI\u00d3 HI HA ENTRE L\u2019ASMA I ELS PRODUCTES DE NETEJA? - alter-entorn\",\"isPartOf\":{\"@id\":\"https:\\\/\\\/alter-entorn.com\\\/ca\\\/#website\"},\"primaryImageOfPage\":{\"@id\":\"https:\\\/\\\/alter-entorn.com\\\/ca\\\/quina-relacio-hi-ha-entre-lasma-i-els-productes-de-neteja\\\/#primaryimage\"},\"image\":{\"@id\":\"https:\\\/\\\/alter-entorn.com\\\/ca\\\/quina-relacio-hi-ha-entre-lasma-i-els-productes-de-neteja\\\/#primaryimage\"},\"thumbnailUrl\":\"https:\\\/\\\/alter-entorn.com\\\/wp-content\\\/uploads\\\/2019\\\/05\\\/relacion-limpieza-asma.jpg\",\"datePublished\":\"2019-05-10T09:30:11+00:00\",\"dateModified\":\"2019-05-10T10:38:16+00:00\",\"description\":\"L'utilizaci\u00f3 regular d'alguns netejadors incrementa el risc de desenvolupar asma i altres malalties respirat\u00f2ries\",\"breadcrumb\":{\"@id\":\"https:\\\/\\\/alter-entorn.com\\\/ca\\\/quina-relacio-hi-ha-entre-lasma-i-els-productes-de-neteja\\\/#breadcrumb\"},\"inLanguage\":\"ca\",\"potentialAction\":[{\"@type\":\"ReadAction\",\"target\":[\"https:\\\/\\\/alter-entorn.com\\\/ca\\\/quina-relacio-hi-ha-entre-lasma-i-els-productes-de-neteja\\\/\"]}]},{\"@type\":\"ImageObject\",\"inLanguage\":\"ca\",\"@id\":\"https:\\\/\\\/alter-entorn.com\\\/ca\\\/quina-relacio-hi-ha-entre-lasma-i-els-productes-de-neteja\\\/#primaryimage\",\"url\":\"https:\\\/\\\/alter-entorn.com\\\/wp-content\\\/uploads\\\/2019\\\/05\\\/relacion-limpieza-asma.jpg\",\"contentUrl\":\"https:\\\/\\\/alter-entorn.com\\\/wp-content\\\/uploads\\\/2019\\\/05\\\/relacion-limpieza-asma.jpg\",\"width\":960,\"height\":640,\"caption\":\"\u00bfQu\u00e9 relaci\u00f3n hay entre el asma y los productos de limpieza?\"},{\"@type\":\"BreadcrumbList\",\"@id\":\"https:\\\/\\\/alter-entorn.com\\\/ca\\\/quina-relacio-hi-ha-entre-lasma-i-els-productes-de-neteja\\\/#breadcrumb\",\"itemListElement\":[{\"@type\":\"ListItem\",\"position\":1,\"name\":\"Portada\",\"item\":\"https:\\\/\\\/alter-entorn.com\\\/ca\\\/\"},{\"@type\":\"ListItem\",\"position\":2,\"name\":\"QUINA RELACI\u00d3 HI HA ENTRE L\u2019ASMA I ELS PRODUCTES DE NETEJA?\"}]},{\"@type\":\"WebSite\",\"@id\":\"https:\\\/\\\/alter-entorn.com\\\/ca\\\/#website\",\"url\":\"https:\\\/\\\/alter-entorn.com\\\/ca\\\/\",\"name\":\"alter-entorn\",\"description\":\"Soluciones Microbiol\u00f3gicas probi\u00f3ticos\",\"publisher\":{\"@id\":\"https:\\\/\\\/alter-entorn.com\\\/ca\\\/#organization\"},\"potentialAction\":[{\"@type\":\"SearchAction\",\"target\":{\"@type\":\"EntryPoint\",\"urlTemplate\":\"https:\\\/\\\/alter-entorn.com\\\/ca\\\/?s={search_term_string}\"},\"query-input\":{\"@type\":\"PropertyValueSpecification\",\"valueRequired\":true,\"valueName\":\"search_term_string\"}}],\"inLanguage\":\"ca\"},{\"@type\":\"Organization\",\"@id\":\"https:\\\/\\\/alter-entorn.com\\\/ca\\\/#organization\",\"name\":\"alter-entorn\",\"url\":\"https:\\\/\\\/alter-entorn.com\\\/ca\\\/\",\"logo\":{\"@type\":\"ImageObject\",\"inLanguage\":\"ca\",\"@id\":\"https:\\\/\\\/alter-entorn.com\\\/ca\\\/#\\\/schema\\\/logo\\\/image\\\/\",\"url\":\"https:\\\/\\\/alter-entorn.com\\\/wp-content\\\/uploads\\\/2018\\\/10\\\/logo_alter_entorn-sin-texto-1.png\",\"contentUrl\":\"https:\\\/\\\/alter-entorn.com\\\/wp-content\\\/uploads\\\/2018\\\/10\\\/logo_alter_entorn-sin-texto-1.png\",\"width\":246,\"height\":68,\"caption\":\"alter-entorn\"},\"image\":{\"@id\":\"https:\\\/\\\/alter-entorn.com\\\/ca\\\/#\\\/schema\\\/logo\\\/image\\\/\"},\"sameAs\":[\"https:\\\/\\\/www.facebook.com\\\/alterentorn\\\/\",\"https:\\\/\\\/x.com\\\/alterentorn\"]},{\"@type\":\"Person\",\"@id\":\"https:\\\/\\\/alter-entorn.com\\\/ca\\\/#\\\/schema\\\/person\\\/038d634ba7da15974cd21b377dac47e7\",\"name\":\"Comandes\"}]}<\/script>\n<!-- \/ Yoast SEO plugin. -->","yoast_head_json":{"title":"QUINA RELACI\u00d3 HI HA ENTRE L\u2019ASMA I ELS PRODUCTES DE NETEJA? - alter-entorn","description":"L'utilizaci\u00f3 regular d'alguns netejadors incrementa el risc de desenvolupar asma i altres malalties respirat\u00f2ries","robots":{"index":"index","follow":"follow","max-snippet":"max-snippet:-1","max-image-preview":"max-image-preview:large","max-video-preview":"max-video-preview:-1"},"canonical":"https:\/\/alter-entorn.com\/ca\/quina-relacio-hi-ha-entre-lasma-i-els-productes-de-neteja\/","og_locale":"ca_ES","og_type":"article","og_title":"QUINA RELACI\u00d3 HI HA ENTRE L\u2019ASMA I ELS PRODUCTES DE NETEJA? - alter-entorn","og_description":"L'utilizaci\u00f3 regular d'alguns netejadors incrementa el risc de desenvolupar asma i altres malalties respirat\u00f2ries","og_url":"https:\/\/alter-entorn.com\/ca\/quina-relacio-hi-ha-entre-lasma-i-els-productes-de-neteja\/","og_site_name":"alter-entorn","article_publisher":"https:\/\/www.facebook.com\/alterentorn\/","article_published_time":"2019-05-10T09:30:11+00:00","article_modified_time":"2019-05-10T10:38:16+00:00","og_image":[{"width":960,"height":640,"url":"https:\/\/alter-entorn.com\/wp-content\/uploads\/2019\/05\/relacion-limpieza-asma.jpg","type":"image\/jpeg"}],"author":"Comandes","twitter_card":"summary_large_image","twitter_creator":"@alterentorn","twitter_site":"@alterentorn","twitter_misc":{"Escrit per":"Comandes","Temps estimat de lectura":"3 minuts"},"schema":{"@context":"https:\/\/schema.org","@graph":[{"@type":"Article","@id":"https:\/\/alter-entorn.com\/ca\/quina-relacio-hi-ha-entre-lasma-i-els-productes-de-neteja\/#article","isPartOf":{"@id":"https:\/\/alter-entorn.com\/ca\/quina-relacio-hi-ha-entre-lasma-i-els-productes-de-neteja\/"},"author":{"name":"Comandes","@id":"https:\/\/alter-entorn.com\/ca\/#\/schema\/person\/038d634ba7da15974cd21b377dac47e7"},"headline":"QUINA RELACI\u00d3 HI HA ENTRE L\u2019ASMA I ELS PRODUCTES DE NETEJA?","datePublished":"2019-05-10T09:30:11+00:00","dateModified":"2019-05-10T10:38:16+00:00","mainEntityOfPage":{"@id":"https:\/\/alter-entorn.com\/ca\/quina-relacio-hi-ha-entre-lasma-i-els-productes-de-neteja\/"},"wordCount":528,"publisher":{"@id":"https:\/\/alter-entorn.com\/ca\/#organization"},"image":{"@id":"https:\/\/alter-entorn.com\/ca\/quina-relacio-hi-ha-entre-lasma-i-els-productes-de-neteja\/#primaryimage"},"thumbnailUrl":"https:\/\/alter-entorn.com\/wp-content\/uploads\/2019\/05\/relacion-limpieza-asma.jpg","keywords":["substancies nocives","toxics neteja","asma","malalties respiratories","bronquitis cronica","substancies perilloses","quimics neteja","perills esprais"],"articleSection":["NETEJA ECOL\u00d2GICA"],"inLanguage":"ca"},{"@type":"WebPage","@id":"https:\/\/alter-entorn.com\/ca\/quina-relacio-hi-ha-entre-lasma-i-els-productes-de-neteja\/","url":"https:\/\/alter-entorn.com\/ca\/quina-relacio-hi-ha-entre-lasma-i-els-productes-de-neteja\/","name":"QUINA RELACI\u00d3 HI HA ENTRE L\u2019ASMA I ELS PRODUCTES DE NETEJA? - alter-entorn","isPartOf":{"@id":"https:\/\/alter-entorn.com\/ca\/#website"},"primaryImageOfPage":{"@id":"https:\/\/alter-entorn.com\/ca\/quina-relacio-hi-ha-entre-lasma-i-els-productes-de-neteja\/#primaryimage"},"image":{"@id":"https:\/\/alter-entorn.com\/ca\/quina-relacio-hi-ha-entre-lasma-i-els-productes-de-neteja\/#primaryimage"},"thumbnailUrl":"https:\/\/alter-entorn.com\/wp-content\/uploads\/2019\/05\/relacion-limpieza-asma.jpg","datePublished":"2019-05-10T09:30:11+00:00","dateModified":"2019-05-10T10:38:16+00:00","description":"L'utilizaci\u00f3 regular d'alguns netejadors incrementa el risc de desenvolupar asma i altres malalties respirat\u00f2ries","breadcrumb":{"@id":"https:\/\/alter-entorn.com\/ca\/quina-relacio-hi-ha-entre-lasma-i-els-productes-de-neteja\/#breadcrumb"},"inLanguage":"ca","potentialAction":[{"@type":"ReadAction","target":["https:\/\/alter-entorn.com\/ca\/quina-relacio-hi-ha-entre-lasma-i-els-productes-de-neteja\/"]}]},{"@type":"ImageObject","inLanguage":"ca","@id":"https:\/\/alter-entorn.com\/ca\/quina-relacio-hi-ha-entre-lasma-i-els-productes-de-neteja\/#primaryimage","url":"https:\/\/alter-entorn.com\/wp-content\/uploads\/2019\/05\/relacion-limpieza-asma.jpg","contentUrl":"https:\/\/alter-entorn.com\/wp-content\/uploads\/2019\/05\/relacion-limpieza-asma.jpg","width":960,"height":640,"caption":"\u00bfQu\u00e9 relaci\u00f3n hay entre el asma y los productos de limpieza?"},{"@type":"BreadcrumbList","@id":"https:\/\/alter-entorn.com\/ca\/quina-relacio-hi-ha-entre-lasma-i-els-productes-de-neteja\/#breadcrumb","itemListElement":[{"@type":"ListItem","position":1,"name":"Portada","item":"https:\/\/alter-entorn.com\/ca\/"},{"@type":"ListItem","position":2,"name":"QUINA RELACI\u00d3 HI HA ENTRE L\u2019ASMA I ELS PRODUCTES DE NETEJA?"}]},{"@type":"WebSite","@id":"https:\/\/alter-entorn.com\/ca\/#website","url":"https:\/\/alter-entorn.com\/ca\/","name":"alter-entorn","description":"Soluciones Microbiol\u00f3gicas probi\u00f3ticos","publisher":{"@id":"https:\/\/alter-entorn.com\/ca\/#organization"},"potentialAction":[{"@type":"SearchAction","target":{"@type":"EntryPoint","urlTemplate":"https:\/\/alter-entorn.com\/ca\/?s={search_term_string}"},"query-input":{"@type":"PropertyValueSpecification","valueRequired":true,"valueName":"search_term_string"}}],"inLanguage":"ca"},{"@type":"Organization","@id":"https:\/\/alter-entorn.com\/ca\/#organization","name":"alter-entorn","url":"https:\/\/alter-entorn.com\/ca\/","logo":{"@type":"ImageObject","inLanguage":"ca","@id":"https:\/\/alter-entorn.com\/ca\/#\/schema\/logo\/image\/","url":"https:\/\/alter-entorn.com\/wp-content\/uploads\/2018\/10\/logo_alter_entorn-sin-texto-1.png","contentUrl":"https:\/\/alter-entorn.com\/wp-content\/uploads\/2018\/10\/logo_alter_entorn-sin-texto-1.png","width":246,"height":68,"caption":"alter-entorn"},"image":{"@id":"https:\/\/alter-entorn.com\/ca\/#\/schema\/logo\/image\/"},"sameAs":["https:\/\/www.facebook.com\/alterentorn\/","https:\/\/x.com\/alterentorn"]},{"@type":"Person","@id":"https:\/\/alter-entorn.com\/ca\/#\/schema\/person\/038d634ba7da15974cd21b377dac47e7","name":"Comandes"}]}},"_links":{"self":[{"href":"https:\/\/alter-entorn.com\/ca\/wp-json\/wp\/v2\/posts\/6802","targetHints":{"allow":["GET"]}}],"collection":[{"href":"https:\/\/alter-entorn.com\/ca\/wp-json\/wp\/v2\/posts"}],"about":[{"href":"https:\/\/alter-entorn.com\/ca\/wp-json\/wp\/v2\/types\/post"}],"author":[{"embeddable":true,"href":"https:\/\/alter-entorn.com\/ca\/wp-json\/wp\/v2\/users\/3"}],"replies":[{"embeddable":true,"href":"https:\/\/alter-entorn.com\/ca\/wp-json\/wp\/v2\/comments?post=6802"}],"version-history":[{"count":0,"href":"https:\/\/alter-entorn.com\/ca\/wp-json\/wp\/v2\/posts\/6802\/revisions"}],"wp:featuredmedia":[{"embeddable":true,"href":"https:\/\/alter-entorn.com\/ca\/wp-json\/wp\/v2\/media\/6797"}],"wp:attachment":[{"href":"https:\/\/alter-entorn.com\/ca\/wp-json\/wp\/v2\/media?parent=6802"}],"wp:term":[{"taxonomy":"category","embeddable":true,"href":"https:\/\/alter-entorn.com\/ca\/wp-json\/wp\/v2\/categories?post=6802"},{"taxonomy":"post_tag","embeddable":true,"href":"https:\/\/alter-entorn.com\/ca\/wp-json\/wp\/v2\/tags?post=6802"}],"curies":[{"name":"wp","href":"https:\/\/api.w.org\/{rel}","templated":true}]}}