{"id":7017,"date":"2019-07-18T12:07:52","date_gmt":"2019-07-18T11:07:52","guid":{"rendered":"https:\/\/alter-entorn.com\/com-podem-ajudar-a-la-cadena-de-reciclatge\/"},"modified":"2019-07-18T12:07:52","modified_gmt":"2019-07-18T11:07:52","slug":"com-podem-ajudar-a-la-cadena-de-reciclatge","status":"publish","type":"post","link":"https:\/\/alter-entorn.com\/ca\/com-podem-ajudar-a-la-cadena-de-reciclatge\/","title":{"rendered":"COM PODEM AJUDAR A LA CADENA DE RECICLATGE?"},"content":{"rendered":"<h2><strong>El nostre objectiu principal \u00e9s reduir la quantitat de residus que generem, per\u00f2 els que no podem evitar, hem d\u2019intentar reciclar-los correctament<\/strong><\/h2>\n<h2><\/h2>\n<h2><!--more--><\/h2>\n<p><strong>Partim de la base que el nostre objectiu principal \u00e9s la reducci\u00f3 de la quantitat de residus,<\/strong> per aix\u00f2 intentem agafar consci\u00e8ncia de tot el qu\u00e8 generem i intentem minimitzar-ho. Comprem moltes coses que realment no necessitem com per exemple, la majoria de nosaltres t\u00e9 un exc\u00e9s de roba; i comprem objectes que tenen alternatives molt m\u00e9s ecol\u00f2giques, com els gots o els coberts de pl\u00e0stic. Consulta els <a href=\"https:\/\/alter-entorn.com\/ca\/10-primers-passos-per-reduir-el-consum-de-plastic\/\">primers passos per reduir el consum de pl\u00e0stic<\/a>.<\/p>\n<p>Aix\u00ed doncs, recomanem abans que res, pensar si realment necessitem una cosa o no abans de comprar-la; un cop la tenim, intentar aprofitar-la al m\u00e0xim i reutilitzar-la tantes vegades com puguem<strong>. Quan la vida \u00fatil d\u2019aquest objecte ha finalitzat realment, la millor opci\u00f3 que tenim \u00e9s el reciclatge.<\/strong> Cada vegada hi ha m\u00e9s consci\u00e8ncia de la seva import\u00e0ncia, aix\u00ed com de la reducci\u00f3 de residus, per\u00f2 sempre es pot seguir millorant.<\/p>\n<p><strong>En alguns casos el reciclatge d\u2019objectes \u00e9s un proc\u00e9s for\u00e7a complex,<\/strong> ja que per exemple, cada vegada hi ha m\u00e9s tipus de materials diferents. Seguint alguns passos senzills<strong> podem ajudar a fer-lo m\u00e9s f\u00e0cil i efectiu:<\/strong><\/p>\n<ol>\n<li><strong>Separar correctament totes les deixalles:<\/strong> hem d\u2019assegurar-nos de dipositar cada residu al contenidor corresponent. Si tenim dubtes podem fer la consulta al nostre punt verd m\u00e9s proper o llegir <a href=\"https:\/\/alter-entorn.com\/ca\/en-quin-contenidor-va\/\">articles amb els dubtes m\u00e9s freq\u00fcents<\/a>. Barrejar deixalles fa que la cadena de reciclatge s\u2019allargui notablement, per exemple llen\u00e7ar papers bruts com els de cuina, al contenidor blau.<\/li>\n<li><strong>Reduir i optimitzar l\u2019espai:<\/strong> hem d\u2019intentar que les nostres deixalles ocupin el menys espai possible: xafar les botelles i doblegar les caixes de cartr\u00f3, per exemple. En el cas del paper, hem de tenir en compte que sempre \u00e9s millor reciclar-los sencer o tallat en trossos grossos, per\u00f2 mai arrugat. D\u2019aquesta manera aprofitem m\u00e9s els nostres viatges al contenidor, redu\u00efm l\u2019\u00fas de bosses de brossa i aprofitem millor l\u2019espai del cami\u00f3 de les deixalles.<\/li>\n<li><strong>Separar els objectes que siguin de dos o m\u00e9s materials: <\/strong>cada vegada utilitzem m\u00e9s objectes d\u2019aquest tipus, i solem llen\u00e7ar-los al contenidor del material majoritari. Per exemple, els sobres de cartes amb finestreta, s\u2019acostumen a llen\u00e7ar al paper, per\u00f2 el pl\u00e0stic transparent de l\u2019adre\u00e7a hauria d\u2019anar al contenidor groc. El mateix passa amb els taps met\u00e0l\u00b7lics o de pl\u00e0stic de les ampolles de vidre, que tamb\u00e9 corresponen al groc. Un petit esfor\u00e7 per separar aquests materials pot ajudar molt a la cadena de reciclatge.<\/li>\n<li><strong>Reciclar sense bossa:<\/strong> sempre que sigui possible, hem d\u2019intentar evitar l\u2019\u00fas de bosses de pl\u00e0stic ja que s\u00f3n un producte molt dif\u00edcil i car de reciclar i que contamina molt\u00edssim. Podem utilitzar bosses compostables per la mat\u00e8ria org\u00e0nica, i llen\u00e7ar la resta de residus directament del cubell al contenidor.<\/li>\n<li><strong>Compostar la mat\u00e8ria org\u00e0nica:<\/strong> si tenim la sort de gaudir d\u2019un petit jard\u00ed o hort a casa, <a href=\"https:\/\/alter-entorn.com\/ca\/avantatges-del-compostatge-domestic\/\">comen\u00e7ar a compostar la mat\u00e8ria org\u00e0nica \u00e9s una idea que ens presenta molts avantatges<\/a>. Reduirem una gran quantitat de residus i aportarem molts beneficis a les nostres plantes. Llegeix els <a href=\"https:\/\/alter-entorn.com\/ca\/passos-per-iniciar-se-al-compostatge-domestic-amb-elgan\/\">passos per iniciar-se al compostatge dom\u00e8stic.<\/a><\/li>\n<li><strong>Netejar les deixalles:<\/strong> el petit gest que representa passar una aigua o fregar una deixalla amb paper abans de llen\u00e7ar-la, suposar\u00e0 un gran avantatge per la gent que treballa en el proc\u00e9s de reciclatge, ja que es reduiran les olors i les plagues notablement. No ens costa res passar una aigua per eliminar les restes d\u2019un env\u00e0s de iogurt per exemple, que pot tardar uns quants dies a arribar a la planta de reciclatge i suposar mol\u00e8sties.<\/li>\n<\/ol>\n<p>&nbsp;<\/p>\n","protected":false},"excerpt":{"rendered":"<p>El nostre objectiu principal \u00e9s reduir la quantitat de residus que generem, per\u00f2 els que no podem evitar, hem d\u2019intentar reciclar-los correctament<\/p>\n","protected":false},"author":3,"featured_media":7012,"comment_status":"closed","ping_status":"closed","sticky":false,"template":"","format":"standard","meta":{"_joinchat":[],"footnotes":""},"categories":[3294],"tags":[2779,2780,2781,2782,2783,2784],"class_list":["post-7017","post","type-post","status-publish","format-standard","has-post-thumbnail","hentry","category-compost-hort-jardi","tag-ajudar-cadena-reciclatge","tag-reciclar-correcte","tag-preguntes-reciclatge","tag-tips-reciclatge","tag-reciclar-millor","tag-reciclar-mes"],"yoast_head":"<!-- This site is optimized with the Yoast SEO plugin v27.4 - https:\/\/yoast.com\/product\/yoast-seo-wordpress\/ -->\n<title>COM PODEM AJUDAR A LA CADENA DE RECICLATGE? - alter-entorn<\/title>\n<meta name=\"description\" content=\"El nostre objectiu \u00e9s reduir la quantitat de residus que generem, per\u00f2 els que no podem evitar, hem d&#039;intentar reciclar-los correctament\" \/>\n<meta name=\"robots\" content=\"index, follow, max-snippet:-1, max-image-preview:large, max-video-preview:-1\" \/>\n<link rel=\"canonical\" href=\"https:\/\/alter-entorn.com\/ca\/com-podem-ajudar-a-la-cadena-de-reciclatge\/\" \/>\n<meta property=\"og:locale\" content=\"ca_ES\" \/>\n<meta property=\"og:type\" content=\"article\" \/>\n<meta property=\"og:title\" content=\"COM PODEM AJUDAR A LA CADENA DE RECICLATGE? - alter-entorn\" \/>\n<meta property=\"og:description\" content=\"El nostre objectiu \u00e9s reduir la quantitat de residus que generem, per\u00f2 els que no podem evitar, hem d&#039;intentar reciclar-los correctament\" \/>\n<meta property=\"og:url\" content=\"https:\/\/alter-entorn.com\/ca\/com-podem-ajudar-a-la-cadena-de-reciclatge\/\" \/>\n<meta property=\"og:site_name\" content=\"alter-entorn\" \/>\n<meta property=\"article:publisher\" content=\"https:\/\/www.facebook.com\/alterentorn\/\" \/>\n<meta property=\"article:published_time\" content=\"2019-07-18T11:07:52+00:00\" \/>\n<meta property=\"og:image\" content=\"https:\/\/alter-entorn.com\/wp-content\/uploads\/2019\/07\/reciclar-millor.jpg\" \/>\n\t<meta property=\"og:image:width\" content=\"960\" \/>\n\t<meta property=\"og:image:height\" content=\"720\" \/>\n\t<meta property=\"og:image:type\" content=\"image\/jpeg\" \/>\n<meta name=\"author\" content=\"Comandes\" \/>\n<meta name=\"twitter:card\" content=\"summary_large_image\" \/>\n<meta name=\"twitter:creator\" content=\"@alterentorn\" \/>\n<meta name=\"twitter:site\" content=\"@alterentorn\" \/>\n<meta name=\"twitter:label1\" content=\"Escrit per\" \/>\n\t<meta name=\"twitter:data1\" content=\"Comandes\" \/>\n\t<meta name=\"twitter:label2\" content=\"Temps estimat de lectura\" \/>\n\t<meta name=\"twitter:data2\" content=\"3 minuts\" \/>\n<script type=\"application\/ld+json\" class=\"yoast-schema-graph\">{\"@context\":\"https:\\\/\\\/schema.org\",\"@graph\":[{\"@type\":\"Article\",\"@id\":\"https:\\\/\\\/alter-entorn.com\\\/ca\\\/com-podem-ajudar-a-la-cadena-de-reciclatge\\\/#article\",\"isPartOf\":{\"@id\":\"https:\\\/\\\/alter-entorn.com\\\/ca\\\/com-podem-ajudar-a-la-cadena-de-reciclatge\\\/\"},\"author\":{\"name\":\"Comandes\",\"@id\":\"https:\\\/\\\/alter-entorn.com\\\/ca\\\/#\\\/schema\\\/person\\\/038d634ba7da15974cd21b377dac47e7\"},\"headline\":\"COM PODEM AJUDAR A LA CADENA DE RECICLATGE?\",\"datePublished\":\"2019-07-18T11:07:52+00:00\",\"mainEntityOfPage\":{\"@id\":\"https:\\\/\\\/alter-entorn.com\\\/ca\\\/com-podem-ajudar-a-la-cadena-de-reciclatge\\\/\"},\"wordCount\":673,\"publisher\":{\"@id\":\"https:\\\/\\\/alter-entorn.com\\\/ca\\\/#organization\"},\"image\":{\"@id\":\"https:\\\/\\\/alter-entorn.com\\\/ca\\\/com-podem-ajudar-a-la-cadena-de-reciclatge\\\/#primaryimage\"},\"thumbnailUrl\":\"https:\\\/\\\/alter-entorn.com\\\/wp-content\\\/uploads\\\/2019\\\/07\\\/reciclar-millor.jpg\",\"keywords\":[\"ajudar cadena reciclatge\",\"reciclar correcte\",\"preguntes reciclatge\",\"tips reciclatge\",\"reciclar millor\",\"reciclar mes\"],\"articleSection\":[\"COMPOST, HORT I JARD\u00cd\"],\"inLanguage\":\"ca\"},{\"@type\":\"WebPage\",\"@id\":\"https:\\\/\\\/alter-entorn.com\\\/ca\\\/com-podem-ajudar-a-la-cadena-de-reciclatge\\\/\",\"url\":\"https:\\\/\\\/alter-entorn.com\\\/ca\\\/com-podem-ajudar-a-la-cadena-de-reciclatge\\\/\",\"name\":\"COM PODEM AJUDAR A LA CADENA DE RECICLATGE? - alter-entorn\",\"isPartOf\":{\"@id\":\"https:\\\/\\\/alter-entorn.com\\\/ca\\\/#website\"},\"primaryImageOfPage\":{\"@id\":\"https:\\\/\\\/alter-entorn.com\\\/ca\\\/com-podem-ajudar-a-la-cadena-de-reciclatge\\\/#primaryimage\"},\"image\":{\"@id\":\"https:\\\/\\\/alter-entorn.com\\\/ca\\\/com-podem-ajudar-a-la-cadena-de-reciclatge\\\/#primaryimage\"},\"thumbnailUrl\":\"https:\\\/\\\/alter-entorn.com\\\/wp-content\\\/uploads\\\/2019\\\/07\\\/reciclar-millor.jpg\",\"datePublished\":\"2019-07-18T11:07:52+00:00\",\"description\":\"El nostre objectiu \u00e9s reduir la quantitat de residus que generem, per\u00f2 els que no podem evitar, hem d'intentar reciclar-los correctament\",\"breadcrumb\":{\"@id\":\"https:\\\/\\\/alter-entorn.com\\\/ca\\\/com-podem-ajudar-a-la-cadena-de-reciclatge\\\/#breadcrumb\"},\"inLanguage\":\"ca\",\"potentialAction\":[{\"@type\":\"ReadAction\",\"target\":[\"https:\\\/\\\/alter-entorn.com\\\/ca\\\/com-podem-ajudar-a-la-cadena-de-reciclatge\\\/\"]}]},{\"@type\":\"ImageObject\",\"inLanguage\":\"ca\",\"@id\":\"https:\\\/\\\/alter-entorn.com\\\/ca\\\/com-podem-ajudar-a-la-cadena-de-reciclatge\\\/#primaryimage\",\"url\":\"https:\\\/\\\/alter-entorn.com\\\/wp-content\\\/uploads\\\/2019\\\/07\\\/reciclar-millor.jpg\",\"contentUrl\":\"https:\\\/\\\/alter-entorn.com\\\/wp-content\\\/uploads\\\/2019\\\/07\\\/reciclar-millor.jpg\",\"width\":960,\"height\":720,\"caption\":\"C\u00f3mo ayudar a la cadena de reciclaje\"},{\"@type\":\"BreadcrumbList\",\"@id\":\"https:\\\/\\\/alter-entorn.com\\\/ca\\\/com-podem-ajudar-a-la-cadena-de-reciclatge\\\/#breadcrumb\",\"itemListElement\":[{\"@type\":\"ListItem\",\"position\":1,\"name\":\"Portada\",\"item\":\"https:\\\/\\\/alter-entorn.com\\\/ca\\\/\"},{\"@type\":\"ListItem\",\"position\":2,\"name\":\"COM PODEM AJUDAR A LA CADENA DE RECICLATGE?\"}]},{\"@type\":\"WebSite\",\"@id\":\"https:\\\/\\\/alter-entorn.com\\\/ca\\\/#website\",\"url\":\"https:\\\/\\\/alter-entorn.com\\\/ca\\\/\",\"name\":\"alter-entorn\",\"description\":\"Soluciones Microbiol\u00f3gicas probi\u00f3ticos\",\"publisher\":{\"@id\":\"https:\\\/\\\/alter-entorn.com\\\/ca\\\/#organization\"},\"potentialAction\":[{\"@type\":\"SearchAction\",\"target\":{\"@type\":\"EntryPoint\",\"urlTemplate\":\"https:\\\/\\\/alter-entorn.com\\\/ca\\\/?s={search_term_string}\"},\"query-input\":{\"@type\":\"PropertyValueSpecification\",\"valueRequired\":true,\"valueName\":\"search_term_string\"}}],\"inLanguage\":\"ca\"},{\"@type\":\"Organization\",\"@id\":\"https:\\\/\\\/alter-entorn.com\\\/ca\\\/#organization\",\"name\":\"alter-entorn\",\"url\":\"https:\\\/\\\/alter-entorn.com\\\/ca\\\/\",\"logo\":{\"@type\":\"ImageObject\",\"inLanguage\":\"ca\",\"@id\":\"https:\\\/\\\/alter-entorn.com\\\/ca\\\/#\\\/schema\\\/logo\\\/image\\\/\",\"url\":\"https:\\\/\\\/alter-entorn.com\\\/wp-content\\\/uploads\\\/2018\\\/10\\\/logo_alter_entorn-sin-texto-1.png\",\"contentUrl\":\"https:\\\/\\\/alter-entorn.com\\\/wp-content\\\/uploads\\\/2018\\\/10\\\/logo_alter_entorn-sin-texto-1.png\",\"width\":246,\"height\":68,\"caption\":\"alter-entorn\"},\"image\":{\"@id\":\"https:\\\/\\\/alter-entorn.com\\\/ca\\\/#\\\/schema\\\/logo\\\/image\\\/\"},\"sameAs\":[\"https:\\\/\\\/www.facebook.com\\\/alterentorn\\\/\",\"https:\\\/\\\/x.com\\\/alterentorn\"]},{\"@type\":\"Person\",\"@id\":\"https:\\\/\\\/alter-entorn.com\\\/ca\\\/#\\\/schema\\\/person\\\/038d634ba7da15974cd21b377dac47e7\",\"name\":\"Comandes\"}]}<\/script>\n<!-- \/ Yoast SEO plugin. -->","yoast_head_json":{"title":"COM PODEM AJUDAR A LA CADENA DE RECICLATGE? - alter-entorn","description":"El nostre objectiu \u00e9s reduir la quantitat de residus que generem, per\u00f2 els que no podem evitar, hem d'intentar reciclar-los correctament","robots":{"index":"index","follow":"follow","max-snippet":"max-snippet:-1","max-image-preview":"max-image-preview:large","max-video-preview":"max-video-preview:-1"},"canonical":"https:\/\/alter-entorn.com\/ca\/com-podem-ajudar-a-la-cadena-de-reciclatge\/","og_locale":"ca_ES","og_type":"article","og_title":"COM PODEM AJUDAR A LA CADENA DE RECICLATGE? - alter-entorn","og_description":"El nostre objectiu \u00e9s reduir la quantitat de residus que generem, per\u00f2 els que no podem evitar, hem d'intentar reciclar-los correctament","og_url":"https:\/\/alter-entorn.com\/ca\/com-podem-ajudar-a-la-cadena-de-reciclatge\/","og_site_name":"alter-entorn","article_publisher":"https:\/\/www.facebook.com\/alterentorn\/","article_published_time":"2019-07-18T11:07:52+00:00","og_image":[{"width":960,"height":720,"url":"https:\/\/alter-entorn.com\/wp-content\/uploads\/2019\/07\/reciclar-millor.jpg","type":"image\/jpeg"}],"author":"Comandes","twitter_card":"summary_large_image","twitter_creator":"@alterentorn","twitter_site":"@alterentorn","twitter_misc":{"Escrit per":"Comandes","Temps estimat de lectura":"3 minuts"},"schema":{"@context":"https:\/\/schema.org","@graph":[{"@type":"Article","@id":"https:\/\/alter-entorn.com\/ca\/com-podem-ajudar-a-la-cadena-de-reciclatge\/#article","isPartOf":{"@id":"https:\/\/alter-entorn.com\/ca\/com-podem-ajudar-a-la-cadena-de-reciclatge\/"},"author":{"name":"Comandes","@id":"https:\/\/alter-entorn.com\/ca\/#\/schema\/person\/038d634ba7da15974cd21b377dac47e7"},"headline":"COM PODEM AJUDAR A LA CADENA DE RECICLATGE?","datePublished":"2019-07-18T11:07:52+00:00","mainEntityOfPage":{"@id":"https:\/\/alter-entorn.com\/ca\/com-podem-ajudar-a-la-cadena-de-reciclatge\/"},"wordCount":673,"publisher":{"@id":"https:\/\/alter-entorn.com\/ca\/#organization"},"image":{"@id":"https:\/\/alter-entorn.com\/ca\/com-podem-ajudar-a-la-cadena-de-reciclatge\/#primaryimage"},"thumbnailUrl":"https:\/\/alter-entorn.com\/wp-content\/uploads\/2019\/07\/reciclar-millor.jpg","keywords":["ajudar cadena reciclatge","reciclar correcte","preguntes reciclatge","tips reciclatge","reciclar millor","reciclar mes"],"articleSection":["COMPOST, HORT I JARD\u00cd"],"inLanguage":"ca"},{"@type":"WebPage","@id":"https:\/\/alter-entorn.com\/ca\/com-podem-ajudar-a-la-cadena-de-reciclatge\/","url":"https:\/\/alter-entorn.com\/ca\/com-podem-ajudar-a-la-cadena-de-reciclatge\/","name":"COM PODEM AJUDAR A LA CADENA DE RECICLATGE? - alter-entorn","isPartOf":{"@id":"https:\/\/alter-entorn.com\/ca\/#website"},"primaryImageOfPage":{"@id":"https:\/\/alter-entorn.com\/ca\/com-podem-ajudar-a-la-cadena-de-reciclatge\/#primaryimage"},"image":{"@id":"https:\/\/alter-entorn.com\/ca\/com-podem-ajudar-a-la-cadena-de-reciclatge\/#primaryimage"},"thumbnailUrl":"https:\/\/alter-entorn.com\/wp-content\/uploads\/2019\/07\/reciclar-millor.jpg","datePublished":"2019-07-18T11:07:52+00:00","description":"El nostre objectiu \u00e9s reduir la quantitat de residus que generem, per\u00f2 els que no podem evitar, hem d'intentar reciclar-los correctament","breadcrumb":{"@id":"https:\/\/alter-entorn.com\/ca\/com-podem-ajudar-a-la-cadena-de-reciclatge\/#breadcrumb"},"inLanguage":"ca","potentialAction":[{"@type":"ReadAction","target":["https:\/\/alter-entorn.com\/ca\/com-podem-ajudar-a-la-cadena-de-reciclatge\/"]}]},{"@type":"ImageObject","inLanguage":"ca","@id":"https:\/\/alter-entorn.com\/ca\/com-podem-ajudar-a-la-cadena-de-reciclatge\/#primaryimage","url":"https:\/\/alter-entorn.com\/wp-content\/uploads\/2019\/07\/reciclar-millor.jpg","contentUrl":"https:\/\/alter-entorn.com\/wp-content\/uploads\/2019\/07\/reciclar-millor.jpg","width":960,"height":720,"caption":"C\u00f3mo ayudar a la cadena de reciclaje"},{"@type":"BreadcrumbList","@id":"https:\/\/alter-entorn.com\/ca\/com-podem-ajudar-a-la-cadena-de-reciclatge\/#breadcrumb","itemListElement":[{"@type":"ListItem","position":1,"name":"Portada","item":"https:\/\/alter-entorn.com\/ca\/"},{"@type":"ListItem","position":2,"name":"COM PODEM AJUDAR A LA CADENA DE RECICLATGE?"}]},{"@type":"WebSite","@id":"https:\/\/alter-entorn.com\/ca\/#website","url":"https:\/\/alter-entorn.com\/ca\/","name":"alter-entorn","description":"Soluciones Microbiol\u00f3gicas probi\u00f3ticos","publisher":{"@id":"https:\/\/alter-entorn.com\/ca\/#organization"},"potentialAction":[{"@type":"SearchAction","target":{"@type":"EntryPoint","urlTemplate":"https:\/\/alter-entorn.com\/ca\/?s={search_term_string}"},"query-input":{"@type":"PropertyValueSpecification","valueRequired":true,"valueName":"search_term_string"}}],"inLanguage":"ca"},{"@type":"Organization","@id":"https:\/\/alter-entorn.com\/ca\/#organization","name":"alter-entorn","url":"https:\/\/alter-entorn.com\/ca\/","logo":{"@type":"ImageObject","inLanguage":"ca","@id":"https:\/\/alter-entorn.com\/ca\/#\/schema\/logo\/image\/","url":"https:\/\/alter-entorn.com\/wp-content\/uploads\/2018\/10\/logo_alter_entorn-sin-texto-1.png","contentUrl":"https:\/\/alter-entorn.com\/wp-content\/uploads\/2018\/10\/logo_alter_entorn-sin-texto-1.png","width":246,"height":68,"caption":"alter-entorn"},"image":{"@id":"https:\/\/alter-entorn.com\/ca\/#\/schema\/logo\/image\/"},"sameAs":["https:\/\/www.facebook.com\/alterentorn\/","https:\/\/x.com\/alterentorn"]},{"@type":"Person","@id":"https:\/\/alter-entorn.com\/ca\/#\/schema\/person\/038d634ba7da15974cd21b377dac47e7","name":"Comandes"}]}},"_links":{"self":[{"href":"https:\/\/alter-entorn.com\/ca\/wp-json\/wp\/v2\/posts\/7017","targetHints":{"allow":["GET"]}}],"collection":[{"href":"https:\/\/alter-entorn.com\/ca\/wp-json\/wp\/v2\/posts"}],"about":[{"href":"https:\/\/alter-entorn.com\/ca\/wp-json\/wp\/v2\/types\/post"}],"author":[{"embeddable":true,"href":"https:\/\/alter-entorn.com\/ca\/wp-json\/wp\/v2\/users\/3"}],"replies":[{"embeddable":true,"href":"https:\/\/alter-entorn.com\/ca\/wp-json\/wp\/v2\/comments?post=7017"}],"version-history":[{"count":0,"href":"https:\/\/alter-entorn.com\/ca\/wp-json\/wp\/v2\/posts\/7017\/revisions"}],"wp:featuredmedia":[{"embeddable":true,"href":"https:\/\/alter-entorn.com\/ca\/wp-json\/wp\/v2\/media\/7012"}],"wp:attachment":[{"href":"https:\/\/alter-entorn.com\/ca\/wp-json\/wp\/v2\/media?parent=7017"}],"wp:term":[{"taxonomy":"category","embeddable":true,"href":"https:\/\/alter-entorn.com\/ca\/wp-json\/wp\/v2\/categories?post=7017"},{"taxonomy":"post_tag","embeddable":true,"href":"https:\/\/alter-entorn.com\/ca\/wp-json\/wp\/v2\/tags?post=7017"}],"curies":[{"name":"wp","href":"https:\/\/api.w.org\/{rel}","templated":true}]}}