{"id":7030,"date":"2019-07-24T09:02:25","date_gmt":"2019-07-24T08:02:25","guid":{"rendered":"https:\/\/alter-entorn.com\/a-que-ens-referim-quan-diem-viure-lliure-de-quimics\/"},"modified":"2019-07-24T09:08:59","modified_gmt":"2019-07-24T08:08:59","slug":"a-que-ens-referim-quan-diem-viure-lliure-de-quimics","status":"publish","type":"post","link":"https:\/\/alter-entorn.com\/ca\/a-que-ens-referim-quan-diem-viure-lliure-de-quimics\/","title":{"rendered":"A QU\u00c8 ENS REFERIM QUAN DIEM VIURE LLIURE DE QU\u00cdMICS?"},"content":{"rendered":"<h2><strong>Quan fem servir aquesta expressi\u00f3, no ens referim a tots els qu\u00edmics, sin\u00f3 als que poden ser nocius o perillosos per la nostra salut i el medi ambient<\/strong><\/h2>\n<h2><\/h2>\n<h2><!--more--><\/h2>\n<p>Quan parlem de la <a href=\"https:\/\/alter-entorn.com\/ca\/viure-lliure-quimics\/\">vida lliure de qu\u00edmics\u00a0<\/a>o de productes sense qu\u00edmics, evidentment no ens referim a qualsevol subst\u00e0ncia qu\u00edmica. <strong>S\u00f3n expressions que s\u2019utilitzen per fer refer\u00e8ncia a les subst\u00e0ncies qu\u00edmiques que poden ser nocives o perilloses per la nostra salut i el planeta.<\/strong><\/p>\n<p>Els qu\u00edmics en general formen part de la majoria d\u2019aspectes de la nostra vida, i molts ens la fan molt m\u00e9s segura i f\u00e0cil. L\u2019esp\u00e8cie humana ha avan\u00e7at molt\u00edssim gr\u00e0cies a la qu\u00edmica, per aix\u00f2 tamb\u00e9 existeix l\u2019expressi\u00f3 contr\u00e0ria \u201ctot \u00e9s qu\u00edmica\u201d.<\/p>\n<p>En realitat, no \u00e9s certa cient\u00edficament cap de les dues expressions. Ni tota la qu\u00edmica \u00e9s \u201cbona\u201d ni tota \u00e9s \u201cdolenta\u201d, i tampoc \u00e9s que tot es pugui explicar gr\u00e0cies a la qu\u00edmica, ni que sigui possible viure sense qu\u00edmics o tenir un producte lliure de qu\u00edmics. Aix\u00ed doncs, <strong>hem de saber interpretar aquestes expressions.<\/strong><\/p>\n<p>Tenint en compte que <a href=\"https:\/\/dle.rae.es\/?id=Us0hxUS\">la qu\u00edmica \u00e9s, segons la Real Acad\u00e8mia Espanyola<\/a>, la ci\u00e8ncia que estudia l\u2019estructura, propietats i transformacions dels cossos a partir de la seva composici\u00f3; qualsevol objecte est\u00e0 compost per diversos elements, aix\u00ed que si tot t\u00e9 una composici\u00f3, es pot dir que tot t\u00e9 qu\u00edmica.<\/p>\n<p>Per altra banda, <strong>quan parlem de viure sense qu\u00edmics, ens referim a subst\u00e0ncies qu\u00edmiques sint\u00e8tiques que poden ser nocives.<\/strong> Es tracta d\u2019elements que tenen l\u2019origen en un laboratori i que sovint intenten imitar els elements naturals. Molts d\u2019ells, estan fabricats a partir d\u2019algun derivat del petroli, i acostumen a aplicar-se per millorar la conservaci\u00f3, canviar textures, colors i olors, entre d\u2019altres.<\/p>\n<p>El sol fet de ser elements creats en un laboratori no vol dir que siguin perillosos, ja que hi ha subst\u00e0ncies artificials que ens s\u00f3n molt beneficioses com les medicines, aix\u00ed com hi ha elements naturals que ens s\u00f3n molt perjudicials com els verins de plantes i animals.<\/p>\n<p>Les subst\u00e0ncies qu\u00edmiques nocives, que no s\u00f3n tots els elements qu\u00edmics ni tots els sint\u00e8tics, es defineixen com <strong>elements que poden suposar un risc per la salut i\/o una reacci\u00f3 al\u00b7l\u00e8rgica, aix\u00ed com els que suposen un perill pel medi.<\/strong> Normalment penetren al nostre cos per inhalaci\u00f3, ingesti\u00f3 o absorci\u00f3 a trav\u00e9s de la pell, de la mateixa manera que ho fan en les plantes, l\u2019aigua, l\u2019aire o el s\u00f2l.<\/p>\n<p>La majoria s\u00f3n legals en petites quantitats, aix\u00ed que ens els trobem a molts productes que utilitzem a diari. <strong>Normalment per\u00f2, no es tenen en compte els seus efectes al llarg dels anys ni en combinaci\u00f3 amb altres subst\u00e0ncies,<\/strong> i aix\u00f2 \u00e9s el qu\u00e8 realment \u00e9s perjudicial.<\/p>\n<p>Les principals reaccions que\u00a0 provoquen en el nostre organisme s\u00f3n alteracions al sistema respiratori com tos, sensaci\u00f3 d\u2019asf\u00edxia o picor nasal; i irritacions a la pell i\/o als ulls. Tot i aix\u00ed, se sap que una exposici\u00f3 m\u00e9s o menys prolongada a aquestes subst\u00e0ncies representa un risc important per la salut, que pot derivar a malalties molt m\u00e9s greus.<\/p>\n<p>&nbsp;<\/p>\n","protected":false},"excerpt":{"rendered":"<p>Quan fem servir aquesta expressi\u00f3, no ens referim a tots els qu\u00edmics, sin\u00f3 als que poden ser nocius o perillosos per la nostra salut i el medi ambient<\/p>\n","protected":false},"author":3,"featured_media":7025,"comment_status":"closed","ping_status":"closed","sticky":false,"template":"","format":"standard","meta":{"_joinchat":[],"footnotes":""},"categories":[97],"tags":[2798,2799],"class_list":["post-7030","post","type-post","status-publish","format-standard","has-post-thumbnail","hentry","category-salut-i-benestar","tag-llar-sense-quimics","tag-quimics-toxics"],"yoast_head":"<!-- This site is optimized with the Yoast SEO plugin v27.4 - https:\/\/yoast.com\/product\/yoast-seo-wordpress\/ -->\n<title>A QU\u00c8 ENS REFERIM QUAN DIEM VIURE LLIURE DE QU\u00cdMICS? - alter-entorn<\/title>\n<meta name=\"description\" content=\"No ens referim a tots els qu\u00edmics, sin\u00f3 als que poden ser nocius o perillosos per la nostra salut i el medi ambient\" \/>\n<meta name=\"robots\" content=\"index, follow, max-snippet:-1, max-image-preview:large, max-video-preview:-1\" \/>\n<link rel=\"canonical\" href=\"https:\/\/alter-entorn.com\/ca\/a-que-ens-referim-quan-diem-viure-lliure-de-quimics\/\" \/>\n<meta property=\"og:locale\" content=\"ca_ES\" \/>\n<meta property=\"og:type\" content=\"article\" \/>\n<meta property=\"og:title\" content=\"A QU\u00c8 ENS REFERIM QUAN DIEM VIURE LLIURE DE QU\u00cdMICS? - alter-entorn\" \/>\n<meta property=\"og:description\" content=\"No ens referim a tots els qu\u00edmics, sin\u00f3 als que poden ser nocius o perillosos per la nostra salut i el medi ambient\" \/>\n<meta property=\"og:url\" content=\"https:\/\/alter-entorn.com\/ca\/a-que-ens-referim-quan-diem-viure-lliure-de-quimics\/\" \/>\n<meta property=\"og:site_name\" content=\"alter-entorn\" \/>\n<meta property=\"article:publisher\" content=\"https:\/\/www.facebook.com\/alterentorn\/\" \/>\n<meta property=\"article:published_time\" content=\"2019-07-24T08:02:25+00:00\" \/>\n<meta property=\"article:modified_time\" content=\"2019-07-24T08:08:59+00:00\" \/>\n<meta property=\"og:image\" content=\"https:\/\/alter-entorn.com\/wp-content\/uploads\/2019\/07\/quimicos.jpg\" \/>\n\t<meta property=\"og:image:width\" content=\"960\" \/>\n\t<meta property=\"og:image:height\" content=\"640\" \/>\n\t<meta property=\"og:image:type\" content=\"image\/jpeg\" \/>\n<meta name=\"author\" content=\"Comandes\" \/>\n<meta name=\"twitter:card\" content=\"summary_large_image\" \/>\n<meta name=\"twitter:creator\" content=\"@alterentorn\" \/>\n<meta name=\"twitter:site\" content=\"@alterentorn\" \/>\n<meta name=\"twitter:label1\" content=\"Escrit per\" \/>\n\t<meta name=\"twitter:data1\" content=\"Comandes\" \/>\n\t<meta name=\"twitter:label2\" content=\"Temps estimat de lectura\" \/>\n\t<meta name=\"twitter:data2\" content=\"3 minuts\" \/>\n<script type=\"application\/ld+json\" class=\"yoast-schema-graph\">{\"@context\":\"https:\\\/\\\/schema.org\",\"@graph\":[{\"@type\":\"Article\",\"@id\":\"https:\\\/\\\/alter-entorn.com\\\/ca\\\/a-que-ens-referim-quan-diem-viure-lliure-de-quimics\\\/#article\",\"isPartOf\":{\"@id\":\"https:\\\/\\\/alter-entorn.com\\\/ca\\\/a-que-ens-referim-quan-diem-viure-lliure-de-quimics\\\/\"},\"author\":{\"name\":\"Comandes\",\"@id\":\"https:\\\/\\\/alter-entorn.com\\\/ca\\\/#\\\/schema\\\/person\\\/038d634ba7da15974cd21b377dac47e7\"},\"headline\":\"A QU\u00c8 ENS REFERIM QUAN DIEM VIURE LLIURE DE QU\u00cdMICS?\",\"datePublished\":\"2019-07-24T08:02:25+00:00\",\"dateModified\":\"2019-07-24T08:08:59+00:00\",\"mainEntityOfPage\":{\"@id\":\"https:\\\/\\\/alter-entorn.com\\\/ca\\\/a-que-ens-referim-quan-diem-viure-lliure-de-quimics\\\/\"},\"wordCount\":583,\"publisher\":{\"@id\":\"https:\\\/\\\/alter-entorn.com\\\/ca\\\/#organization\"},\"image\":{\"@id\":\"https:\\\/\\\/alter-entorn.com\\\/ca\\\/a-que-ens-referim-quan-diem-viure-lliure-de-quimics\\\/#primaryimage\"},\"thumbnailUrl\":\"https:\\\/\\\/alter-entorn.com\\\/wp-content\\\/uploads\\\/2019\\\/07\\\/quimicos.jpg\",\"keywords\":[\"llar sense quimics\",\"quimics toxics\"],\"articleSection\":[\"SALUT I BENESTAR\"],\"inLanguage\":\"ca\"},{\"@type\":\"WebPage\",\"@id\":\"https:\\\/\\\/alter-entorn.com\\\/ca\\\/a-que-ens-referim-quan-diem-viure-lliure-de-quimics\\\/\",\"url\":\"https:\\\/\\\/alter-entorn.com\\\/ca\\\/a-que-ens-referim-quan-diem-viure-lliure-de-quimics\\\/\",\"name\":\"A QU\u00c8 ENS REFERIM QUAN DIEM VIURE LLIURE DE QU\u00cdMICS? - alter-entorn\",\"isPartOf\":{\"@id\":\"https:\\\/\\\/alter-entorn.com\\\/ca\\\/#website\"},\"primaryImageOfPage\":{\"@id\":\"https:\\\/\\\/alter-entorn.com\\\/ca\\\/a-que-ens-referim-quan-diem-viure-lliure-de-quimics\\\/#primaryimage\"},\"image\":{\"@id\":\"https:\\\/\\\/alter-entorn.com\\\/ca\\\/a-que-ens-referim-quan-diem-viure-lliure-de-quimics\\\/#primaryimage\"},\"thumbnailUrl\":\"https:\\\/\\\/alter-entorn.com\\\/wp-content\\\/uploads\\\/2019\\\/07\\\/quimicos.jpg\",\"datePublished\":\"2019-07-24T08:02:25+00:00\",\"dateModified\":\"2019-07-24T08:08:59+00:00\",\"description\":\"No ens referim a tots els qu\u00edmics, sin\u00f3 als que poden ser nocius o perillosos per la nostra salut i el medi ambient\",\"breadcrumb\":{\"@id\":\"https:\\\/\\\/alter-entorn.com\\\/ca\\\/a-que-ens-referim-quan-diem-viure-lliure-de-quimics\\\/#breadcrumb\"},\"inLanguage\":\"ca\",\"potentialAction\":[{\"@type\":\"ReadAction\",\"target\":[\"https:\\\/\\\/alter-entorn.com\\\/ca\\\/a-que-ens-referim-quan-diem-viure-lliure-de-quimics\\\/\"]}]},{\"@type\":\"ImageObject\",\"inLanguage\":\"ca\",\"@id\":\"https:\\\/\\\/alter-entorn.com\\\/ca\\\/a-que-ens-referim-quan-diem-viure-lliure-de-quimics\\\/#primaryimage\",\"url\":\"https:\\\/\\\/alter-entorn.com\\\/wp-content\\\/uploads\\\/2019\\\/07\\\/quimicos.jpg\",\"contentUrl\":\"https:\\\/\\\/alter-entorn.com\\\/wp-content\\\/uploads\\\/2019\\\/07\\\/quimicos.jpg\",\"width\":960,\"height\":640,\"caption\":\"\u00bfQu\u00e9 es vivir libre de qu\u00edmicos?\"},{\"@type\":\"BreadcrumbList\",\"@id\":\"https:\\\/\\\/alter-entorn.com\\\/ca\\\/a-que-ens-referim-quan-diem-viure-lliure-de-quimics\\\/#breadcrumb\",\"itemListElement\":[{\"@type\":\"ListItem\",\"position\":1,\"name\":\"Portada\",\"item\":\"https:\\\/\\\/alter-entorn.com\\\/ca\\\/\"},{\"@type\":\"ListItem\",\"position\":2,\"name\":\"A QU\u00c8 ENS REFERIM QUAN DIEM VIURE LLIURE DE QU\u00cdMICS?\"}]},{\"@type\":\"WebSite\",\"@id\":\"https:\\\/\\\/alter-entorn.com\\\/ca\\\/#website\",\"url\":\"https:\\\/\\\/alter-entorn.com\\\/ca\\\/\",\"name\":\"alter-entorn\",\"description\":\"Soluciones Microbiol\u00f3gicas probi\u00f3ticos\",\"publisher\":{\"@id\":\"https:\\\/\\\/alter-entorn.com\\\/ca\\\/#organization\"},\"potentialAction\":[{\"@type\":\"SearchAction\",\"target\":{\"@type\":\"EntryPoint\",\"urlTemplate\":\"https:\\\/\\\/alter-entorn.com\\\/ca\\\/?s={search_term_string}\"},\"query-input\":{\"@type\":\"PropertyValueSpecification\",\"valueRequired\":true,\"valueName\":\"search_term_string\"}}],\"inLanguage\":\"ca\"},{\"@type\":\"Organization\",\"@id\":\"https:\\\/\\\/alter-entorn.com\\\/ca\\\/#organization\",\"name\":\"alter-entorn\",\"url\":\"https:\\\/\\\/alter-entorn.com\\\/ca\\\/\",\"logo\":{\"@type\":\"ImageObject\",\"inLanguage\":\"ca\",\"@id\":\"https:\\\/\\\/alter-entorn.com\\\/ca\\\/#\\\/schema\\\/logo\\\/image\\\/\",\"url\":\"https:\\\/\\\/alter-entorn.com\\\/wp-content\\\/uploads\\\/2018\\\/10\\\/logo_alter_entorn-sin-texto-1.png\",\"contentUrl\":\"https:\\\/\\\/alter-entorn.com\\\/wp-content\\\/uploads\\\/2018\\\/10\\\/logo_alter_entorn-sin-texto-1.png\",\"width\":246,\"height\":68,\"caption\":\"alter-entorn\"},\"image\":{\"@id\":\"https:\\\/\\\/alter-entorn.com\\\/ca\\\/#\\\/schema\\\/logo\\\/image\\\/\"},\"sameAs\":[\"https:\\\/\\\/www.facebook.com\\\/alterentorn\\\/\",\"https:\\\/\\\/x.com\\\/alterentorn\"]},{\"@type\":\"Person\",\"@id\":\"https:\\\/\\\/alter-entorn.com\\\/ca\\\/#\\\/schema\\\/person\\\/038d634ba7da15974cd21b377dac47e7\",\"name\":\"Comandes\"}]}<\/script>\n<!-- \/ Yoast SEO plugin. -->","yoast_head_json":{"title":"A QU\u00c8 ENS REFERIM QUAN DIEM VIURE LLIURE DE QU\u00cdMICS? - alter-entorn","description":"No ens referim a tots els qu\u00edmics, sin\u00f3 als que poden ser nocius o perillosos per la nostra salut i el medi ambient","robots":{"index":"index","follow":"follow","max-snippet":"max-snippet:-1","max-image-preview":"max-image-preview:large","max-video-preview":"max-video-preview:-1"},"canonical":"https:\/\/alter-entorn.com\/ca\/a-que-ens-referim-quan-diem-viure-lliure-de-quimics\/","og_locale":"ca_ES","og_type":"article","og_title":"A QU\u00c8 ENS REFERIM QUAN DIEM VIURE LLIURE DE QU\u00cdMICS? - alter-entorn","og_description":"No ens referim a tots els qu\u00edmics, sin\u00f3 als que poden ser nocius o perillosos per la nostra salut i el medi ambient","og_url":"https:\/\/alter-entorn.com\/ca\/a-que-ens-referim-quan-diem-viure-lliure-de-quimics\/","og_site_name":"alter-entorn","article_publisher":"https:\/\/www.facebook.com\/alterentorn\/","article_published_time":"2019-07-24T08:02:25+00:00","article_modified_time":"2019-07-24T08:08:59+00:00","og_image":[{"width":960,"height":640,"url":"https:\/\/alter-entorn.com\/wp-content\/uploads\/2019\/07\/quimicos.jpg","type":"image\/jpeg"}],"author":"Comandes","twitter_card":"summary_large_image","twitter_creator":"@alterentorn","twitter_site":"@alterentorn","twitter_misc":{"Escrit per":"Comandes","Temps estimat de lectura":"3 minuts"},"schema":{"@context":"https:\/\/schema.org","@graph":[{"@type":"Article","@id":"https:\/\/alter-entorn.com\/ca\/a-que-ens-referim-quan-diem-viure-lliure-de-quimics\/#article","isPartOf":{"@id":"https:\/\/alter-entorn.com\/ca\/a-que-ens-referim-quan-diem-viure-lliure-de-quimics\/"},"author":{"name":"Comandes","@id":"https:\/\/alter-entorn.com\/ca\/#\/schema\/person\/038d634ba7da15974cd21b377dac47e7"},"headline":"A QU\u00c8 ENS REFERIM QUAN DIEM VIURE LLIURE DE QU\u00cdMICS?","datePublished":"2019-07-24T08:02:25+00:00","dateModified":"2019-07-24T08:08:59+00:00","mainEntityOfPage":{"@id":"https:\/\/alter-entorn.com\/ca\/a-que-ens-referim-quan-diem-viure-lliure-de-quimics\/"},"wordCount":583,"publisher":{"@id":"https:\/\/alter-entorn.com\/ca\/#organization"},"image":{"@id":"https:\/\/alter-entorn.com\/ca\/a-que-ens-referim-quan-diem-viure-lliure-de-quimics\/#primaryimage"},"thumbnailUrl":"https:\/\/alter-entorn.com\/wp-content\/uploads\/2019\/07\/quimicos.jpg","keywords":["llar sense quimics","quimics toxics"],"articleSection":["SALUT I BENESTAR"],"inLanguage":"ca"},{"@type":"WebPage","@id":"https:\/\/alter-entorn.com\/ca\/a-que-ens-referim-quan-diem-viure-lliure-de-quimics\/","url":"https:\/\/alter-entorn.com\/ca\/a-que-ens-referim-quan-diem-viure-lliure-de-quimics\/","name":"A QU\u00c8 ENS REFERIM QUAN DIEM VIURE LLIURE DE QU\u00cdMICS? - alter-entorn","isPartOf":{"@id":"https:\/\/alter-entorn.com\/ca\/#website"},"primaryImageOfPage":{"@id":"https:\/\/alter-entorn.com\/ca\/a-que-ens-referim-quan-diem-viure-lliure-de-quimics\/#primaryimage"},"image":{"@id":"https:\/\/alter-entorn.com\/ca\/a-que-ens-referim-quan-diem-viure-lliure-de-quimics\/#primaryimage"},"thumbnailUrl":"https:\/\/alter-entorn.com\/wp-content\/uploads\/2019\/07\/quimicos.jpg","datePublished":"2019-07-24T08:02:25+00:00","dateModified":"2019-07-24T08:08:59+00:00","description":"No ens referim a tots els qu\u00edmics, sin\u00f3 als que poden ser nocius o perillosos per la nostra salut i el medi ambient","breadcrumb":{"@id":"https:\/\/alter-entorn.com\/ca\/a-que-ens-referim-quan-diem-viure-lliure-de-quimics\/#breadcrumb"},"inLanguage":"ca","potentialAction":[{"@type":"ReadAction","target":["https:\/\/alter-entorn.com\/ca\/a-que-ens-referim-quan-diem-viure-lliure-de-quimics\/"]}]},{"@type":"ImageObject","inLanguage":"ca","@id":"https:\/\/alter-entorn.com\/ca\/a-que-ens-referim-quan-diem-viure-lliure-de-quimics\/#primaryimage","url":"https:\/\/alter-entorn.com\/wp-content\/uploads\/2019\/07\/quimicos.jpg","contentUrl":"https:\/\/alter-entorn.com\/wp-content\/uploads\/2019\/07\/quimicos.jpg","width":960,"height":640,"caption":"\u00bfQu\u00e9 es vivir libre de qu\u00edmicos?"},{"@type":"BreadcrumbList","@id":"https:\/\/alter-entorn.com\/ca\/a-que-ens-referim-quan-diem-viure-lliure-de-quimics\/#breadcrumb","itemListElement":[{"@type":"ListItem","position":1,"name":"Portada","item":"https:\/\/alter-entorn.com\/ca\/"},{"@type":"ListItem","position":2,"name":"A QU\u00c8 ENS REFERIM QUAN DIEM VIURE LLIURE DE QU\u00cdMICS?"}]},{"@type":"WebSite","@id":"https:\/\/alter-entorn.com\/ca\/#website","url":"https:\/\/alter-entorn.com\/ca\/","name":"alter-entorn","description":"Soluciones Microbiol\u00f3gicas probi\u00f3ticos","publisher":{"@id":"https:\/\/alter-entorn.com\/ca\/#organization"},"potentialAction":[{"@type":"SearchAction","target":{"@type":"EntryPoint","urlTemplate":"https:\/\/alter-entorn.com\/ca\/?s={search_term_string}"},"query-input":{"@type":"PropertyValueSpecification","valueRequired":true,"valueName":"search_term_string"}}],"inLanguage":"ca"},{"@type":"Organization","@id":"https:\/\/alter-entorn.com\/ca\/#organization","name":"alter-entorn","url":"https:\/\/alter-entorn.com\/ca\/","logo":{"@type":"ImageObject","inLanguage":"ca","@id":"https:\/\/alter-entorn.com\/ca\/#\/schema\/logo\/image\/","url":"https:\/\/alter-entorn.com\/wp-content\/uploads\/2018\/10\/logo_alter_entorn-sin-texto-1.png","contentUrl":"https:\/\/alter-entorn.com\/wp-content\/uploads\/2018\/10\/logo_alter_entorn-sin-texto-1.png","width":246,"height":68,"caption":"alter-entorn"},"image":{"@id":"https:\/\/alter-entorn.com\/ca\/#\/schema\/logo\/image\/"},"sameAs":["https:\/\/www.facebook.com\/alterentorn\/","https:\/\/x.com\/alterentorn"]},{"@type":"Person","@id":"https:\/\/alter-entorn.com\/ca\/#\/schema\/person\/038d634ba7da15974cd21b377dac47e7","name":"Comandes"}]}},"_links":{"self":[{"href":"https:\/\/alter-entorn.com\/ca\/wp-json\/wp\/v2\/posts\/7030","targetHints":{"allow":["GET"]}}],"collection":[{"href":"https:\/\/alter-entorn.com\/ca\/wp-json\/wp\/v2\/posts"}],"about":[{"href":"https:\/\/alter-entorn.com\/ca\/wp-json\/wp\/v2\/types\/post"}],"author":[{"embeddable":true,"href":"https:\/\/alter-entorn.com\/ca\/wp-json\/wp\/v2\/users\/3"}],"replies":[{"embeddable":true,"href":"https:\/\/alter-entorn.com\/ca\/wp-json\/wp\/v2\/comments?post=7030"}],"version-history":[{"count":0,"href":"https:\/\/alter-entorn.com\/ca\/wp-json\/wp\/v2\/posts\/7030\/revisions"}],"wp:featuredmedia":[{"embeddable":true,"href":"https:\/\/alter-entorn.com\/ca\/wp-json\/wp\/v2\/media\/7025"}],"wp:attachment":[{"href":"https:\/\/alter-entorn.com\/ca\/wp-json\/wp\/v2\/media?parent=7030"}],"wp:term":[{"taxonomy":"category","embeddable":true,"href":"https:\/\/alter-entorn.com\/ca\/wp-json\/wp\/v2\/categories?post=7030"},{"taxonomy":"post_tag","embeddable":true,"href":"https:\/\/alter-entorn.com\/ca\/wp-json\/wp\/v2\/tags?post=7030"}],"curies":[{"name":"wp","href":"https:\/\/api.w.org\/{rel}","templated":true}]}}