{"id":7062,"date":"2019-08-13T10:08:53","date_gmt":"2019-08-13T09:08:53","guid":{"rendered":"https:\/\/alter-entorn.com\/nou-kit-de-productes-de-neteja-ecologica-i-probiotica\/"},"modified":"2019-08-13T10:08:53","modified_gmt":"2019-08-13T09:08:53","slug":"nou-kit-de-productes-de-neteja-ecologica-i-probiotica","status":"publish","type":"post","link":"https:\/\/alter-entorn.com\/ca\/nou-kit-de-productes-de-neteja-ecologica-i-probiotica\/","title":{"rendered":"NOU KIT DE PRODUCTES DE NETEJA ECOL\u00d2GICA I PROBI\u00d2TICA"},"content":{"rendered":"<h2><strong>Oferim la possibilitat d\u2019adquirir tots els nostres productes de neteja en un sol pack <\/strong><\/h2>\n<h2><\/h2>\n<h2><!--more--><\/h2>\n<p><strong>Els productes de neteja eMC\u00ae s\u00f3n molt concentrats. Aix\u00f2 \u00e9s un dels seus avantatges principals ja que fa que un env\u00e0s ens duri molt de temps, i per tant, siguin molt ecol\u00f2gics i econ\u00f2mics. En alguns casos per\u00f2, aquest avantatge suposa un inconvenient<\/strong> per algunes persones. Ens referim a quan volem provar els productes per primera vegada, llavors en tenim prou amb una petita quantitat per valorar quina \u00e9s la millor opci\u00f3 per nosaltres. O tamb\u00e9 \u00e9s possible que vulguem els productes en un format m\u00e9s redu\u00eft per un lloc en concret, per exemple per portar sempre al cotxe.<\/p>\n<p><strong>Acabem de presentar l\u2019opci\u00f3 perfecta per aquests casos: un <a href=\"https:\/\/alter-entorn.com\/ca\/producto\/kit-de-neteja-ecologica-emc\/\">kit amb tots els nostres productes de neteja<\/a><\/strong>. Cont\u00e9 un esprai de mig litre de <a href=\"https:\/\/alter-entorn.com\/ca\/producto\/multiusos-concentrat-emc-llimona\/\">Multiusos Llimona<\/a> llest per utilitzar, un d\u2019<a href=\"https:\/\/alter-entorn.com\/ca\/producto\/anticalc-emc\/\">Antical\u00e7<\/a> i un de<a href=\"https:\/\/alter-entorn.com\/ca\/producto\/desincrustant-emc\/\"> Desincrustant;<\/a> aix\u00ed com una ampolla petita (100ml) de <a href=\"https:\/\/alter-entorn.com\/ca\/producto\/netejaterres-concentrat-emc-llima\/\">Neteja-terres<\/a>.<\/p>\n<p>En el cas dels polvoritzadors, el producte ja est\u00e0 dilu\u00eft en aigua, i per tant, nom\u00e9s cal sacsejar-lo i ruixar. Passat un o dos minuts, es passa un drap humit o una esponja per la superf\u00edcie i es deix assecar. Pel que fa al Neteja-terres, se n\u2019han d\u2019afegir 5ml a cada cubell de fregar.<\/p>\n<p>Cal tenir en compte que els esprais porten la dissoluci\u00f3 feta, i per tant, s\u2019han de consumir sense deixar passar gaires setmanes, ja que a mesura que passen els dies es va perdent efectivitat. A m\u00e9s, la dissoluci\u00f3 t\u00e9 una certa quantitat de producte, i aquesta pot ser inadequada per la superf\u00edcie que volem netejar en un moment determinat. Sempre ser\u00e0 millor decidir la quantitat de producte a barrejar amb l\u2019aigua, depenent del qu\u00e8 vulguem netejar. Per aix\u00f2, un cop hem provat el producte, recomanem comprar els envasos concentrats.<\/p>\n<p><strong>Els productes de neteja ecol\u00f2gica i probi\u00f2tica eMC\u00ae estan elaborats a partir d\u2019ingredients naturals i microorganismes beneficiosos que degraden la brut\u00edcia per una neteja m\u00e9s f\u00e0cil. Les superf\u00edcies es mantenen netes durant m\u00e9s temps,<\/strong> gr\u00e0cies al seu efecte antiest\u00e0tic i antiadherent, que fa que la brut\u00edcia no es senti atreta per les superf\u00edcies. A m\u00e9s a m\u00e9s,\u00a0 els microorganismes beneficiosos potencien l\u2019efic\u00e0cia dels altres ingredients, i controlen als pat\u00f2gens per qu\u00e8 no puguin expandir-se.<\/p>\n<p><strong>Eliminen les males olors per lo que tamb\u00e9 poden utilitzar-se com a ambientador. Un altre dels principals avantatges \u00e9s que se\u2019n pot <a href=\"https:\/\/alter-entorn.com\/ca\/aprofitament-de-laigua-restant-de-la-neteja\/\">aprofitar l\u2019aigua restant de la neteja. <\/a><\/strong>\u00c9s a dir, quan s\u2019ha fregat la casa amb el nostre Neteja-terres, l\u2019aigua del cubell pot utilitzar-se per regar les plantes, o si es llen\u00e7a per l\u2019aig\u00fcera, serveix per netejar les canonades, eliminar males olors i obstruccions.<\/p>\n<p><strong>No contenen cap tipus de subst\u00e0ncia qu\u00edmica nociva perillosa,<\/strong> pel que s\u00f3n la millor opci\u00f3 per tothom: al\u00b7l\u00e8rgics, asm\u00e0tics, embarassades, nens, mascotes, etc. A m\u00e9s de ser totalment respectuosos amb el medi ambient i ajudar-nos a estalviar.<\/p>\n<p>&nbsp;<\/p>\n","protected":false},"excerpt":{"rendered":"<p>Oferim la possibilitat d\u2019adquirir tots els nostres productes de neteja en un sol pack<\/p>\n","protected":false},"author":3,"featured_media":7057,"comment_status":"closed","ping_status":"closed","sticky":false,"template":"","format":"standard","meta":{"_joinchat":[],"footnotes":""},"categories":[74],"tags":[1267,1272,1273,2465,2521,2834,2835,2836,2837],"class_list":["post-7062","post","type-post","status-publish","format-standard","has-post-thumbnail","hentry","category-neteja-ecologica","tag-neteja-ecologica-ca","tag-neteja-probiotica","tag-netejar-sense-toxics","tag-llar-sense-toxics","tag-neteja-alergics","tag-neteja-eco","tag-alergia-quimica-multiple-ca","tag-multiusos-eco-ca","tag-llar-saludable"],"yoast_head":"<!-- This site is optimized with the Yoast SEO plugin v27.4 - https:\/\/yoast.com\/product\/yoast-seo-wordpress\/ -->\n<title>NOU KIT DE PRODUCTES DE NETEJA ECOL\u00d2GICA I PROBI\u00d2TICA - alter-entorn<\/title>\n<meta name=\"description\" content=\"Pack de productes de neteja ecol\u00f2gica i probi\u00f2tica, llestos per utilitzar: Multiusos Llimona, Antical\u00e7, Desincrustant i Neteja-terres.\" \/>\n<meta name=\"robots\" content=\"index, follow, max-snippet:-1, max-image-preview:large, max-video-preview:-1\" \/>\n<link rel=\"canonical\" href=\"https:\/\/alter-entorn.com\/ca\/nou-kit-de-productes-de-neteja-ecologica-i-probiotica\/\" \/>\n<meta property=\"og:locale\" content=\"ca_ES\" \/>\n<meta property=\"og:type\" content=\"article\" \/>\n<meta property=\"og:title\" content=\"NOU KIT DE PRODUCTES DE NETEJA ECOL\u00d2GICA I PROBI\u00d2TICA - alter-entorn\" \/>\n<meta property=\"og:description\" content=\"Pack de productes de neteja ecol\u00f2gica i probi\u00f2tica, llestos per utilitzar: Multiusos Llimona, Antical\u00e7, Desincrustant i Neteja-terres.\" \/>\n<meta property=\"og:url\" content=\"https:\/\/alter-entorn.com\/ca\/nou-kit-de-productes-de-neteja-ecologica-i-probiotica\/\" \/>\n<meta property=\"og:site_name\" content=\"alter-entorn\" \/>\n<meta property=\"article:publisher\" content=\"https:\/\/www.facebook.com\/alterentorn\/\" \/>\n<meta property=\"article:published_time\" content=\"2019-08-13T09:08:53+00:00\" \/>\n<meta property=\"og:image\" content=\"https:\/\/alter-entorn.com\/wp-content\/uploads\/2019\/08\/20190808_144414-1024x872.jpg\" \/>\n\t<meta property=\"og:image:width\" content=\"1024\" \/>\n\t<meta property=\"og:image:height\" content=\"872\" \/>\n\t<meta property=\"og:image:type\" content=\"image\/jpeg\" \/>\n<meta name=\"author\" content=\"Comandes\" \/>\n<meta name=\"twitter:card\" content=\"summary_large_image\" \/>\n<meta name=\"twitter:creator\" content=\"@alterentorn\" \/>\n<meta name=\"twitter:site\" content=\"@alterentorn\" \/>\n<meta name=\"twitter:label1\" content=\"Escrit per\" \/>\n\t<meta name=\"twitter:data1\" content=\"Comandes\" \/>\n\t<meta name=\"twitter:label2\" content=\"Temps estimat de lectura\" \/>\n\t<meta name=\"twitter:data2\" content=\"3 minuts\" \/>\n<script type=\"application\/ld+json\" class=\"yoast-schema-graph\">{\"@context\":\"https:\\\/\\\/schema.org\",\"@graph\":[{\"@type\":\"Article\",\"@id\":\"https:\\\/\\\/alter-entorn.com\\\/ca\\\/nou-kit-de-productes-de-neteja-ecologica-i-probiotica\\\/#article\",\"isPartOf\":{\"@id\":\"https:\\\/\\\/alter-entorn.com\\\/ca\\\/nou-kit-de-productes-de-neteja-ecologica-i-probiotica\\\/\"},\"author\":{\"name\":\"Comandes\",\"@id\":\"https:\\\/\\\/alter-entorn.com\\\/ca\\\/#\\\/schema\\\/person\\\/038d634ba7da15974cd21b377dac47e7\"},\"headline\":\"NOU KIT DE PRODUCTES DE NETEJA ECOL\u00d2GICA I PROBI\u00d2TICA\",\"datePublished\":\"2019-08-13T09:08:53+00:00\",\"mainEntityOfPage\":{\"@id\":\"https:\\\/\\\/alter-entorn.com\\\/ca\\\/nou-kit-de-productes-de-neteja-ecologica-i-probiotica\\\/\"},\"wordCount\":536,\"publisher\":{\"@id\":\"https:\\\/\\\/alter-entorn.com\\\/ca\\\/#organization\"},\"image\":{\"@id\":\"https:\\\/\\\/alter-entorn.com\\\/ca\\\/nou-kit-de-productes-de-neteja-ecologica-i-probiotica\\\/#primaryimage\"},\"thumbnailUrl\":\"https:\\\/\\\/alter-entorn.com\\\/wp-content\\\/uploads\\\/2019\\\/08\\\/20190808_144414.jpg\",\"keywords\":[\"neteja ecologica\",\"neteja probiotica\",\"netejar sense toxics\",\"llar sense toxics\",\"neteja alergics\",\"neteja eco\",\"alergia quimica multiple\",\"multiusos eco\",\"llar saludable\"],\"articleSection\":[\"NETEJA ECOL\u00d2GICA\"],\"inLanguage\":\"ca\"},{\"@type\":\"WebPage\",\"@id\":\"https:\\\/\\\/alter-entorn.com\\\/ca\\\/nou-kit-de-productes-de-neteja-ecologica-i-probiotica\\\/\",\"url\":\"https:\\\/\\\/alter-entorn.com\\\/ca\\\/nou-kit-de-productes-de-neteja-ecologica-i-probiotica\\\/\",\"name\":\"NOU KIT DE PRODUCTES DE NETEJA ECOL\u00d2GICA I PROBI\u00d2TICA - alter-entorn\",\"isPartOf\":{\"@id\":\"https:\\\/\\\/alter-entorn.com\\\/ca\\\/#website\"},\"primaryImageOfPage\":{\"@id\":\"https:\\\/\\\/alter-entorn.com\\\/ca\\\/nou-kit-de-productes-de-neteja-ecologica-i-probiotica\\\/#primaryimage\"},\"image\":{\"@id\":\"https:\\\/\\\/alter-entorn.com\\\/ca\\\/nou-kit-de-productes-de-neteja-ecologica-i-probiotica\\\/#primaryimage\"},\"thumbnailUrl\":\"https:\\\/\\\/alter-entorn.com\\\/wp-content\\\/uploads\\\/2019\\\/08\\\/20190808_144414.jpg\",\"datePublished\":\"2019-08-13T09:08:53+00:00\",\"description\":\"Pack de productes de neteja ecol\u00f2gica i probi\u00f2tica, llestos per utilitzar: Multiusos Llimona, Antical\u00e7, Desincrustant i Neteja-terres.\",\"breadcrumb\":{\"@id\":\"https:\\\/\\\/alter-entorn.com\\\/ca\\\/nou-kit-de-productes-de-neteja-ecologica-i-probiotica\\\/#breadcrumb\"},\"inLanguage\":\"ca\",\"potentialAction\":[{\"@type\":\"ReadAction\",\"target\":[\"https:\\\/\\\/alter-entorn.com\\\/ca\\\/nou-kit-de-productes-de-neteja-ecologica-i-probiotica\\\/\"]}]},{\"@type\":\"ImageObject\",\"inLanguage\":\"ca\",\"@id\":\"https:\\\/\\\/alter-entorn.com\\\/ca\\\/nou-kit-de-productes-de-neteja-ecologica-i-probiotica\\\/#primaryimage\",\"url\":\"https:\\\/\\\/alter-entorn.com\\\/wp-content\\\/uploads\\\/2019\\\/08\\\/20190808_144414.jpg\",\"contentUrl\":\"https:\\\/\\\/alter-entorn.com\\\/wp-content\\\/uploads\\\/2019\\\/08\\\/20190808_144414.jpg\",\"width\":2647,\"height\":2255,\"caption\":\"Pack de productos de limpieza ecol\u00f3gica y probi\u00f3tica\"},{\"@type\":\"BreadcrumbList\",\"@id\":\"https:\\\/\\\/alter-entorn.com\\\/ca\\\/nou-kit-de-productes-de-neteja-ecologica-i-probiotica\\\/#breadcrumb\",\"itemListElement\":[{\"@type\":\"ListItem\",\"position\":1,\"name\":\"Portada\",\"item\":\"https:\\\/\\\/alter-entorn.com\\\/ca\\\/\"},{\"@type\":\"ListItem\",\"position\":2,\"name\":\"NOU KIT DE PRODUCTES DE NETEJA ECOL\u00d2GICA I PROBI\u00d2TICA\"}]},{\"@type\":\"WebSite\",\"@id\":\"https:\\\/\\\/alter-entorn.com\\\/ca\\\/#website\",\"url\":\"https:\\\/\\\/alter-entorn.com\\\/ca\\\/\",\"name\":\"alter-entorn\",\"description\":\"Soluciones Microbiol\u00f3gicas probi\u00f3ticos\",\"publisher\":{\"@id\":\"https:\\\/\\\/alter-entorn.com\\\/ca\\\/#organization\"},\"potentialAction\":[{\"@type\":\"SearchAction\",\"target\":{\"@type\":\"EntryPoint\",\"urlTemplate\":\"https:\\\/\\\/alter-entorn.com\\\/ca\\\/?s={search_term_string}\"},\"query-input\":{\"@type\":\"PropertyValueSpecification\",\"valueRequired\":true,\"valueName\":\"search_term_string\"}}],\"inLanguage\":\"ca\"},{\"@type\":\"Organization\",\"@id\":\"https:\\\/\\\/alter-entorn.com\\\/ca\\\/#organization\",\"name\":\"alter-entorn\",\"url\":\"https:\\\/\\\/alter-entorn.com\\\/ca\\\/\",\"logo\":{\"@type\":\"ImageObject\",\"inLanguage\":\"ca\",\"@id\":\"https:\\\/\\\/alter-entorn.com\\\/ca\\\/#\\\/schema\\\/logo\\\/image\\\/\",\"url\":\"https:\\\/\\\/alter-entorn.com\\\/wp-content\\\/uploads\\\/2018\\\/10\\\/logo_alter_entorn-sin-texto-1.png\",\"contentUrl\":\"https:\\\/\\\/alter-entorn.com\\\/wp-content\\\/uploads\\\/2018\\\/10\\\/logo_alter_entorn-sin-texto-1.png\",\"width\":246,\"height\":68,\"caption\":\"alter-entorn\"},\"image\":{\"@id\":\"https:\\\/\\\/alter-entorn.com\\\/ca\\\/#\\\/schema\\\/logo\\\/image\\\/\"},\"sameAs\":[\"https:\\\/\\\/www.facebook.com\\\/alterentorn\\\/\",\"https:\\\/\\\/x.com\\\/alterentorn\"]},{\"@type\":\"Person\",\"@id\":\"https:\\\/\\\/alter-entorn.com\\\/ca\\\/#\\\/schema\\\/person\\\/038d634ba7da15974cd21b377dac47e7\",\"name\":\"Comandes\"}]}<\/script>\n<!-- \/ Yoast SEO plugin. -->","yoast_head_json":{"title":"NOU KIT DE PRODUCTES DE NETEJA ECOL\u00d2GICA I PROBI\u00d2TICA - alter-entorn","description":"Pack de productes de neteja ecol\u00f2gica i probi\u00f2tica, llestos per utilitzar: Multiusos Llimona, Antical\u00e7, Desincrustant i Neteja-terres.","robots":{"index":"index","follow":"follow","max-snippet":"max-snippet:-1","max-image-preview":"max-image-preview:large","max-video-preview":"max-video-preview:-1"},"canonical":"https:\/\/alter-entorn.com\/ca\/nou-kit-de-productes-de-neteja-ecologica-i-probiotica\/","og_locale":"ca_ES","og_type":"article","og_title":"NOU KIT DE PRODUCTES DE NETEJA ECOL\u00d2GICA I PROBI\u00d2TICA - alter-entorn","og_description":"Pack de productes de neteja ecol\u00f2gica i probi\u00f2tica, llestos per utilitzar: Multiusos Llimona, Antical\u00e7, Desincrustant i Neteja-terres.","og_url":"https:\/\/alter-entorn.com\/ca\/nou-kit-de-productes-de-neteja-ecologica-i-probiotica\/","og_site_name":"alter-entorn","article_publisher":"https:\/\/www.facebook.com\/alterentorn\/","article_published_time":"2019-08-13T09:08:53+00:00","og_image":[{"width":1024,"height":872,"url":"https:\/\/alter-entorn.com\/wp-content\/uploads\/2019\/08\/20190808_144414-1024x872.jpg","type":"image\/jpeg"}],"author":"Comandes","twitter_card":"summary_large_image","twitter_creator":"@alterentorn","twitter_site":"@alterentorn","twitter_misc":{"Escrit per":"Comandes","Temps estimat de lectura":"3 minuts"},"schema":{"@context":"https:\/\/schema.org","@graph":[{"@type":"Article","@id":"https:\/\/alter-entorn.com\/ca\/nou-kit-de-productes-de-neteja-ecologica-i-probiotica\/#article","isPartOf":{"@id":"https:\/\/alter-entorn.com\/ca\/nou-kit-de-productes-de-neteja-ecologica-i-probiotica\/"},"author":{"name":"Comandes","@id":"https:\/\/alter-entorn.com\/ca\/#\/schema\/person\/038d634ba7da15974cd21b377dac47e7"},"headline":"NOU KIT DE PRODUCTES DE NETEJA ECOL\u00d2GICA I PROBI\u00d2TICA","datePublished":"2019-08-13T09:08:53+00:00","mainEntityOfPage":{"@id":"https:\/\/alter-entorn.com\/ca\/nou-kit-de-productes-de-neteja-ecologica-i-probiotica\/"},"wordCount":536,"publisher":{"@id":"https:\/\/alter-entorn.com\/ca\/#organization"},"image":{"@id":"https:\/\/alter-entorn.com\/ca\/nou-kit-de-productes-de-neteja-ecologica-i-probiotica\/#primaryimage"},"thumbnailUrl":"https:\/\/alter-entorn.com\/wp-content\/uploads\/2019\/08\/20190808_144414.jpg","keywords":["neteja ecologica","neteja probiotica","netejar sense toxics","llar sense toxics","neteja alergics","neteja eco","alergia quimica multiple","multiusos eco","llar saludable"],"articleSection":["NETEJA ECOL\u00d2GICA"],"inLanguage":"ca"},{"@type":"WebPage","@id":"https:\/\/alter-entorn.com\/ca\/nou-kit-de-productes-de-neteja-ecologica-i-probiotica\/","url":"https:\/\/alter-entorn.com\/ca\/nou-kit-de-productes-de-neteja-ecologica-i-probiotica\/","name":"NOU KIT DE PRODUCTES DE NETEJA ECOL\u00d2GICA I PROBI\u00d2TICA - alter-entorn","isPartOf":{"@id":"https:\/\/alter-entorn.com\/ca\/#website"},"primaryImageOfPage":{"@id":"https:\/\/alter-entorn.com\/ca\/nou-kit-de-productes-de-neteja-ecologica-i-probiotica\/#primaryimage"},"image":{"@id":"https:\/\/alter-entorn.com\/ca\/nou-kit-de-productes-de-neteja-ecologica-i-probiotica\/#primaryimage"},"thumbnailUrl":"https:\/\/alter-entorn.com\/wp-content\/uploads\/2019\/08\/20190808_144414.jpg","datePublished":"2019-08-13T09:08:53+00:00","description":"Pack de productes de neteja ecol\u00f2gica i probi\u00f2tica, llestos per utilitzar: Multiusos Llimona, Antical\u00e7, Desincrustant i Neteja-terres.","breadcrumb":{"@id":"https:\/\/alter-entorn.com\/ca\/nou-kit-de-productes-de-neteja-ecologica-i-probiotica\/#breadcrumb"},"inLanguage":"ca","potentialAction":[{"@type":"ReadAction","target":["https:\/\/alter-entorn.com\/ca\/nou-kit-de-productes-de-neteja-ecologica-i-probiotica\/"]}]},{"@type":"ImageObject","inLanguage":"ca","@id":"https:\/\/alter-entorn.com\/ca\/nou-kit-de-productes-de-neteja-ecologica-i-probiotica\/#primaryimage","url":"https:\/\/alter-entorn.com\/wp-content\/uploads\/2019\/08\/20190808_144414.jpg","contentUrl":"https:\/\/alter-entorn.com\/wp-content\/uploads\/2019\/08\/20190808_144414.jpg","width":2647,"height":2255,"caption":"Pack de productos de limpieza ecol\u00f3gica y probi\u00f3tica"},{"@type":"BreadcrumbList","@id":"https:\/\/alter-entorn.com\/ca\/nou-kit-de-productes-de-neteja-ecologica-i-probiotica\/#breadcrumb","itemListElement":[{"@type":"ListItem","position":1,"name":"Portada","item":"https:\/\/alter-entorn.com\/ca\/"},{"@type":"ListItem","position":2,"name":"NOU KIT DE PRODUCTES DE NETEJA ECOL\u00d2GICA I PROBI\u00d2TICA"}]},{"@type":"WebSite","@id":"https:\/\/alter-entorn.com\/ca\/#website","url":"https:\/\/alter-entorn.com\/ca\/","name":"alter-entorn","description":"Soluciones Microbiol\u00f3gicas probi\u00f3ticos","publisher":{"@id":"https:\/\/alter-entorn.com\/ca\/#organization"},"potentialAction":[{"@type":"SearchAction","target":{"@type":"EntryPoint","urlTemplate":"https:\/\/alter-entorn.com\/ca\/?s={search_term_string}"},"query-input":{"@type":"PropertyValueSpecification","valueRequired":true,"valueName":"search_term_string"}}],"inLanguage":"ca"},{"@type":"Organization","@id":"https:\/\/alter-entorn.com\/ca\/#organization","name":"alter-entorn","url":"https:\/\/alter-entorn.com\/ca\/","logo":{"@type":"ImageObject","inLanguage":"ca","@id":"https:\/\/alter-entorn.com\/ca\/#\/schema\/logo\/image\/","url":"https:\/\/alter-entorn.com\/wp-content\/uploads\/2018\/10\/logo_alter_entorn-sin-texto-1.png","contentUrl":"https:\/\/alter-entorn.com\/wp-content\/uploads\/2018\/10\/logo_alter_entorn-sin-texto-1.png","width":246,"height":68,"caption":"alter-entorn"},"image":{"@id":"https:\/\/alter-entorn.com\/ca\/#\/schema\/logo\/image\/"},"sameAs":["https:\/\/www.facebook.com\/alterentorn\/","https:\/\/x.com\/alterentorn"]},{"@type":"Person","@id":"https:\/\/alter-entorn.com\/ca\/#\/schema\/person\/038d634ba7da15974cd21b377dac47e7","name":"Comandes"}]}},"_links":{"self":[{"href":"https:\/\/alter-entorn.com\/ca\/wp-json\/wp\/v2\/posts\/7062","targetHints":{"allow":["GET"]}}],"collection":[{"href":"https:\/\/alter-entorn.com\/ca\/wp-json\/wp\/v2\/posts"}],"about":[{"href":"https:\/\/alter-entorn.com\/ca\/wp-json\/wp\/v2\/types\/post"}],"author":[{"embeddable":true,"href":"https:\/\/alter-entorn.com\/ca\/wp-json\/wp\/v2\/users\/3"}],"replies":[{"embeddable":true,"href":"https:\/\/alter-entorn.com\/ca\/wp-json\/wp\/v2\/comments?post=7062"}],"version-history":[{"count":0,"href":"https:\/\/alter-entorn.com\/ca\/wp-json\/wp\/v2\/posts\/7062\/revisions"}],"wp:featuredmedia":[{"embeddable":true,"href":"https:\/\/alter-entorn.com\/ca\/wp-json\/wp\/v2\/media\/7057"}],"wp:attachment":[{"href":"https:\/\/alter-entorn.com\/ca\/wp-json\/wp\/v2\/media?parent=7062"}],"wp:term":[{"taxonomy":"category","embeddable":true,"href":"https:\/\/alter-entorn.com\/ca\/wp-json\/wp\/v2\/categories?post=7062"},{"taxonomy":"post_tag","embeddable":true,"href":"https:\/\/alter-entorn.com\/ca\/wp-json\/wp\/v2\/tags?post=7062"}],"curies":[{"name":"wp","href":"https:\/\/api.w.org\/{rel}","templated":true}]}}