{"id":7205,"date":"2019-09-18T11:38:36","date_gmt":"2019-09-18T10:38:36","guid":{"rendered":"https:\/\/alter-entorn.com\/com-eliminar-les-males-olors-de-casa-amb-ambientadors-naturals\/"},"modified":"2019-09-18T11:38:36","modified_gmt":"2019-09-18T10:38:36","slug":"com-eliminar-les-males-olors-de-casa-amb-ambientadors-naturals","status":"publish","type":"post","link":"https:\/\/alter-entorn.com\/ca\/com-eliminar-les-males-olors-de-casa-amb-ambientadors-naturals\/","title":{"rendered":"COM ELIMINAR LES MALES OLORS DE CASA AMB AMBIENTADORS NATURALS"},"content":{"rendered":"<h2><strong>Les males olors en espais tancats s\u00f3n un problema molt freq\u00fcent que es pot solucionar de forma natural, segura i saludable<\/strong><\/h2>\n<h2><\/h2>\n<h2><!--more--><\/h2>\n<p>Als espais tancats com casa nostra, el cotxe o l\u2019oficina, s\u2019acostumen a acumular <a href=\"https:\/\/alter-entorn.com\/ca\/les-substancies-quimiques-nocives-mes-comunes-a-laire-dels-interiors\/\">subst\u00e0ncies a l\u2019aire que poden ser perjudicials per la nostra salut<\/a>, per una banda; i que desprenen males olors, per una altra.<\/p>\n<p>Com ja hem comentat anteriorment, <strong>per tal de reduir la quantitat de subst\u00e0ncies nocives a l\u2019aire i tamb\u00e9 les males olors, recomanem:<\/strong><\/p>\n<p><a href=\"https:\/\/alter-entorn.com\/ca\/la-importancia-de-la-ventilacio-natural-per-gaudir-despais-interiors-saludables\/\"><strong>-Ventilar a diari,<\/strong><\/a>\u00a0entre 10 i 20 minuts, per tal de renovar l\u2019aire. La millor hora per fer-ho \u00e9s a primera hora del mat\u00ed, que \u00e9s quan hi ha menys contaminaci\u00f3 a l\u2019exterior.<\/p>\n<p>&#8211;<strong>Compartir els espais amb <a href=\"https:\/\/alter-entorn.com\/ca\/les-10-millors-plantes-dinterior-per-purificar-laire\/\">algunes plantes d\u2019interior<\/a><\/strong>\u00a0ja que depuren l\u2019aire filtrant el di\u00f2xid de carboni que necessiten per fer la fotos\u00edntesis, i altres subst\u00e0ncies perjudicials per la nostra salut, i ho converteixen en oxigen.<\/p>\n<p><strong>-Desfer-nos de tots els productes que puguem que continguin subst\u00e0ncies perilloses.<\/strong> Hem de prendre m\u00e9s atenci\u00f3 a l\u2019hora de triar els objectes i materials que formaran part de la nostra vida: mobles, pintures, etc. Tot i que el m\u00e9s f\u00e0cil \u00e9s comen\u00e7ar pels productes que utilitzem amb molta freq\u00fc\u00e8ncia: cosm\u00e8tics, productes de neteja, ambientadors, etc.<\/p>\n<p><strong>Existeixen alternatives totalment ecol\u00f2giques a tots aquests productes, com \u00e9s el cas de <a href=\"https:\/\/alter-entorn.com\/ca\/categoria-producte\/neteja\/\">la gamma de netejadors concentrats eMC\u00ae<\/a><\/strong>. En aquest cas, s\u00f3n productes que no contribueixen a augmentar el nombre de subst\u00e0ncies nocives a l\u2019aire, ja que s\u00f3n totalment naturals i no inclouen cap element que es pugui considerar perjudicial.<\/p>\n<p>A m\u00e9s, en aquest cas tenen la peculiaritat de tractar-se de <a href=\"https:\/\/alter-entorn.com\/ca\/avantatges-de-la-neteja-probiotica\/\">productes de neteja probi\u00f2tica<\/a>, \u00e9s a dir, que contenen microorganismes beneficiosos. <strong>Una de les caracter\u00edstiques d\u2019aquests tipus de bacteris \u00e9s que eliminen les males olors, no nom\u00e9s les neutralitzen com la majoria d\u2019ambientadors i productes de neteja convencionals.<\/strong> Normalment els ambientadors i altres productes perfumats contenen frag\u00e0ncies amb olors agradables que es sobreposen a la mala olor per\u00f2 no la eliminen realment.<\/p>\n<p>En canvi, els microorganismes degraden les part\u00edcules que s\u00f3n causants de les males olors, i per tant, fan que siguin molt m\u00e9s f\u00e0cils d\u2019eliminar. <strong>L\u2019ambient queda perfectament lliure d\u2019aquestes subst\u00e0ncies pel qu\u00e8 el resultat \u00e9s el d\u2019un espai net i amb una olor neutra.<\/strong><\/p>\n<p>Aix\u00ed doncs, amb aquests productes es podran solucionar els problemes d\u2019olors que provinguin de mat\u00e8ria en descomposici\u00f3 en diferents \u00e0mbits:<\/p>\n<p><strong>-En les superf\u00edcies<\/strong> com rajoles, mobles, etc. gr\u00e0cies a una neteja regular d\u2019aquestes amb productes probi\u00f2tics. Tamb\u00e9 en teles com les cortines o les fundes del sof\u00e0, coixins o llits de mascotes, sabates, etc.<\/p>\n<p><strong>-En les canonades<\/strong> gr\u00e0cies a llen\u00e7ar l\u2019aigua restant de la neteja per les diferents aig\u00fceres, de manera que es vagi netejant les canonades i evitant acumulacions de mat\u00e8ria<\/p>\n<p><strong>-En l\u2019aire,<\/strong> si polvoritzem l\u2019ambient amb el producte com si es tract\u00e9s d\u2019un ambientador. \u00c9s molt recomanable ruixar les habitacions abans i despr\u00e9s de situacions on es puguin despendre males olors com classes esportives, si hem de pintar, per cuinar, si sabem que es pot acumular fum de tabac, etc.<\/p>\n<p><strong>Els productes m\u00e9s adequats per aquesta funci\u00f3 s\u00f3n els <a href=\"https:\/\/alter-entorn.com\/ca\/producto\/multiusos-concentrat-emc-llimona\/\">Multiusos Llimona<\/a> i <a href=\"https:\/\/alter-entorn.com\/ca\/producto\/multiusos-concentrat-emc-lavanda\/\">Lavanda<\/a><\/strong>. S\u2019ha de tenir en compte per\u00f2, que desprenen olor a llimona i lavanda respectivament nom\u00e9s durant el moment de la neteja i poca estona despr\u00e9s. El resultat, tal com hem assenyalat abans, \u00e9s d\u2019espais nets i amb una olor totalment neutra.<\/p>\n<p>Si volem aromatitzar els ambients amb productes naturals, m\u00e9s enll\u00e0 d\u2019eliminar les males olors, podem fabricar les nostres pr\u00f2pies barreges d\u2019ingredients naturals i\/o olis essencials.<\/p>\n<p>&nbsp;<\/p>\n","protected":false},"excerpt":{"rendered":"<p>Les males olors en espais tancats s\u00f3n un problema molt freq\u00fcent que es pot solucionar de forma natural, segura i saludable<\/p>\n","protected":false},"author":3,"featured_media":7200,"comment_status":"closed","ping_status":"closed","sticky":false,"template":"","format":"standard","meta":{"_joinchat":[],"footnotes":""},"categories":[74],"tags":[2958,2959,2960,2961,2962,2963,2964,2965,2966],"class_list":["post-7205","post","type-post","status-publish","format-standard","has-post-thumbnail","hentry","category-neteja-ecologica","tag-ambientador-natural-ca","tag-eliminar-males-olors","tag-mala-olor-a-casa","tag-ambientador-sense-quimics","tag-ambientador-sense-toxics","tag-ambientador-sense-fragancia","tag-alergia-quimica-multiple-ca-2","tag-ambientador-alergics","tag-ambientador-probiotic"],"yoast_head":"<!-- This site is optimized with the Yoast SEO plugin v27.4 - https:\/\/yoast.com\/product\/yoast-seo-wordpress\/ -->\n<title>COM ELIMINAR LES MALES OLORS DE CASA AMB AMBIENTADORS NATURALS - alter-entorn<\/title>\n<meta name=\"description\" content=\"Les males olors en espacis tancats s\u00f3n un problema molt freq\u00fcent que es pot solucionar de forma natural, segura i saludable.\" \/>\n<meta name=\"robots\" content=\"index, follow, max-snippet:-1, max-image-preview:large, max-video-preview:-1\" \/>\n<link rel=\"canonical\" href=\"https:\/\/alter-entorn.com\/ca\/com-eliminar-les-males-olors-de-casa-amb-ambientadors-naturals\/\" \/>\n<meta property=\"og:locale\" content=\"ca_ES\" \/>\n<meta property=\"og:type\" content=\"article\" \/>\n<meta property=\"og:title\" content=\"COM ELIMINAR LES MALES OLORS DE CASA AMB AMBIENTADORS NATURALS - alter-entorn\" \/>\n<meta property=\"og:description\" content=\"Les males olors en espacis tancats s\u00f3n un problema molt freq\u00fcent que es pot solucionar de forma natural, segura i saludable.\" \/>\n<meta property=\"og:url\" content=\"https:\/\/alter-entorn.com\/ca\/com-eliminar-les-males-olors-de-casa-amb-ambientadors-naturals\/\" \/>\n<meta property=\"og:site_name\" content=\"alter-entorn\" \/>\n<meta property=\"article:publisher\" content=\"https:\/\/www.facebook.com\/alterentorn\/\" \/>\n<meta property=\"article:published_time\" content=\"2019-09-18T10:38:36+00:00\" \/>\n<meta property=\"og:image\" content=\"https:\/\/alter-entorn.com\/wp-content\/uploads\/2019\/09\/eliminar-olores-natural.jpg\" \/>\n\t<meta property=\"og:image:width\" content=\"960\" \/>\n\t<meta property=\"og:image:height\" content=\"655\" \/>\n\t<meta property=\"og:image:type\" content=\"image\/jpeg\" \/>\n<meta name=\"author\" content=\"Comandes\" \/>\n<meta name=\"twitter:card\" content=\"summary_large_image\" \/>\n<meta name=\"twitter:creator\" content=\"@alterentorn\" \/>\n<meta name=\"twitter:site\" content=\"@alterentorn\" \/>\n<meta name=\"twitter:label1\" content=\"Escrit per\" \/>\n\t<meta name=\"twitter:data1\" content=\"Comandes\" \/>\n\t<meta name=\"twitter:label2\" content=\"Temps estimat de lectura\" \/>\n\t<meta name=\"twitter:data2\" content=\"3 minuts\" \/>\n<script type=\"application\/ld+json\" class=\"yoast-schema-graph\">{\"@context\":\"https:\\\/\\\/schema.org\",\"@graph\":[{\"@type\":\"Article\",\"@id\":\"https:\\\/\\\/alter-entorn.com\\\/ca\\\/com-eliminar-les-males-olors-de-casa-amb-ambientadors-naturals\\\/#article\",\"isPartOf\":{\"@id\":\"https:\\\/\\\/alter-entorn.com\\\/ca\\\/com-eliminar-les-males-olors-de-casa-amb-ambientadors-naturals\\\/\"},\"author\":{\"name\":\"Comandes\",\"@id\":\"https:\\\/\\\/alter-entorn.com\\\/ca\\\/#\\\/schema\\\/person\\\/038d634ba7da15974cd21b377dac47e7\"},\"headline\":\"COM ELIMINAR LES MALES OLORS DE CASA AMB AMBIENTADORS NATURALS\",\"datePublished\":\"2019-09-18T10:38:36+00:00\",\"mainEntityOfPage\":{\"@id\":\"https:\\\/\\\/alter-entorn.com\\\/ca\\\/com-eliminar-les-males-olors-de-casa-amb-ambientadors-naturals\\\/\"},\"wordCount\":660,\"publisher\":{\"@id\":\"https:\\\/\\\/alter-entorn.com\\\/ca\\\/#organization\"},\"image\":{\"@id\":\"https:\\\/\\\/alter-entorn.com\\\/ca\\\/com-eliminar-les-males-olors-de-casa-amb-ambientadors-naturals\\\/#primaryimage\"},\"thumbnailUrl\":\"https:\\\/\\\/alter-entorn.com\\\/wp-content\\\/uploads\\\/2019\\\/09\\\/eliminar-olores-natural.jpg\",\"keywords\":[\"ambientador natural\",\"eliminar males olors\",\"mala olor a casa\",\"ambientador sense quimics\",\"ambientador sense toxics\",\"ambientador sense fragancia\",\"alergia quimica multiple\",\"ambientador alergics\",\"ambientador probiotic\"],\"articleSection\":[\"NETEJA ECOL\u00d2GICA\"],\"inLanguage\":\"ca\"},{\"@type\":\"WebPage\",\"@id\":\"https:\\\/\\\/alter-entorn.com\\\/ca\\\/com-eliminar-les-males-olors-de-casa-amb-ambientadors-naturals\\\/\",\"url\":\"https:\\\/\\\/alter-entorn.com\\\/ca\\\/com-eliminar-les-males-olors-de-casa-amb-ambientadors-naturals\\\/\",\"name\":\"COM ELIMINAR LES MALES OLORS DE CASA AMB AMBIENTADORS NATURALS - alter-entorn\",\"isPartOf\":{\"@id\":\"https:\\\/\\\/alter-entorn.com\\\/ca\\\/#website\"},\"primaryImageOfPage\":{\"@id\":\"https:\\\/\\\/alter-entorn.com\\\/ca\\\/com-eliminar-les-males-olors-de-casa-amb-ambientadors-naturals\\\/#primaryimage\"},\"image\":{\"@id\":\"https:\\\/\\\/alter-entorn.com\\\/ca\\\/com-eliminar-les-males-olors-de-casa-amb-ambientadors-naturals\\\/#primaryimage\"},\"thumbnailUrl\":\"https:\\\/\\\/alter-entorn.com\\\/wp-content\\\/uploads\\\/2019\\\/09\\\/eliminar-olores-natural.jpg\",\"datePublished\":\"2019-09-18T10:38:36+00:00\",\"description\":\"Les males olors en espacis tancats s\u00f3n un problema molt freq\u00fcent que es pot solucionar de forma natural, segura i saludable.\",\"breadcrumb\":{\"@id\":\"https:\\\/\\\/alter-entorn.com\\\/ca\\\/com-eliminar-les-males-olors-de-casa-amb-ambientadors-naturals\\\/#breadcrumb\"},\"inLanguage\":\"ca\",\"potentialAction\":[{\"@type\":\"ReadAction\",\"target\":[\"https:\\\/\\\/alter-entorn.com\\\/ca\\\/com-eliminar-les-males-olors-de-casa-amb-ambientadors-naturals\\\/\"]}]},{\"@type\":\"ImageObject\",\"inLanguage\":\"ca\",\"@id\":\"https:\\\/\\\/alter-entorn.com\\\/ca\\\/com-eliminar-les-males-olors-de-casa-amb-ambientadors-naturals\\\/#primaryimage\",\"url\":\"https:\\\/\\\/alter-entorn.com\\\/wp-content\\\/uploads\\\/2019\\\/09\\\/eliminar-olores-natural.jpg\",\"contentUrl\":\"https:\\\/\\\/alter-entorn.com\\\/wp-content\\\/uploads\\\/2019\\\/09\\\/eliminar-olores-natural.jpg\",\"width\":960,\"height\":655,\"caption\":\"Eliminar olores con un ambientador natural, sin t\u00f3xicos\"},{\"@type\":\"BreadcrumbList\",\"@id\":\"https:\\\/\\\/alter-entorn.com\\\/ca\\\/com-eliminar-les-males-olors-de-casa-amb-ambientadors-naturals\\\/#breadcrumb\",\"itemListElement\":[{\"@type\":\"ListItem\",\"position\":1,\"name\":\"Portada\",\"item\":\"https:\\\/\\\/alter-entorn.com\\\/ca\\\/\"},{\"@type\":\"ListItem\",\"position\":2,\"name\":\"COM ELIMINAR LES MALES OLORS DE CASA AMB AMBIENTADORS NATURALS\"}]},{\"@type\":\"WebSite\",\"@id\":\"https:\\\/\\\/alter-entorn.com\\\/ca\\\/#website\",\"url\":\"https:\\\/\\\/alter-entorn.com\\\/ca\\\/\",\"name\":\"alter-entorn\",\"description\":\"Soluciones Microbiol\u00f3gicas probi\u00f3ticos\",\"publisher\":{\"@id\":\"https:\\\/\\\/alter-entorn.com\\\/ca\\\/#organization\"},\"potentialAction\":[{\"@type\":\"SearchAction\",\"target\":{\"@type\":\"EntryPoint\",\"urlTemplate\":\"https:\\\/\\\/alter-entorn.com\\\/ca\\\/?s={search_term_string}\"},\"query-input\":{\"@type\":\"PropertyValueSpecification\",\"valueRequired\":true,\"valueName\":\"search_term_string\"}}],\"inLanguage\":\"ca\"},{\"@type\":\"Organization\",\"@id\":\"https:\\\/\\\/alter-entorn.com\\\/ca\\\/#organization\",\"name\":\"alter-entorn\",\"url\":\"https:\\\/\\\/alter-entorn.com\\\/ca\\\/\",\"logo\":{\"@type\":\"ImageObject\",\"inLanguage\":\"ca\",\"@id\":\"https:\\\/\\\/alter-entorn.com\\\/ca\\\/#\\\/schema\\\/logo\\\/image\\\/\",\"url\":\"https:\\\/\\\/alter-entorn.com\\\/wp-content\\\/uploads\\\/2018\\\/10\\\/logo_alter_entorn-sin-texto-1.png\",\"contentUrl\":\"https:\\\/\\\/alter-entorn.com\\\/wp-content\\\/uploads\\\/2018\\\/10\\\/logo_alter_entorn-sin-texto-1.png\",\"width\":246,\"height\":68,\"caption\":\"alter-entorn\"},\"image\":{\"@id\":\"https:\\\/\\\/alter-entorn.com\\\/ca\\\/#\\\/schema\\\/logo\\\/image\\\/\"},\"sameAs\":[\"https:\\\/\\\/www.facebook.com\\\/alterentorn\\\/\",\"https:\\\/\\\/x.com\\\/alterentorn\"]},{\"@type\":\"Person\",\"@id\":\"https:\\\/\\\/alter-entorn.com\\\/ca\\\/#\\\/schema\\\/person\\\/038d634ba7da15974cd21b377dac47e7\",\"name\":\"Comandes\"}]}<\/script>\n<!-- \/ Yoast SEO plugin. -->","yoast_head_json":{"title":"COM ELIMINAR LES MALES OLORS DE CASA AMB AMBIENTADORS NATURALS - alter-entorn","description":"Les males olors en espacis tancats s\u00f3n un problema molt freq\u00fcent que es pot solucionar de forma natural, segura i saludable.","robots":{"index":"index","follow":"follow","max-snippet":"max-snippet:-1","max-image-preview":"max-image-preview:large","max-video-preview":"max-video-preview:-1"},"canonical":"https:\/\/alter-entorn.com\/ca\/com-eliminar-les-males-olors-de-casa-amb-ambientadors-naturals\/","og_locale":"ca_ES","og_type":"article","og_title":"COM ELIMINAR LES MALES OLORS DE CASA AMB AMBIENTADORS NATURALS - alter-entorn","og_description":"Les males olors en espacis tancats s\u00f3n un problema molt freq\u00fcent que es pot solucionar de forma natural, segura i saludable.","og_url":"https:\/\/alter-entorn.com\/ca\/com-eliminar-les-males-olors-de-casa-amb-ambientadors-naturals\/","og_site_name":"alter-entorn","article_publisher":"https:\/\/www.facebook.com\/alterentorn\/","article_published_time":"2019-09-18T10:38:36+00:00","og_image":[{"width":960,"height":655,"url":"https:\/\/alter-entorn.com\/wp-content\/uploads\/2019\/09\/eliminar-olores-natural.jpg","type":"image\/jpeg"}],"author":"Comandes","twitter_card":"summary_large_image","twitter_creator":"@alterentorn","twitter_site":"@alterentorn","twitter_misc":{"Escrit per":"Comandes","Temps estimat de lectura":"3 minuts"},"schema":{"@context":"https:\/\/schema.org","@graph":[{"@type":"Article","@id":"https:\/\/alter-entorn.com\/ca\/com-eliminar-les-males-olors-de-casa-amb-ambientadors-naturals\/#article","isPartOf":{"@id":"https:\/\/alter-entorn.com\/ca\/com-eliminar-les-males-olors-de-casa-amb-ambientadors-naturals\/"},"author":{"name":"Comandes","@id":"https:\/\/alter-entorn.com\/ca\/#\/schema\/person\/038d634ba7da15974cd21b377dac47e7"},"headline":"COM ELIMINAR LES MALES OLORS DE CASA AMB AMBIENTADORS NATURALS","datePublished":"2019-09-18T10:38:36+00:00","mainEntityOfPage":{"@id":"https:\/\/alter-entorn.com\/ca\/com-eliminar-les-males-olors-de-casa-amb-ambientadors-naturals\/"},"wordCount":660,"publisher":{"@id":"https:\/\/alter-entorn.com\/ca\/#organization"},"image":{"@id":"https:\/\/alter-entorn.com\/ca\/com-eliminar-les-males-olors-de-casa-amb-ambientadors-naturals\/#primaryimage"},"thumbnailUrl":"https:\/\/alter-entorn.com\/wp-content\/uploads\/2019\/09\/eliminar-olores-natural.jpg","keywords":["ambientador natural","eliminar males olors","mala olor a casa","ambientador sense quimics","ambientador sense toxics","ambientador sense fragancia","alergia quimica multiple","ambientador alergics","ambientador probiotic"],"articleSection":["NETEJA ECOL\u00d2GICA"],"inLanguage":"ca"},{"@type":"WebPage","@id":"https:\/\/alter-entorn.com\/ca\/com-eliminar-les-males-olors-de-casa-amb-ambientadors-naturals\/","url":"https:\/\/alter-entorn.com\/ca\/com-eliminar-les-males-olors-de-casa-amb-ambientadors-naturals\/","name":"COM ELIMINAR LES MALES OLORS DE CASA AMB AMBIENTADORS NATURALS - alter-entorn","isPartOf":{"@id":"https:\/\/alter-entorn.com\/ca\/#website"},"primaryImageOfPage":{"@id":"https:\/\/alter-entorn.com\/ca\/com-eliminar-les-males-olors-de-casa-amb-ambientadors-naturals\/#primaryimage"},"image":{"@id":"https:\/\/alter-entorn.com\/ca\/com-eliminar-les-males-olors-de-casa-amb-ambientadors-naturals\/#primaryimage"},"thumbnailUrl":"https:\/\/alter-entorn.com\/wp-content\/uploads\/2019\/09\/eliminar-olores-natural.jpg","datePublished":"2019-09-18T10:38:36+00:00","description":"Les males olors en espacis tancats s\u00f3n un problema molt freq\u00fcent que es pot solucionar de forma natural, segura i saludable.","breadcrumb":{"@id":"https:\/\/alter-entorn.com\/ca\/com-eliminar-les-males-olors-de-casa-amb-ambientadors-naturals\/#breadcrumb"},"inLanguage":"ca","potentialAction":[{"@type":"ReadAction","target":["https:\/\/alter-entorn.com\/ca\/com-eliminar-les-males-olors-de-casa-amb-ambientadors-naturals\/"]}]},{"@type":"ImageObject","inLanguage":"ca","@id":"https:\/\/alter-entorn.com\/ca\/com-eliminar-les-males-olors-de-casa-amb-ambientadors-naturals\/#primaryimage","url":"https:\/\/alter-entorn.com\/wp-content\/uploads\/2019\/09\/eliminar-olores-natural.jpg","contentUrl":"https:\/\/alter-entorn.com\/wp-content\/uploads\/2019\/09\/eliminar-olores-natural.jpg","width":960,"height":655,"caption":"Eliminar olores con un ambientador natural, sin t\u00f3xicos"},{"@type":"BreadcrumbList","@id":"https:\/\/alter-entorn.com\/ca\/com-eliminar-les-males-olors-de-casa-amb-ambientadors-naturals\/#breadcrumb","itemListElement":[{"@type":"ListItem","position":1,"name":"Portada","item":"https:\/\/alter-entorn.com\/ca\/"},{"@type":"ListItem","position":2,"name":"COM ELIMINAR LES MALES OLORS DE CASA AMB AMBIENTADORS NATURALS"}]},{"@type":"WebSite","@id":"https:\/\/alter-entorn.com\/ca\/#website","url":"https:\/\/alter-entorn.com\/ca\/","name":"alter-entorn","description":"Soluciones Microbiol\u00f3gicas probi\u00f3ticos","publisher":{"@id":"https:\/\/alter-entorn.com\/ca\/#organization"},"potentialAction":[{"@type":"SearchAction","target":{"@type":"EntryPoint","urlTemplate":"https:\/\/alter-entorn.com\/ca\/?s={search_term_string}"},"query-input":{"@type":"PropertyValueSpecification","valueRequired":true,"valueName":"search_term_string"}}],"inLanguage":"ca"},{"@type":"Organization","@id":"https:\/\/alter-entorn.com\/ca\/#organization","name":"alter-entorn","url":"https:\/\/alter-entorn.com\/ca\/","logo":{"@type":"ImageObject","inLanguage":"ca","@id":"https:\/\/alter-entorn.com\/ca\/#\/schema\/logo\/image\/","url":"https:\/\/alter-entorn.com\/wp-content\/uploads\/2018\/10\/logo_alter_entorn-sin-texto-1.png","contentUrl":"https:\/\/alter-entorn.com\/wp-content\/uploads\/2018\/10\/logo_alter_entorn-sin-texto-1.png","width":246,"height":68,"caption":"alter-entorn"},"image":{"@id":"https:\/\/alter-entorn.com\/ca\/#\/schema\/logo\/image\/"},"sameAs":["https:\/\/www.facebook.com\/alterentorn\/","https:\/\/x.com\/alterentorn"]},{"@type":"Person","@id":"https:\/\/alter-entorn.com\/ca\/#\/schema\/person\/038d634ba7da15974cd21b377dac47e7","name":"Comandes"}]}},"_links":{"self":[{"href":"https:\/\/alter-entorn.com\/ca\/wp-json\/wp\/v2\/posts\/7205","targetHints":{"allow":["GET"]}}],"collection":[{"href":"https:\/\/alter-entorn.com\/ca\/wp-json\/wp\/v2\/posts"}],"about":[{"href":"https:\/\/alter-entorn.com\/ca\/wp-json\/wp\/v2\/types\/post"}],"author":[{"embeddable":true,"href":"https:\/\/alter-entorn.com\/ca\/wp-json\/wp\/v2\/users\/3"}],"replies":[{"embeddable":true,"href":"https:\/\/alter-entorn.com\/ca\/wp-json\/wp\/v2\/comments?post=7205"}],"version-history":[{"count":0,"href":"https:\/\/alter-entorn.com\/ca\/wp-json\/wp\/v2\/posts\/7205\/revisions"}],"wp:featuredmedia":[{"embeddable":true,"href":"https:\/\/alter-entorn.com\/ca\/wp-json\/wp\/v2\/media\/7200"}],"wp:attachment":[{"href":"https:\/\/alter-entorn.com\/ca\/wp-json\/wp\/v2\/media?parent=7205"}],"wp:term":[{"taxonomy":"category","embeddable":true,"href":"https:\/\/alter-entorn.com\/ca\/wp-json\/wp\/v2\/categories?post=7205"},{"taxonomy":"post_tag","embeddable":true,"href":"https:\/\/alter-entorn.com\/ca\/wp-json\/wp\/v2\/tags?post=7205"}],"curies":[{"name":"wp","href":"https:\/\/api.w.org\/{rel}","templated":true}]}}