{"id":7217,"date":"2019-09-25T11:30:37","date_gmt":"2019-09-25T10:30:37","guid":{"rendered":"https:\/\/alter-entorn.com\/els-millors-aliments-per-les-teves-defenses-i-el-sistema-immunitari\/"},"modified":"2019-09-25T11:30:37","modified_gmt":"2019-09-25T10:30:37","slug":"els-millors-aliments-per-les-teves-defenses-i-el-sistema-immunitari","status":"publish","type":"post","link":"https:\/\/alter-entorn.com\/ca\/els-millors-aliments-per-les-teves-defenses-i-el-sistema-immunitari\/","title":{"rendered":"ELS MILLORS ALIMENTS PER LES TEVES DEFENSES I EL SISTEMA IMMUNITARI"},"content":{"rendered":"<h2><strong>Durant els canvis d\u2019estaci\u00f3 especialment, hem de posar atenci\u00f3 a la nostra dieta per sentir-nos actius i prevenir refredats i altres malalties<\/strong><\/h2>\n<h2><\/h2>\n<h2><!--more--><\/h2>\n<p>Els canvis de temperatura, aix\u00ed com les pluges, la tornada a la rutina despr\u00e9s de les vacances, el canvi horari, etc. s\u00f3n alguns dels motius pels que <strong>solem trobar-nos m\u00e9s cansats en els canvis d\u2019estaci\u00f3, i tenim m\u00e9s possibilitats d\u2019emmalaltir.<\/strong><\/p>\n<p><strong>Hem de procurar fer exercici regularment, descansar les hores necess\u00e0ries, aix\u00ed com evitar l\u2019estr\u00e8s; per\u00f2 la clau sempre \u00e9s seguir una dieta equilibrada,<\/strong> com m\u00e9s variada millor. Hem de tenir en compte que <strong>un 70% de les defenses o del sistema immunitari, es troba en els nostres intestins,<\/strong> aix\u00ed que ja se\u2019ns dona una pista de la import\u00e0ncia que t\u00e9 l\u2019alimentaci\u00f3 en aquest aspecte. Com a consells generals, hem d\u2019intentar evitar ultraprocessats, exc\u00e9s de carns i de sucres, fregits, etc. i incrementar aquests tipus d\u2019aliments:<\/p>\n<ol>\n<li><strong>L\u00edquids:<\/strong> l\u2019aigua \u00e9s essencial per la nostra hidrataci\u00f3 i ens ajuda a depurar el nostre cos. Recomanem beure\u2019n entre dos i tres litres al dia. Aix\u00ed com podem combinar-ho amb altres begudes naturals. Recomanem especialment les infusions i els tes.<\/li>\n<li><strong>Vitamines A, B, D, E i minerals:<\/strong> Hem d\u2019assegurar-nos de rebre les vitamines i els minerals suficients, aix\u00ed que hem de mirar d\u2019incrementar el consum de verdures, fruites, llegums, peix blau, cereals i fruits secs.<\/li>\n<li><strong>Alls i cebes:<\/strong> Tenen un gran poder antioxidant i s\u00f3n antibi\u00f2tics naturals. Contribueixen a reduir les inflamacions i a protegir el fetge, entre molts altres beneficis. S\u2019aconsellen millor crus que cuits, ja que perden algunes de les seves propietats.<\/li>\n<li><strong>C\u00edtrics:<\/strong> principalment llimones i taronges. Gr\u00e0cies al seu alt contingut en vitamina C fan una feina de prevenci\u00f3 dels refredats i grips, tot i que tamb\u00e9 ajuden a alleujar-ne als s\u00edmptomes i a que es superi m\u00e9s r\u00e0pidament un cop contagiats.<\/li>\n<li><strong>Verdures cruc\u00edferes:<\/strong> antioxidants, antiinflamat\u00f2ries, ajuden a desintoxicar l\u2019organisme i a enfortir el sistema immune. Principalment els diferents tipus de col, el br\u00f2quil i els raves.<\/li>\n<li><strong>Bolets:<\/strong> no \u00e9s una coincid\u00e8ncia que sigui un producte de temporada a la tardor. Els bolets en general, aporten una gran quantitat de minerals i vitamines, i per aix\u00f2 s\u00f3n molt recomanables a la nostra dieta.<\/li>\n<li><strong>Aliments fermentats:<\/strong> aporten microorganismes beneficiosos per la microbiota o flora intestinal, que a m\u00e9s d\u2019enfortir el sistema immunitari, tamb\u00e9 ajuden a la correcta absorci\u00f3 dels nutrients.<\/li>\n<li><strong>Gingebre:<\/strong> un dels millors ingredients per l\u2019estimulaci\u00f3 del sistema immunol\u00f2gic, ajuda tamb\u00e9 a la cura de refredats i episodis febrils, i ajuda a netejar l\u2019organisme, entre d\u2019altres.<\/li>\n<li><strong>Mel:<\/strong> tamb\u00e9 \u00e9s un antibi\u00f2tic natural que aporta molts nutrients al nostre cos i \u00e9s molt efectiva amb alguns s\u00edmptomes gripals com la tos. Malgrat aix\u00f2, hem de tenir en compte que t\u00e9 un alt component cal\u00f2ric i no \u00e9s recomanable abusar-ne.<\/li>\n<li><strong>Algunes esp\u00e8cies i herbes medicinals<\/strong> com l\u2019equin\u00e0cia, la c\u00farcuma, el clau o la canella. Es poden prendre en infusions, sopes o suplements.<\/li>\n<\/ol>\n<p>De fet, una manera molt c\u00f2moda d\u2019adquirir i assimilar millor els nutrients d\u2019aquests aliments \u00e9s prendre <a href=\"https:\/\/alter-entorn.com\/ca\/categoria-producte\/salut-i-benestar\/\/suplements-probiotics\">Bio-live<\/a>\u00a0di\u00e0riament. La majoria de versions acostumen a tenir bastants d\u2019aquests ingredients: s\u00f3n l\u00edquids, contenen microorganismes beneficiosos, esp\u00e8cies, plantes medicinals, algun tipus de bolet, gingebre, etc.<\/p>\n<p>&nbsp;<\/p>\n","protected":false},"excerpt":{"rendered":"<p>Durant els canvis d\u2019estaci\u00f3 especialment, hem de posar atenci\u00f3 a la nostra dieta per sentir-nos actius i prevenir refredats i altres malalties<\/p>\n","protected":false},"author":3,"featured_media":7212,"comment_status":"closed","ping_status":"closed","sticky":false,"template":"","format":"standard","meta":{"_joinchat":[],"footnotes":""},"categories":[97],"tags":[1192,2147,2151,2973,2974,2975,2976,2977,2978],"class_list":["post-7217","post","type-post","status-publish","format-standard","has-post-thumbnail","hentry","category-salut-i-benestar","tag-sistema-immunitari-ca","tag-aumentar-defensas-ca","tag-prevenir-gripe-ca","tag-aliments-defenses","tag-aliments-sistema-immune","tag-dieta-defenses","tag-canvi-destacio","tag-prevenir-refredats","tag-enfortir-defenses"],"yoast_head":"<!-- This site is optimized with the Yoast SEO plugin v27.4 - https:\/\/yoast.com\/product\/yoast-seo-wordpress\/ -->\n<title>ELS MILLORS ALIMENTS PER LES TEVES DEFENSES I EL SISTEMA IMMUNITARI - alter-entorn<\/title>\n<meta name=\"description\" content=\"Durant els canvis d&#039;estaci\u00f3 hem de posar atenci\u00f3 a la nostra dieta per sentir-nos actius i prevenir refredats i altres malalties\" \/>\n<meta name=\"robots\" content=\"index, follow, max-snippet:-1, max-image-preview:large, max-video-preview:-1\" \/>\n<link rel=\"canonical\" href=\"https:\/\/alter-entorn.com\/ca\/els-millors-aliments-per-les-teves-defenses-i-el-sistema-immunitari\/\" \/>\n<meta property=\"og:locale\" content=\"ca_ES\" \/>\n<meta property=\"og:type\" content=\"article\" \/>\n<meta property=\"og:title\" content=\"ELS MILLORS ALIMENTS PER LES TEVES DEFENSES I EL SISTEMA IMMUNITARI - alter-entorn\" \/>\n<meta property=\"og:description\" content=\"Durant els canvis d&#039;estaci\u00f3 hem de posar atenci\u00f3 a la nostra dieta per sentir-nos actius i prevenir refredats i altres malalties\" \/>\n<meta property=\"og:url\" content=\"https:\/\/alter-entorn.com\/ca\/els-millors-aliments-per-les-teves-defenses-i-el-sistema-immunitari\/\" \/>\n<meta property=\"og:site_name\" content=\"alter-entorn\" \/>\n<meta property=\"article:publisher\" content=\"https:\/\/www.facebook.com\/alterentorn\/\" \/>\n<meta property=\"article:published_time\" content=\"2019-09-25T10:30:37+00:00\" \/>\n<meta property=\"og:image\" content=\"https:\/\/alter-entorn.com\/wp-content\/uploads\/2019\/09\/alimentos-defensas.jpg\" \/>\n\t<meta property=\"og:image:width\" content=\"960\" \/>\n\t<meta property=\"og:image:height\" content=\"640\" \/>\n\t<meta property=\"og:image:type\" content=\"image\/jpeg\" \/>\n<meta name=\"author\" content=\"Comandes\" \/>\n<meta name=\"twitter:card\" content=\"summary_large_image\" \/>\n<meta name=\"twitter:creator\" content=\"@alterentorn\" \/>\n<meta name=\"twitter:site\" content=\"@alterentorn\" \/>\n<meta name=\"twitter:label1\" content=\"Escrit per\" \/>\n\t<meta name=\"twitter:data1\" content=\"Comandes\" \/>\n\t<meta name=\"twitter:label2\" content=\"Temps estimat de lectura\" \/>\n\t<meta name=\"twitter:data2\" content=\"3 minuts\" \/>\n<script type=\"application\/ld+json\" class=\"yoast-schema-graph\">{\"@context\":\"https:\\\/\\\/schema.org\",\"@graph\":[{\"@type\":\"Article\",\"@id\":\"https:\\\/\\\/alter-entorn.com\\\/ca\\\/els-millors-aliments-per-les-teves-defenses-i-el-sistema-immunitari\\\/#article\",\"isPartOf\":{\"@id\":\"https:\\\/\\\/alter-entorn.com\\\/ca\\\/els-millors-aliments-per-les-teves-defenses-i-el-sistema-immunitari\\\/\"},\"author\":{\"name\":\"Comandes\",\"@id\":\"https:\\\/\\\/alter-entorn.com\\\/ca\\\/#\\\/schema\\\/person\\\/038d634ba7da15974cd21b377dac47e7\"},\"headline\":\"ELS MILLORS ALIMENTS PER LES TEVES DEFENSES I EL SISTEMA IMMUNITARI\",\"datePublished\":\"2019-09-25T10:30:37+00:00\",\"mainEntityOfPage\":{\"@id\":\"https:\\\/\\\/alter-entorn.com\\\/ca\\\/els-millors-aliments-per-les-teves-defenses-i-el-sistema-immunitari\\\/\"},\"wordCount\":590,\"publisher\":{\"@id\":\"https:\\\/\\\/alter-entorn.com\\\/ca\\\/#organization\"},\"image\":{\"@id\":\"https:\\\/\\\/alter-entorn.com\\\/ca\\\/els-millors-aliments-per-les-teves-defenses-i-el-sistema-immunitari\\\/#primaryimage\"},\"thumbnailUrl\":\"https:\\\/\\\/alter-entorn.com\\\/wp-content\\\/uploads\\\/2019\\\/09\\\/alimentos-defensas.jpg\",\"keywords\":[\"sistema immunitari\",\"aumentar defensas\",\"prevenir gripe\",\"aliments defenses\",\"aliments sistema immune\",\"dieta defenses\",\"canvi d'estacio\",\"prevenir refredats\",\"enfortir defenses\"],\"articleSection\":[\"SALUT I BENESTAR\"],\"inLanguage\":\"ca\"},{\"@type\":\"WebPage\",\"@id\":\"https:\\\/\\\/alter-entorn.com\\\/ca\\\/els-millors-aliments-per-les-teves-defenses-i-el-sistema-immunitari\\\/\",\"url\":\"https:\\\/\\\/alter-entorn.com\\\/ca\\\/els-millors-aliments-per-les-teves-defenses-i-el-sistema-immunitari\\\/\",\"name\":\"ELS MILLORS ALIMENTS PER LES TEVES DEFENSES I EL SISTEMA IMMUNITARI - alter-entorn\",\"isPartOf\":{\"@id\":\"https:\\\/\\\/alter-entorn.com\\\/ca\\\/#website\"},\"primaryImageOfPage\":{\"@id\":\"https:\\\/\\\/alter-entorn.com\\\/ca\\\/els-millors-aliments-per-les-teves-defenses-i-el-sistema-immunitari\\\/#primaryimage\"},\"image\":{\"@id\":\"https:\\\/\\\/alter-entorn.com\\\/ca\\\/els-millors-aliments-per-les-teves-defenses-i-el-sistema-immunitari\\\/#primaryimage\"},\"thumbnailUrl\":\"https:\\\/\\\/alter-entorn.com\\\/wp-content\\\/uploads\\\/2019\\\/09\\\/alimentos-defensas.jpg\",\"datePublished\":\"2019-09-25T10:30:37+00:00\",\"description\":\"Durant els canvis d'estaci\u00f3 hem de posar atenci\u00f3 a la nostra dieta per sentir-nos actius i prevenir refredats i altres malalties\",\"breadcrumb\":{\"@id\":\"https:\\\/\\\/alter-entorn.com\\\/ca\\\/els-millors-aliments-per-les-teves-defenses-i-el-sistema-immunitari\\\/#breadcrumb\"},\"inLanguage\":\"ca\",\"potentialAction\":[{\"@type\":\"ReadAction\",\"target\":[\"https:\\\/\\\/alter-entorn.com\\\/ca\\\/els-millors-aliments-per-les-teves-defenses-i-el-sistema-immunitari\\\/\"]}]},{\"@type\":\"ImageObject\",\"inLanguage\":\"ca\",\"@id\":\"https:\\\/\\\/alter-entorn.com\\\/ca\\\/els-millors-aliments-per-les-teves-defenses-i-el-sistema-immunitari\\\/#primaryimage\",\"url\":\"https:\\\/\\\/alter-entorn.com\\\/wp-content\\\/uploads\\\/2019\\\/09\\\/alimentos-defensas.jpg\",\"contentUrl\":\"https:\\\/\\\/alter-entorn.com\\\/wp-content\\\/uploads\\\/2019\\\/09\\\/alimentos-defensas.jpg\",\"width\":960,\"height\":640,\"caption\":\"Alimentos para aumentar las defensas y fortalecer el sistema inmune\"},{\"@type\":\"BreadcrumbList\",\"@id\":\"https:\\\/\\\/alter-entorn.com\\\/ca\\\/els-millors-aliments-per-les-teves-defenses-i-el-sistema-immunitari\\\/#breadcrumb\",\"itemListElement\":[{\"@type\":\"ListItem\",\"position\":1,\"name\":\"Portada\",\"item\":\"https:\\\/\\\/alter-entorn.com\\\/ca\\\/\"},{\"@type\":\"ListItem\",\"position\":2,\"name\":\"ELS MILLORS ALIMENTS PER LES TEVES DEFENSES I EL SISTEMA IMMUNITARI\"}]},{\"@type\":\"WebSite\",\"@id\":\"https:\\\/\\\/alter-entorn.com\\\/ca\\\/#website\",\"url\":\"https:\\\/\\\/alter-entorn.com\\\/ca\\\/\",\"name\":\"alter-entorn\",\"description\":\"Soluciones Microbiol\u00f3gicas probi\u00f3ticos\",\"publisher\":{\"@id\":\"https:\\\/\\\/alter-entorn.com\\\/ca\\\/#organization\"},\"potentialAction\":[{\"@type\":\"SearchAction\",\"target\":{\"@type\":\"EntryPoint\",\"urlTemplate\":\"https:\\\/\\\/alter-entorn.com\\\/ca\\\/?s={search_term_string}\"},\"query-input\":{\"@type\":\"PropertyValueSpecification\",\"valueRequired\":true,\"valueName\":\"search_term_string\"}}],\"inLanguage\":\"ca\"},{\"@type\":\"Organization\",\"@id\":\"https:\\\/\\\/alter-entorn.com\\\/ca\\\/#organization\",\"name\":\"alter-entorn\",\"url\":\"https:\\\/\\\/alter-entorn.com\\\/ca\\\/\",\"logo\":{\"@type\":\"ImageObject\",\"inLanguage\":\"ca\",\"@id\":\"https:\\\/\\\/alter-entorn.com\\\/ca\\\/#\\\/schema\\\/logo\\\/image\\\/\",\"url\":\"https:\\\/\\\/alter-entorn.com\\\/wp-content\\\/uploads\\\/2018\\\/10\\\/logo_alter_entorn-sin-texto-1.png\",\"contentUrl\":\"https:\\\/\\\/alter-entorn.com\\\/wp-content\\\/uploads\\\/2018\\\/10\\\/logo_alter_entorn-sin-texto-1.png\",\"width\":246,\"height\":68,\"caption\":\"alter-entorn\"},\"image\":{\"@id\":\"https:\\\/\\\/alter-entorn.com\\\/ca\\\/#\\\/schema\\\/logo\\\/image\\\/\"},\"sameAs\":[\"https:\\\/\\\/www.facebook.com\\\/alterentorn\\\/\",\"https:\\\/\\\/x.com\\\/alterentorn\"]},{\"@type\":\"Person\",\"@id\":\"https:\\\/\\\/alter-entorn.com\\\/ca\\\/#\\\/schema\\\/person\\\/038d634ba7da15974cd21b377dac47e7\",\"name\":\"Comandes\"}]}<\/script>\n<!-- \/ Yoast SEO plugin. -->","yoast_head_json":{"title":"ELS MILLORS ALIMENTS PER LES TEVES DEFENSES I EL SISTEMA IMMUNITARI - alter-entorn","description":"Durant els canvis d'estaci\u00f3 hem de posar atenci\u00f3 a la nostra dieta per sentir-nos actius i prevenir refredats i altres malalties","robots":{"index":"index","follow":"follow","max-snippet":"max-snippet:-1","max-image-preview":"max-image-preview:large","max-video-preview":"max-video-preview:-1"},"canonical":"https:\/\/alter-entorn.com\/ca\/els-millors-aliments-per-les-teves-defenses-i-el-sistema-immunitari\/","og_locale":"ca_ES","og_type":"article","og_title":"ELS MILLORS ALIMENTS PER LES TEVES DEFENSES I EL SISTEMA IMMUNITARI - alter-entorn","og_description":"Durant els canvis d'estaci\u00f3 hem de posar atenci\u00f3 a la nostra dieta per sentir-nos actius i prevenir refredats i altres malalties","og_url":"https:\/\/alter-entorn.com\/ca\/els-millors-aliments-per-les-teves-defenses-i-el-sistema-immunitari\/","og_site_name":"alter-entorn","article_publisher":"https:\/\/www.facebook.com\/alterentorn\/","article_published_time":"2019-09-25T10:30:37+00:00","og_image":[{"width":960,"height":640,"url":"https:\/\/alter-entorn.com\/wp-content\/uploads\/2019\/09\/alimentos-defensas.jpg","type":"image\/jpeg"}],"author":"Comandes","twitter_card":"summary_large_image","twitter_creator":"@alterentorn","twitter_site":"@alterentorn","twitter_misc":{"Escrit per":"Comandes","Temps estimat de lectura":"3 minuts"},"schema":{"@context":"https:\/\/schema.org","@graph":[{"@type":"Article","@id":"https:\/\/alter-entorn.com\/ca\/els-millors-aliments-per-les-teves-defenses-i-el-sistema-immunitari\/#article","isPartOf":{"@id":"https:\/\/alter-entorn.com\/ca\/els-millors-aliments-per-les-teves-defenses-i-el-sistema-immunitari\/"},"author":{"name":"Comandes","@id":"https:\/\/alter-entorn.com\/ca\/#\/schema\/person\/038d634ba7da15974cd21b377dac47e7"},"headline":"ELS MILLORS ALIMENTS PER LES TEVES DEFENSES I EL SISTEMA IMMUNITARI","datePublished":"2019-09-25T10:30:37+00:00","mainEntityOfPage":{"@id":"https:\/\/alter-entorn.com\/ca\/els-millors-aliments-per-les-teves-defenses-i-el-sistema-immunitari\/"},"wordCount":590,"publisher":{"@id":"https:\/\/alter-entorn.com\/ca\/#organization"},"image":{"@id":"https:\/\/alter-entorn.com\/ca\/els-millors-aliments-per-les-teves-defenses-i-el-sistema-immunitari\/#primaryimage"},"thumbnailUrl":"https:\/\/alter-entorn.com\/wp-content\/uploads\/2019\/09\/alimentos-defensas.jpg","keywords":["sistema immunitari","aumentar defensas","prevenir gripe","aliments defenses","aliments sistema immune","dieta defenses","canvi d'estacio","prevenir refredats","enfortir defenses"],"articleSection":["SALUT I BENESTAR"],"inLanguage":"ca"},{"@type":"WebPage","@id":"https:\/\/alter-entorn.com\/ca\/els-millors-aliments-per-les-teves-defenses-i-el-sistema-immunitari\/","url":"https:\/\/alter-entorn.com\/ca\/els-millors-aliments-per-les-teves-defenses-i-el-sistema-immunitari\/","name":"ELS MILLORS ALIMENTS PER LES TEVES DEFENSES I EL SISTEMA IMMUNITARI - alter-entorn","isPartOf":{"@id":"https:\/\/alter-entorn.com\/ca\/#website"},"primaryImageOfPage":{"@id":"https:\/\/alter-entorn.com\/ca\/els-millors-aliments-per-les-teves-defenses-i-el-sistema-immunitari\/#primaryimage"},"image":{"@id":"https:\/\/alter-entorn.com\/ca\/els-millors-aliments-per-les-teves-defenses-i-el-sistema-immunitari\/#primaryimage"},"thumbnailUrl":"https:\/\/alter-entorn.com\/wp-content\/uploads\/2019\/09\/alimentos-defensas.jpg","datePublished":"2019-09-25T10:30:37+00:00","description":"Durant els canvis d'estaci\u00f3 hem de posar atenci\u00f3 a la nostra dieta per sentir-nos actius i prevenir refredats i altres malalties","breadcrumb":{"@id":"https:\/\/alter-entorn.com\/ca\/els-millors-aliments-per-les-teves-defenses-i-el-sistema-immunitari\/#breadcrumb"},"inLanguage":"ca","potentialAction":[{"@type":"ReadAction","target":["https:\/\/alter-entorn.com\/ca\/els-millors-aliments-per-les-teves-defenses-i-el-sistema-immunitari\/"]}]},{"@type":"ImageObject","inLanguage":"ca","@id":"https:\/\/alter-entorn.com\/ca\/els-millors-aliments-per-les-teves-defenses-i-el-sistema-immunitari\/#primaryimage","url":"https:\/\/alter-entorn.com\/wp-content\/uploads\/2019\/09\/alimentos-defensas.jpg","contentUrl":"https:\/\/alter-entorn.com\/wp-content\/uploads\/2019\/09\/alimentos-defensas.jpg","width":960,"height":640,"caption":"Alimentos para aumentar las defensas y fortalecer el sistema inmune"},{"@type":"BreadcrumbList","@id":"https:\/\/alter-entorn.com\/ca\/els-millors-aliments-per-les-teves-defenses-i-el-sistema-immunitari\/#breadcrumb","itemListElement":[{"@type":"ListItem","position":1,"name":"Portada","item":"https:\/\/alter-entorn.com\/ca\/"},{"@type":"ListItem","position":2,"name":"ELS MILLORS ALIMENTS PER LES TEVES DEFENSES I EL SISTEMA IMMUNITARI"}]},{"@type":"WebSite","@id":"https:\/\/alter-entorn.com\/ca\/#website","url":"https:\/\/alter-entorn.com\/ca\/","name":"alter-entorn","description":"Soluciones Microbiol\u00f3gicas probi\u00f3ticos","publisher":{"@id":"https:\/\/alter-entorn.com\/ca\/#organization"},"potentialAction":[{"@type":"SearchAction","target":{"@type":"EntryPoint","urlTemplate":"https:\/\/alter-entorn.com\/ca\/?s={search_term_string}"},"query-input":{"@type":"PropertyValueSpecification","valueRequired":true,"valueName":"search_term_string"}}],"inLanguage":"ca"},{"@type":"Organization","@id":"https:\/\/alter-entorn.com\/ca\/#organization","name":"alter-entorn","url":"https:\/\/alter-entorn.com\/ca\/","logo":{"@type":"ImageObject","inLanguage":"ca","@id":"https:\/\/alter-entorn.com\/ca\/#\/schema\/logo\/image\/","url":"https:\/\/alter-entorn.com\/wp-content\/uploads\/2018\/10\/logo_alter_entorn-sin-texto-1.png","contentUrl":"https:\/\/alter-entorn.com\/wp-content\/uploads\/2018\/10\/logo_alter_entorn-sin-texto-1.png","width":246,"height":68,"caption":"alter-entorn"},"image":{"@id":"https:\/\/alter-entorn.com\/ca\/#\/schema\/logo\/image\/"},"sameAs":["https:\/\/www.facebook.com\/alterentorn\/","https:\/\/x.com\/alterentorn"]},{"@type":"Person","@id":"https:\/\/alter-entorn.com\/ca\/#\/schema\/person\/038d634ba7da15974cd21b377dac47e7","name":"Comandes"}]}},"_links":{"self":[{"href":"https:\/\/alter-entorn.com\/ca\/wp-json\/wp\/v2\/posts\/7217","targetHints":{"allow":["GET"]}}],"collection":[{"href":"https:\/\/alter-entorn.com\/ca\/wp-json\/wp\/v2\/posts"}],"about":[{"href":"https:\/\/alter-entorn.com\/ca\/wp-json\/wp\/v2\/types\/post"}],"author":[{"embeddable":true,"href":"https:\/\/alter-entorn.com\/ca\/wp-json\/wp\/v2\/users\/3"}],"replies":[{"embeddable":true,"href":"https:\/\/alter-entorn.com\/ca\/wp-json\/wp\/v2\/comments?post=7217"}],"version-history":[{"count":0,"href":"https:\/\/alter-entorn.com\/ca\/wp-json\/wp\/v2\/posts\/7217\/revisions"}],"wp:featuredmedia":[{"embeddable":true,"href":"https:\/\/alter-entorn.com\/ca\/wp-json\/wp\/v2\/media\/7212"}],"wp:attachment":[{"href":"https:\/\/alter-entorn.com\/ca\/wp-json\/wp\/v2\/media?parent=7217"}],"wp:term":[{"taxonomy":"category","embeddable":true,"href":"https:\/\/alter-entorn.com\/ca\/wp-json\/wp\/v2\/categories?post=7217"},{"taxonomy":"post_tag","embeddable":true,"href":"https:\/\/alter-entorn.com\/ca\/wp-json\/wp\/v2\/tags?post=7217"}],"curies":[{"name":"wp","href":"https:\/\/api.w.org\/{rel}","templated":true}]}}