{"id":7266,"date":"2019-10-14T11:32:10","date_gmt":"2019-10-14T10:32:10","guid":{"rendered":"https:\/\/alter-entorn.com\/que-es-la-sensibilitat-quimica-multiple\/"},"modified":"2019-10-14T11:32:10","modified_gmt":"2019-10-14T10:32:10","slug":"que-es-la-sensibilitat-quimica-multiple","status":"publish","type":"post","link":"https:\/\/alter-entorn.com\/ca\/que-es-la-sensibilitat-quimica-multiple\/","title":{"rendered":"QU\u00c8 \u00c9S LA SENSIBILITAT QU\u00cdMICA M\u00daLTIPLE?"},"content":{"rendered":"<h2><strong>Un tema molt controvertit: mentre uns asseguren que no existeix i que no es tracta ni tant sols d\u2019una malaltia, cada dia se\u2019n diagnostiquen m\u00e9s casos<\/strong><\/h2>\n<h2><\/h2>\n<h2><!--more--><\/h2>\n<p>La gran complexitat de la dol\u00e8ncia fa que hi hagi opinions per tots els gustos, i poques evid\u00e8ncies cient\u00edfiques. Continua la investigaci\u00f3, per\u00f2 la realitat \u00e9s que cada vegada hi ha m\u00e9s gent que s\u2019hi acull.<\/p>\n<p>La sensibilitat qu\u00edmica m\u00faltiple s\u2019ent\u00e9n al nostre pa\u00eds com una malaltia des de 2014. \u00a0Aix\u00ed com en d\u2019altres pa\u00efsos com Alemanya, Jap\u00f3 o \u00c0ustria tamb\u00e9 \u00e9s reconeguda com a tal, en d\u2019altres no. <strong>Es sol relacionar amb la fatiga cr\u00f2nica, la fibromi\u00e0lgia i problemes m\u00e9s psicol\u00f2gics<\/strong> com els trastorns obsessius compulsius o la depressi\u00f3. Concretament la podr\u00edem definir com una <strong>malaltia cr\u00f2nica que es caracteritza per que l\u2019organisme ofereix una resposta negativa exagerada a determinades subst\u00e0ncies de l\u2019ambient, de productes quotidians, dels aliments o l\u2019aigua que no s\u00f3n d\u2019origen natural.<\/strong><\/p>\n<p>Aquests components no estan considerats t\u00f2xics i estan presents en quantitats petites en moltes situacions de la nostra vida quotidiana. <strong>No acostumen a presentar problemes per la majoria de la poblaci\u00f3, almenys no directament, per\u00f2 si que en molts casos es consideren perillosos a la llarga o mesclats entre ells.<\/strong> Molts tamb\u00e9 apunten com a possibles causants de malalties cada vegada m\u00e9s freq\u00fcents, com alguns tipus de c\u00e0ncer, Alzheimer, etc.<\/p>\n<p>Parlem d\u2019elements que podem trobar molt f\u00e0cilment a casa nostra, al lloc de treball i al carrer: pintures, productes de neteja, cosm\u00e8tics, frag\u00e0ncies, conservants, etc. Els mateixos <a href=\"https:\/\/alter-entorn.com\/ca\/a-que-ens-referim-quan-diem-viure-lliure-de-quimics\/\">als que fem refer\u00e8ncia quan utilitzem el nostre lema #VivirLibreDeQu\u00edmicos<\/a>. No els considerem perillosos i, per tant, hi interactuem a diari mentre ens van apareixent diferents s\u00edmptomes que no sabem relacionar.<\/p>\n<p><strong>La sensibilitat qu\u00edmica m\u00faltiple es caracteritza per tenir causants de naturaleses molt diferents, i presentar conseq\u00fc\u00e8ncies tamb\u00e9 molt diverses.<\/strong> Els s\u00edmptomes varien en intensitat, durada, origen i freq\u00fc\u00e8ncia, per\u00f2 els m\u00e9s habituals acostumen a comen\u00e7ar en l\u2019aparell respiratori: sensaci\u00f3 de taponament, tos, irritacions, etc. Tot i que tamb\u00e9 s\u00f3n molt comuns en l\u2019aparell digestiu (inflor, n\u00e0usees, s\u00edndrome del colon irritable&#8230;), la pell i\/o neurol\u00f2gics com la p\u00e8rdua de mem\u00f2ria o concentraci\u00f3, aix\u00ed com la depressi\u00f3 i l\u2019insomni.<\/p>\n<p>Sobretot aquests \u00faltims s\u00f3n els m\u00e9s preocupants, ja que a mesura que la malaltia \u00e9s m\u00e9s greu, la persona no es sent compresa i degut als brots, va agafant una actitud d\u2019a\u00efllament de la societat. En molts casos, els malalts acaben perdent la feina i se senten rebutjats per la comunitat. A m\u00e9s, es gasten molts diners en productes especials i ter\u00e0pies que els ajudin, i aix\u00f2 tamb\u00e9 els pot comportar problemes econ\u00f2mics.<\/p>\n<p><strong>No existeix una cura a la dol\u00e8ncia. Nom\u00e9s es poden intentar alleujar els s\u00edmptomes, intentant millorar la qualitat de vida dels pacients i evitar tantes subst\u00e0ncies d\u2019aquest tipus com puguem.<\/strong> Aix\u00f2 \u00e9s molt dif\u00edcil ja que concentracions molt petites ja provoquen reacci\u00f3, i sovint no es diagnostica concretament de quina o quines subst\u00e0ncies es tracta ja que s\u00f3n molt diverses i afecten sistemes molt diferents.<\/p>\n<p>Per aix\u00f2 \u00e9s molt important seguir investigant aquesta malaltia, i intentar desfer-nos de tants productes d\u2019aquest tipus com puguem. Podem comen\u00e7ar utilitzant productes de neteja ecol\u00f2gics i cosm\u00e8tics naturals, aix\u00ed com intentant menjar menys ultraprocessats.<\/p>\n<p>&nbsp;<\/p>\n","protected":false},"excerpt":{"rendered":"<p>Un tema molt controvertit: mentre uns asseguren que no existeix i que no es tracta ni tant sols d\u2019una malaltia, cada dia se\u2019n diagnostiquen m\u00e9s casos<\/p>\n","protected":false},"author":3,"featured_media":7261,"comment_status":"closed","ping_status":"closed","sticky":false,"template":"","format":"standard","meta":{"_joinchat":[],"footnotes":""},"categories":[97],"tags":[3012,3013,3014,3015,3016,3017,3018,3019,3020],"class_list":["post-7266","post","type-post","status-publish","format-standard","has-post-thumbnail","hentry","category-salut-i-benestar","tag-sensibilitat-quimica","tag-sensibilitat-quimica-multiple","tag-alergia-quimica-ca","tag-alergia-multiple-ca","tag-malaltia-quimica","tag-multialergia-ca","tag-hipersensibilitat","tag-sqm-ca","tag-malaltia-ambiental"],"yoast_head":"<!-- This site is optimized with the Yoast SEO plugin v27.4 - https:\/\/yoast.com\/product\/yoast-seo-wordpress\/ -->\n<title>QU\u00c8 \u00c9S LA SENSIBILITAT QU\u00cdMICA M\u00daLTIPLE? - alter-entorn<\/title>\n<meta name=\"description\" content=\"Malaltia cr\u00f2nica que es caracteritza perque l&#039;organisme ofereix una resposta negativa exagerada a determinades subst\u00e0ncies de l&#039;ambient\" \/>\n<meta name=\"robots\" content=\"index, follow, max-snippet:-1, max-image-preview:large, max-video-preview:-1\" \/>\n<link rel=\"canonical\" href=\"https:\/\/alter-entorn.com\/ca\/que-es-la-sensibilitat-quimica-multiple\/\" \/>\n<meta property=\"og:locale\" content=\"ca_ES\" \/>\n<meta property=\"og:type\" content=\"article\" \/>\n<meta property=\"og:title\" content=\"QU\u00c8 \u00c9S LA SENSIBILITAT QU\u00cdMICA M\u00daLTIPLE? - alter-entorn\" \/>\n<meta property=\"og:description\" content=\"Malaltia cr\u00f2nica que es caracteritza perque l&#039;organisme ofereix una resposta negativa exagerada a determinades subst\u00e0ncies de l&#039;ambient\" \/>\n<meta property=\"og:url\" content=\"https:\/\/alter-entorn.com\/ca\/que-es-la-sensibilitat-quimica-multiple\/\" \/>\n<meta property=\"og:site_name\" content=\"alter-entorn\" \/>\n<meta property=\"article:publisher\" content=\"https:\/\/www.facebook.com\/alterentorn\/\" \/>\n<meta property=\"article:published_time\" content=\"2019-10-14T10:32:10+00:00\" \/>\n<meta property=\"og:image\" content=\"https:\/\/alter-entorn.com\/wp-content\/uploads\/2019\/10\/sensibilidad-quimica-multiple.jpg\" \/>\n\t<meta property=\"og:image:width\" content=\"960\" \/>\n\t<meta property=\"og:image:height\" content=\"637\" \/>\n\t<meta property=\"og:image:type\" content=\"image\/jpeg\" \/>\n<meta name=\"author\" content=\"Comandes\" \/>\n<meta name=\"twitter:card\" content=\"summary_large_image\" \/>\n<meta name=\"twitter:creator\" content=\"@alterentorn\" \/>\n<meta name=\"twitter:site\" content=\"@alterentorn\" \/>\n<meta name=\"twitter:label1\" content=\"Escrit per\" \/>\n\t<meta name=\"twitter:data1\" content=\"Comandes\" \/>\n\t<meta name=\"twitter:label2\" content=\"Temps estimat de lectura\" \/>\n\t<meta name=\"twitter:data2\" content=\"3 minuts\" \/>\n<script type=\"application\/ld+json\" class=\"yoast-schema-graph\">{\"@context\":\"https:\\\/\\\/schema.org\",\"@graph\":[{\"@type\":\"Article\",\"@id\":\"https:\\\/\\\/alter-entorn.com\\\/ca\\\/que-es-la-sensibilitat-quimica-multiple\\\/#article\",\"isPartOf\":{\"@id\":\"https:\\\/\\\/alter-entorn.com\\\/ca\\\/que-es-la-sensibilitat-quimica-multiple\\\/\"},\"author\":{\"name\":\"Comandes\",\"@id\":\"https:\\\/\\\/alter-entorn.com\\\/ca\\\/#\\\/schema\\\/person\\\/038d634ba7da15974cd21b377dac47e7\"},\"headline\":\"QU\u00c8 \u00c9S LA SENSIBILITAT QU\u00cdMICA M\u00daLTIPLE?\",\"datePublished\":\"2019-10-14T10:32:10+00:00\",\"mainEntityOfPage\":{\"@id\":\"https:\\\/\\\/alter-entorn.com\\\/ca\\\/que-es-la-sensibilitat-quimica-multiple\\\/\"},\"wordCount\":614,\"publisher\":{\"@id\":\"https:\\\/\\\/alter-entorn.com\\\/ca\\\/#organization\"},\"image\":{\"@id\":\"https:\\\/\\\/alter-entorn.com\\\/ca\\\/que-es-la-sensibilitat-quimica-multiple\\\/#primaryimage\"},\"thumbnailUrl\":\"https:\\\/\\\/alter-entorn.com\\\/wp-content\\\/uploads\\\/2019\\\/10\\\/sensibilidad-quimica-multiple.jpg\",\"keywords\":[\"sensibilitat quimica\",\"sensibilitat quimica multiple\",\"alergia quimica\",\"alergia multiple\",\"malaltia quimica\",\"multialergia\",\"hipersensibilitat\",\"sqm\",\"malaltia ambiental\"],\"articleSection\":[\"SALUT I BENESTAR\"],\"inLanguage\":\"ca\"},{\"@type\":\"WebPage\",\"@id\":\"https:\\\/\\\/alter-entorn.com\\\/ca\\\/que-es-la-sensibilitat-quimica-multiple\\\/\",\"url\":\"https:\\\/\\\/alter-entorn.com\\\/ca\\\/que-es-la-sensibilitat-quimica-multiple\\\/\",\"name\":\"QU\u00c8 \u00c9S LA SENSIBILITAT QU\u00cdMICA M\u00daLTIPLE? - alter-entorn\",\"isPartOf\":{\"@id\":\"https:\\\/\\\/alter-entorn.com\\\/ca\\\/#website\"},\"primaryImageOfPage\":{\"@id\":\"https:\\\/\\\/alter-entorn.com\\\/ca\\\/que-es-la-sensibilitat-quimica-multiple\\\/#primaryimage\"},\"image\":{\"@id\":\"https:\\\/\\\/alter-entorn.com\\\/ca\\\/que-es-la-sensibilitat-quimica-multiple\\\/#primaryimage\"},\"thumbnailUrl\":\"https:\\\/\\\/alter-entorn.com\\\/wp-content\\\/uploads\\\/2019\\\/10\\\/sensibilidad-quimica-multiple.jpg\",\"datePublished\":\"2019-10-14T10:32:10+00:00\",\"description\":\"Malaltia cr\u00f2nica que es caracteritza perque l'organisme ofereix una resposta negativa exagerada a determinades subst\u00e0ncies de l'ambient\",\"breadcrumb\":{\"@id\":\"https:\\\/\\\/alter-entorn.com\\\/ca\\\/que-es-la-sensibilitat-quimica-multiple\\\/#breadcrumb\"},\"inLanguage\":\"ca\",\"potentialAction\":[{\"@type\":\"ReadAction\",\"target\":[\"https:\\\/\\\/alter-entorn.com\\\/ca\\\/que-es-la-sensibilitat-quimica-multiple\\\/\"]}]},{\"@type\":\"ImageObject\",\"inLanguage\":\"ca\",\"@id\":\"https:\\\/\\\/alter-entorn.com\\\/ca\\\/que-es-la-sensibilitat-quimica-multiple\\\/#primaryimage\",\"url\":\"https:\\\/\\\/alter-entorn.com\\\/wp-content\\\/uploads\\\/2019\\\/10\\\/sensibilidad-quimica-multiple.jpg\",\"contentUrl\":\"https:\\\/\\\/alter-entorn.com\\\/wp-content\\\/uploads\\\/2019\\\/10\\\/sensibilidad-quimica-multiple.jpg\",\"width\":960,\"height\":637,\"caption\":\"Qu\u00e9 es la sensibilidad qu\u00edmica m\u00faltiple\"},{\"@type\":\"BreadcrumbList\",\"@id\":\"https:\\\/\\\/alter-entorn.com\\\/ca\\\/que-es-la-sensibilitat-quimica-multiple\\\/#breadcrumb\",\"itemListElement\":[{\"@type\":\"ListItem\",\"position\":1,\"name\":\"Portada\",\"item\":\"https:\\\/\\\/alter-entorn.com\\\/ca\\\/\"},{\"@type\":\"ListItem\",\"position\":2,\"name\":\"QU\u00c8 \u00c9S LA SENSIBILITAT QU\u00cdMICA M\u00daLTIPLE?\"}]},{\"@type\":\"WebSite\",\"@id\":\"https:\\\/\\\/alter-entorn.com\\\/ca\\\/#website\",\"url\":\"https:\\\/\\\/alter-entorn.com\\\/ca\\\/\",\"name\":\"alter-entorn\",\"description\":\"Soluciones Microbiol\u00f3gicas probi\u00f3ticos\",\"publisher\":{\"@id\":\"https:\\\/\\\/alter-entorn.com\\\/ca\\\/#organization\"},\"potentialAction\":[{\"@type\":\"SearchAction\",\"target\":{\"@type\":\"EntryPoint\",\"urlTemplate\":\"https:\\\/\\\/alter-entorn.com\\\/ca\\\/?s={search_term_string}\"},\"query-input\":{\"@type\":\"PropertyValueSpecification\",\"valueRequired\":true,\"valueName\":\"search_term_string\"}}],\"inLanguage\":\"ca\"},{\"@type\":\"Organization\",\"@id\":\"https:\\\/\\\/alter-entorn.com\\\/ca\\\/#organization\",\"name\":\"alter-entorn\",\"url\":\"https:\\\/\\\/alter-entorn.com\\\/ca\\\/\",\"logo\":{\"@type\":\"ImageObject\",\"inLanguage\":\"ca\",\"@id\":\"https:\\\/\\\/alter-entorn.com\\\/ca\\\/#\\\/schema\\\/logo\\\/image\\\/\",\"url\":\"https:\\\/\\\/alter-entorn.com\\\/wp-content\\\/uploads\\\/2018\\\/10\\\/logo_alter_entorn-sin-texto-1.png\",\"contentUrl\":\"https:\\\/\\\/alter-entorn.com\\\/wp-content\\\/uploads\\\/2018\\\/10\\\/logo_alter_entorn-sin-texto-1.png\",\"width\":246,\"height\":68,\"caption\":\"alter-entorn\"},\"image\":{\"@id\":\"https:\\\/\\\/alter-entorn.com\\\/ca\\\/#\\\/schema\\\/logo\\\/image\\\/\"},\"sameAs\":[\"https:\\\/\\\/www.facebook.com\\\/alterentorn\\\/\",\"https:\\\/\\\/x.com\\\/alterentorn\"]},{\"@type\":\"Person\",\"@id\":\"https:\\\/\\\/alter-entorn.com\\\/ca\\\/#\\\/schema\\\/person\\\/038d634ba7da15974cd21b377dac47e7\",\"name\":\"Comandes\"}]}<\/script>\n<!-- \/ Yoast SEO plugin. -->","yoast_head_json":{"title":"QU\u00c8 \u00c9S LA SENSIBILITAT QU\u00cdMICA M\u00daLTIPLE? - alter-entorn","description":"Malaltia cr\u00f2nica que es caracteritza perque l'organisme ofereix una resposta negativa exagerada a determinades subst\u00e0ncies de l'ambient","robots":{"index":"index","follow":"follow","max-snippet":"max-snippet:-1","max-image-preview":"max-image-preview:large","max-video-preview":"max-video-preview:-1"},"canonical":"https:\/\/alter-entorn.com\/ca\/que-es-la-sensibilitat-quimica-multiple\/","og_locale":"ca_ES","og_type":"article","og_title":"QU\u00c8 \u00c9S LA SENSIBILITAT QU\u00cdMICA M\u00daLTIPLE? - alter-entorn","og_description":"Malaltia cr\u00f2nica que es caracteritza perque l'organisme ofereix una resposta negativa exagerada a determinades subst\u00e0ncies de l'ambient","og_url":"https:\/\/alter-entorn.com\/ca\/que-es-la-sensibilitat-quimica-multiple\/","og_site_name":"alter-entorn","article_publisher":"https:\/\/www.facebook.com\/alterentorn\/","article_published_time":"2019-10-14T10:32:10+00:00","og_image":[{"width":960,"height":637,"url":"https:\/\/alter-entorn.com\/wp-content\/uploads\/2019\/10\/sensibilidad-quimica-multiple.jpg","type":"image\/jpeg"}],"author":"Comandes","twitter_card":"summary_large_image","twitter_creator":"@alterentorn","twitter_site":"@alterentorn","twitter_misc":{"Escrit per":"Comandes","Temps estimat de lectura":"3 minuts"},"schema":{"@context":"https:\/\/schema.org","@graph":[{"@type":"Article","@id":"https:\/\/alter-entorn.com\/ca\/que-es-la-sensibilitat-quimica-multiple\/#article","isPartOf":{"@id":"https:\/\/alter-entorn.com\/ca\/que-es-la-sensibilitat-quimica-multiple\/"},"author":{"name":"Comandes","@id":"https:\/\/alter-entorn.com\/ca\/#\/schema\/person\/038d634ba7da15974cd21b377dac47e7"},"headline":"QU\u00c8 \u00c9S LA SENSIBILITAT QU\u00cdMICA M\u00daLTIPLE?","datePublished":"2019-10-14T10:32:10+00:00","mainEntityOfPage":{"@id":"https:\/\/alter-entorn.com\/ca\/que-es-la-sensibilitat-quimica-multiple\/"},"wordCount":614,"publisher":{"@id":"https:\/\/alter-entorn.com\/ca\/#organization"},"image":{"@id":"https:\/\/alter-entorn.com\/ca\/que-es-la-sensibilitat-quimica-multiple\/#primaryimage"},"thumbnailUrl":"https:\/\/alter-entorn.com\/wp-content\/uploads\/2019\/10\/sensibilidad-quimica-multiple.jpg","keywords":["sensibilitat quimica","sensibilitat quimica multiple","alergia quimica","alergia multiple","malaltia quimica","multialergia","hipersensibilitat","sqm","malaltia ambiental"],"articleSection":["SALUT I BENESTAR"],"inLanguage":"ca"},{"@type":"WebPage","@id":"https:\/\/alter-entorn.com\/ca\/que-es-la-sensibilitat-quimica-multiple\/","url":"https:\/\/alter-entorn.com\/ca\/que-es-la-sensibilitat-quimica-multiple\/","name":"QU\u00c8 \u00c9S LA SENSIBILITAT QU\u00cdMICA M\u00daLTIPLE? - alter-entorn","isPartOf":{"@id":"https:\/\/alter-entorn.com\/ca\/#website"},"primaryImageOfPage":{"@id":"https:\/\/alter-entorn.com\/ca\/que-es-la-sensibilitat-quimica-multiple\/#primaryimage"},"image":{"@id":"https:\/\/alter-entorn.com\/ca\/que-es-la-sensibilitat-quimica-multiple\/#primaryimage"},"thumbnailUrl":"https:\/\/alter-entorn.com\/wp-content\/uploads\/2019\/10\/sensibilidad-quimica-multiple.jpg","datePublished":"2019-10-14T10:32:10+00:00","description":"Malaltia cr\u00f2nica que es caracteritza perque l'organisme ofereix una resposta negativa exagerada a determinades subst\u00e0ncies de l'ambient","breadcrumb":{"@id":"https:\/\/alter-entorn.com\/ca\/que-es-la-sensibilitat-quimica-multiple\/#breadcrumb"},"inLanguage":"ca","potentialAction":[{"@type":"ReadAction","target":["https:\/\/alter-entorn.com\/ca\/que-es-la-sensibilitat-quimica-multiple\/"]}]},{"@type":"ImageObject","inLanguage":"ca","@id":"https:\/\/alter-entorn.com\/ca\/que-es-la-sensibilitat-quimica-multiple\/#primaryimage","url":"https:\/\/alter-entorn.com\/wp-content\/uploads\/2019\/10\/sensibilidad-quimica-multiple.jpg","contentUrl":"https:\/\/alter-entorn.com\/wp-content\/uploads\/2019\/10\/sensibilidad-quimica-multiple.jpg","width":960,"height":637,"caption":"Qu\u00e9 es la sensibilidad qu\u00edmica m\u00faltiple"},{"@type":"BreadcrumbList","@id":"https:\/\/alter-entorn.com\/ca\/que-es-la-sensibilitat-quimica-multiple\/#breadcrumb","itemListElement":[{"@type":"ListItem","position":1,"name":"Portada","item":"https:\/\/alter-entorn.com\/ca\/"},{"@type":"ListItem","position":2,"name":"QU\u00c8 \u00c9S LA SENSIBILITAT QU\u00cdMICA M\u00daLTIPLE?"}]},{"@type":"WebSite","@id":"https:\/\/alter-entorn.com\/ca\/#website","url":"https:\/\/alter-entorn.com\/ca\/","name":"alter-entorn","description":"Soluciones Microbiol\u00f3gicas probi\u00f3ticos","publisher":{"@id":"https:\/\/alter-entorn.com\/ca\/#organization"},"potentialAction":[{"@type":"SearchAction","target":{"@type":"EntryPoint","urlTemplate":"https:\/\/alter-entorn.com\/ca\/?s={search_term_string}"},"query-input":{"@type":"PropertyValueSpecification","valueRequired":true,"valueName":"search_term_string"}}],"inLanguage":"ca"},{"@type":"Organization","@id":"https:\/\/alter-entorn.com\/ca\/#organization","name":"alter-entorn","url":"https:\/\/alter-entorn.com\/ca\/","logo":{"@type":"ImageObject","inLanguage":"ca","@id":"https:\/\/alter-entorn.com\/ca\/#\/schema\/logo\/image\/","url":"https:\/\/alter-entorn.com\/wp-content\/uploads\/2018\/10\/logo_alter_entorn-sin-texto-1.png","contentUrl":"https:\/\/alter-entorn.com\/wp-content\/uploads\/2018\/10\/logo_alter_entorn-sin-texto-1.png","width":246,"height":68,"caption":"alter-entorn"},"image":{"@id":"https:\/\/alter-entorn.com\/ca\/#\/schema\/logo\/image\/"},"sameAs":["https:\/\/www.facebook.com\/alterentorn\/","https:\/\/x.com\/alterentorn"]},{"@type":"Person","@id":"https:\/\/alter-entorn.com\/ca\/#\/schema\/person\/038d634ba7da15974cd21b377dac47e7","name":"Comandes"}]}},"_links":{"self":[{"href":"https:\/\/alter-entorn.com\/ca\/wp-json\/wp\/v2\/posts\/7266","targetHints":{"allow":["GET"]}}],"collection":[{"href":"https:\/\/alter-entorn.com\/ca\/wp-json\/wp\/v2\/posts"}],"about":[{"href":"https:\/\/alter-entorn.com\/ca\/wp-json\/wp\/v2\/types\/post"}],"author":[{"embeddable":true,"href":"https:\/\/alter-entorn.com\/ca\/wp-json\/wp\/v2\/users\/3"}],"replies":[{"embeddable":true,"href":"https:\/\/alter-entorn.com\/ca\/wp-json\/wp\/v2\/comments?post=7266"}],"version-history":[{"count":0,"href":"https:\/\/alter-entorn.com\/ca\/wp-json\/wp\/v2\/posts\/7266\/revisions"}],"wp:featuredmedia":[{"embeddable":true,"href":"https:\/\/alter-entorn.com\/ca\/wp-json\/wp\/v2\/media\/7261"}],"wp:attachment":[{"href":"https:\/\/alter-entorn.com\/ca\/wp-json\/wp\/v2\/media?parent=7266"}],"wp:term":[{"taxonomy":"category","embeddable":true,"href":"https:\/\/alter-entorn.com\/ca\/wp-json\/wp\/v2\/categories?post=7266"},{"taxonomy":"post_tag","embeddable":true,"href":"https:\/\/alter-entorn.com\/ca\/wp-json\/wp\/v2\/tags?post=7266"}],"curies":[{"name":"wp","href":"https:\/\/api.w.org\/{rel}","templated":true}]}}