{"id":8390,"date":"2021-03-16T12:38:17","date_gmt":"2021-03-16T11:38:17","guid":{"rendered":"https:\/\/alter-entorn.com\/?p=8390"},"modified":"2021-10-26T10:00:45","modified_gmt":"2021-10-26T08:00:45","slug":"aquesta-primavera-parlem-de-probiotics-al-cop","status":"publish","type":"post","link":"https:\/\/alter-entorn.com\/ca\/aquesta-primavera-parlem-de-probiotics-al-cop\/","title":{"rendered":"Aquesta primavera parlem de probi\u00f2tics al &#8220;cop d&#8217;ull&#8221;"},"content":{"rendered":"\n<div class=\"wp-block-group alignwide\"><div class=\"wp-block-group__inner-container is-layout-flow wp-block-group-is-layout-flow\">\n<blockquote class=\"wp-block-quote has-text-align-center is-layout-flow wp-block-quote-is-layout-flow\"><p>Despr\u00e9s de tants anys lluitant contra les bact\u00e8ries, utilitzant productes agressius per la salut i el medi ambient, per fi ens adonem que el millor es fomentar la seva part positiva que va clarament al nostre favor!<\/p><\/blockquote>\n<\/div><\/div>\n\n\n\n<p><strong>Qu\u00e8 s\u00f3n els netejadors a base de probi\u00f2tics?<\/strong>&nbsp;<\/p>\n\n\n\n<p>Els netejadors a base de probi\u00f2tics contenen bact\u00e8ries beneficioses que afavoreixen la neteja i higienitzaci\u00f3. S\u00f3n microorganismes regeneratius degradadors de mat\u00e8ria org\u00e0nica (cel\u00b7lulosa, greix, prote\u00efnes),&nbsp; combinats amb olis essencials i enzims. No contenen productes qu\u00edmics sint\u00e8tics, no deixen cap residu nociu en les superf\u00edcies ni en l\u2019ambient. A m\u00e9s s\u00f3n efica\u00e7os a llarg termini, ja que segueixen descomponent la brut\u00edcia fins molt temps despr\u00e9s de la seva aplicaci\u00f3.<\/p>\n\n\n\n<div class=\"wp-block-media-text alignwide is-stacked-on-mobile\"><figure class=\"wp-block-media-text__media\"><img loading=\"lazy\" decoding=\"async\" width=\"479\" height=\"640\" src=\"https:\/\/alter-entorn.com\/wp-content\/uploads\/2021\/03\/portada-marc-21.jpg\" alt=\"\" class=\"wp-image-8404 size-full\" srcset=\"https:\/\/alter-entorn.com\/wp-content\/uploads\/2021\/03\/portada-marc-21.jpg 479w, https:\/\/alter-entorn.com\/wp-content\/uploads\/2021\/03\/portada-marc-21-225x300.jpg 225w\" sizes=\"auto, (max-width: 479px) 100vw, 479px\" \/><\/figure><div class=\"wp-block-media-text__content\">\n<p><strong>Com funcionen?<\/strong><\/p>\n\n\n\n<p><span class=\"has-inline-color has-black-color\">La neteja probi\u00f2tica parteix d\u2019aquest plantejament: la majoria de bact\u00e8ries i microorganismes s\u00f3n beneficiosos per la salut i el nostre entorn. Els microorganismes s\u00f3n a l\u2019origen de la vida, s\u00f3n presents en tots els processos de la natura i n\u2019hi ha ben pocs que siguin perjudicials o pat\u00f2gens. Aix\u00ed doncs no t\u00e9 cap sentit que quan netegem la nostra llar ho fem amb productes que tenen un efecte antibacteri\u00e0 que elimina tota la microbiologia de l\u2019ambient. Netejar \u00e9s treure la brut\u00edcia sense trencar l\u2019equilibri microbiol\u00f2gic d\u2019un ambient determinat.<\/span><\/p>\n\n\n\n<p><span class=\"has-inline-color has-black-color\">L\u2019\u00fas continuat de productes antibacterians \u00e9s dolent per la salut, afavoreix la resist\u00e8ncia microbiana, no permet una millor neteja i contamina el medi ambient. Els netejadors a base de probi\u00f2tics estan canviant el concepte de neteja i higienitzaci\u00f3 donat el seu alt poder de neteja, d\u2019estalvi de temps i diners i per ser respectuosos amb el planeta.<\/span><\/p>\n\n\n\n<p><span class=\"has-inline-color has-black-color\"><\/span><\/p>\n\n\n\n<p><\/p>\n<\/div><\/div>\n\n\n\n<p><strong><span class=\"has-inline-color has-black-color\">Quins avantatges t\u00e9 la neteja probi\u00f2tica?<\/span><\/strong><\/p>\n\n\n\n<p>\u00c9s efica\u00e7 ja despr\u00e9s de la seva aplicaci\u00f3,\u00a0 els microorganismes segueixen degradant la brut\u00edcia durant molt de temps.<\/p>\n\n\n\n<p>\u00c9s econ\u00f2mica, els productes s\u00f3n concentrats, es barregen amb aigua. Amb mig litre de producte es poden reomplir fins a cent esprais de neteja. Reduint aix\u00ed espai d\u2019emmagatzematge, cost de transport i envasos.<\/p>\n\n\n\n<p>\u00c9s ecol\u00f2gica: t\u00e9 un impacte mediambiental molt baix tant en la seva producci\u00f3 com en la seva aplicaci\u00f3. No es necessita cap protecci\u00f3 per la seva utilitzaci\u00f3, no \u00e9s nociu ni irritant per les persones i els animals. L\u2019aigua residual no contamina els aq\u00fc\u00edfers, \u00e9s m\u00e9s \u00e9s beneficiosa per regar el jard\u00ed o per mantenir les canonades netes i sense males olors. Les subst\u00e0ncies que genera tenen un efecte positiu pel medi ambient.<\/p>\n\n\n\n<p>\u00c9s saludable i segura. La neteja a base de probi\u00f2tics no genera resist\u00e8ncia microbiana, mant\u00e9 el bon equilibri microbi\u00e0 de l\u2019ambient inhabilitant els pat\u00f2gens. Els microorganismes beneficiosos treballen en harmonia amb la natura generant un ambient favorable a la vida.<\/p>\n\n\n\n<p>Espais nets durant m\u00e9s temps i lliures de qu\u00edmics nocius!<\/p>\n","protected":false},"excerpt":{"rendered":"<p>Despr\u00e9s de tants anys lluitant contra les bact\u00e8ries, utilitzant productes agressius per la salut i el medi ambient, per fi ens adonem que el millor es fomentar la seva part positiva que va clarament al nostre favor! Qu\u00e8 s\u00f3n els netejadors a base de probi\u00f2tics?&nbsp; Els netejadors a base de probi\u00f2tics contenen bact\u00e8ries beneficioses que [&hellip;]<\/p>\n","protected":false},"author":3,"featured_media":8399,"comment_status":"closed","ping_status":"closed","sticky":false,"template":"","format":"standard","meta":{"_joinchat":[],"footnotes":""},"categories":[96],"tags":[],"class_list":["post-8390","post","type-post","status-publish","format-standard","has-post-thumbnail","hentry","category-salud-y-bienestar"],"yoast_head":"<!-- This site is optimized with the Yoast SEO plugin v27.4 - https:\/\/yoast.com\/product\/yoast-seo-wordpress\/ -->\n<title>Aquesta primavera parlem de probi\u00f2tics al &quot;cop d&#039;ull&quot; - alter-entorn<\/title>\n<meta name=\"description\" content=\"limpieza probi\u00f3tica, saludable, regenerativa, limpieza ecologica, limpieza sostenible, limpieza saludable, limpieza libre de qu\u00edmicos\" \/>\n<meta name=\"robots\" content=\"index, follow, max-snippet:-1, max-image-preview:large, max-video-preview:-1\" \/>\n<link rel=\"canonical\" href=\"https:\/\/alter-entorn.com\/ca\/aquesta-primavera-parlem-de-probiotics-al-cop\/\" \/>\n<meta property=\"og:locale\" content=\"ca_ES\" \/>\n<meta property=\"og:type\" content=\"article\" \/>\n<meta property=\"og:title\" content=\"Aquesta primavera parlem de probi\u00f2tics al &quot;cop d&#039;ull&quot; - alter-entorn\" \/>\n<meta property=\"og:description\" content=\"limpieza probi\u00f3tica, saludable, regenerativa, limpieza ecologica, limpieza sostenible, limpieza saludable, limpieza libre de qu\u00edmicos\" \/>\n<meta property=\"og:url\" content=\"https:\/\/alter-entorn.com\/ca\/aquesta-primavera-parlem-de-probiotics-al-cop\/\" \/>\n<meta property=\"og:site_name\" content=\"alter-entorn\" \/>\n<meta property=\"article:publisher\" content=\"https:\/\/www.facebook.com\/alterentorn\/\" \/>\n<meta property=\"article:published_time\" content=\"2021-03-16T11:38:17+00:00\" \/>\n<meta property=\"article:modified_time\" content=\"2021-10-26T08:00:45+00:00\" \/>\n<meta property=\"og:image\" content=\"https:\/\/alter-entorn.com\/wp-content\/uploads\/2021\/03\/article-sol.jpg\" \/>\n\t<meta property=\"og:image:width\" content=\"2016\" \/>\n\t<meta property=\"og:image:height\" content=\"1512\" \/>\n\t<meta property=\"og:image:type\" content=\"image\/jpeg\" \/>\n<meta name=\"author\" content=\"Comandes\" \/>\n<meta name=\"twitter:card\" content=\"summary_large_image\" \/>\n<meta name=\"twitter:creator\" content=\"@alterentorn\" \/>\n<meta name=\"twitter:site\" content=\"@alterentorn\" \/>\n<meta name=\"twitter:label1\" content=\"Escrit per\" \/>\n\t<meta name=\"twitter:data1\" content=\"Comandes\" \/>\n\t<meta name=\"twitter:label2\" content=\"Temps estimat de lectura\" \/>\n\t<meta name=\"twitter:data2\" content=\"3 minuts\" \/>\n<script type=\"application\/ld+json\" class=\"yoast-schema-graph\">{\"@context\":\"https:\\\/\\\/schema.org\",\"@graph\":[{\"@type\":\"Article\",\"@id\":\"https:\\\/\\\/alter-entorn.com\\\/ca\\\/aquesta-primavera-parlem-de-probiotics-al-cop\\\/#article\",\"isPartOf\":{\"@id\":\"https:\\\/\\\/alter-entorn.com\\\/ca\\\/aquesta-primavera-parlem-de-probiotics-al-cop\\\/\"},\"author\":{\"name\":\"Comandes\",\"@id\":\"https:\\\/\\\/alter-entorn.com\\\/ca\\\/#\\\/schema\\\/person\\\/038d634ba7da15974cd21b377dac47e7\"},\"headline\":\"Aquesta primavera parlem de probi\u00f2tics al &#8220;cop d&#8217;ull&#8221;\",\"datePublished\":\"2021-03-16T11:38:17+00:00\",\"dateModified\":\"2021-10-26T08:00:45+00:00\",\"mainEntityOfPage\":{\"@id\":\"https:\\\/\\\/alter-entorn.com\\\/ca\\\/aquesta-primavera-parlem-de-probiotics-al-cop\\\/\"},\"wordCount\":506,\"publisher\":{\"@id\":\"https:\\\/\\\/alter-entorn.com\\\/ca\\\/#organization\"},\"image\":{\"@id\":\"https:\\\/\\\/alter-entorn.com\\\/ca\\\/aquesta-primavera-parlem-de-probiotics-al-cop\\\/#primaryimage\"},\"thumbnailUrl\":\"https:\\\/\\\/alter-entorn.com\\\/wp-content\\\/uploads\\\/2021\\\/03\\\/article-sol.jpg\",\"articleSection\":[\"SALUD Y BIENESTAR\"],\"inLanguage\":\"ca\"},{\"@type\":\"WebPage\",\"@id\":\"https:\\\/\\\/alter-entorn.com\\\/ca\\\/aquesta-primavera-parlem-de-probiotics-al-cop\\\/\",\"url\":\"https:\\\/\\\/alter-entorn.com\\\/ca\\\/aquesta-primavera-parlem-de-probiotics-al-cop\\\/\",\"name\":\"Aquesta primavera parlem de probi\u00f2tics al \\\"cop d'ull\\\" - alter-entorn\",\"isPartOf\":{\"@id\":\"https:\\\/\\\/alter-entorn.com\\\/ca\\\/#website\"},\"primaryImageOfPage\":{\"@id\":\"https:\\\/\\\/alter-entorn.com\\\/ca\\\/aquesta-primavera-parlem-de-probiotics-al-cop\\\/#primaryimage\"},\"image\":{\"@id\":\"https:\\\/\\\/alter-entorn.com\\\/ca\\\/aquesta-primavera-parlem-de-probiotics-al-cop\\\/#primaryimage\"},\"thumbnailUrl\":\"https:\\\/\\\/alter-entorn.com\\\/wp-content\\\/uploads\\\/2021\\\/03\\\/article-sol.jpg\",\"datePublished\":\"2021-03-16T11:38:17+00:00\",\"dateModified\":\"2021-10-26T08:00:45+00:00\",\"description\":\"limpieza probi\u00f3tica, saludable, regenerativa, limpieza ecologica, limpieza sostenible, limpieza saludable, limpieza libre de qu\u00edmicos\",\"breadcrumb\":{\"@id\":\"https:\\\/\\\/alter-entorn.com\\\/ca\\\/aquesta-primavera-parlem-de-probiotics-al-cop\\\/#breadcrumb\"},\"inLanguage\":\"ca\",\"potentialAction\":[{\"@type\":\"ReadAction\",\"target\":[\"https:\\\/\\\/alter-entorn.com\\\/ca\\\/aquesta-primavera-parlem-de-probiotics-al-cop\\\/\"]}]},{\"@type\":\"ImageObject\",\"inLanguage\":\"ca\",\"@id\":\"https:\\\/\\\/alter-entorn.com\\\/ca\\\/aquesta-primavera-parlem-de-probiotics-al-cop\\\/#primaryimage\",\"url\":\"https:\\\/\\\/alter-entorn.com\\\/wp-content\\\/uploads\\\/2021\\\/03\\\/article-sol.jpg\",\"contentUrl\":\"https:\\\/\\\/alter-entorn.com\\\/wp-content\\\/uploads\\\/2021\\\/03\\\/article-sol.jpg\",\"width\":2016,\"height\":1512},{\"@type\":\"BreadcrumbList\",\"@id\":\"https:\\\/\\\/alter-entorn.com\\\/ca\\\/aquesta-primavera-parlem-de-probiotics-al-cop\\\/#breadcrumb\",\"itemListElement\":[{\"@type\":\"ListItem\",\"position\":1,\"name\":\"Portada\",\"item\":\"https:\\\/\\\/alter-entorn.com\\\/ca\\\/\"},{\"@type\":\"ListItem\",\"position\":2,\"name\":\"Aquesta primavera parlem de probi\u00f2tics al &#8220;cop d&#8217;ull&#8221;\"}]},{\"@type\":\"WebSite\",\"@id\":\"https:\\\/\\\/alter-entorn.com\\\/ca\\\/#website\",\"url\":\"https:\\\/\\\/alter-entorn.com\\\/ca\\\/\",\"name\":\"alter-entorn\",\"description\":\"Soluciones Microbiol\u00f3gicas probi\u00f3ticos\",\"publisher\":{\"@id\":\"https:\\\/\\\/alter-entorn.com\\\/ca\\\/#organization\"},\"potentialAction\":[{\"@type\":\"SearchAction\",\"target\":{\"@type\":\"EntryPoint\",\"urlTemplate\":\"https:\\\/\\\/alter-entorn.com\\\/ca\\\/?s={search_term_string}\"},\"query-input\":{\"@type\":\"PropertyValueSpecification\",\"valueRequired\":true,\"valueName\":\"search_term_string\"}}],\"inLanguage\":\"ca\"},{\"@type\":\"Organization\",\"@id\":\"https:\\\/\\\/alter-entorn.com\\\/ca\\\/#organization\",\"name\":\"alter-entorn\",\"url\":\"https:\\\/\\\/alter-entorn.com\\\/ca\\\/\",\"logo\":{\"@type\":\"ImageObject\",\"inLanguage\":\"ca\",\"@id\":\"https:\\\/\\\/alter-entorn.com\\\/ca\\\/#\\\/schema\\\/logo\\\/image\\\/\",\"url\":\"https:\\\/\\\/alter-entorn.com\\\/wp-content\\\/uploads\\\/2018\\\/10\\\/logo_alter_entorn-sin-texto-1.png\",\"contentUrl\":\"https:\\\/\\\/alter-entorn.com\\\/wp-content\\\/uploads\\\/2018\\\/10\\\/logo_alter_entorn-sin-texto-1.png\",\"width\":246,\"height\":68,\"caption\":\"alter-entorn\"},\"image\":{\"@id\":\"https:\\\/\\\/alter-entorn.com\\\/ca\\\/#\\\/schema\\\/logo\\\/image\\\/\"},\"sameAs\":[\"https:\\\/\\\/www.facebook.com\\\/alterentorn\\\/\",\"https:\\\/\\\/x.com\\\/alterentorn\"]},{\"@type\":\"Person\",\"@id\":\"https:\\\/\\\/alter-entorn.com\\\/ca\\\/#\\\/schema\\\/person\\\/038d634ba7da15974cd21b377dac47e7\",\"name\":\"Comandes\"}]}<\/script>\n<!-- \/ Yoast SEO plugin. -->","yoast_head_json":{"title":"Aquesta primavera parlem de probi\u00f2tics al \"cop d'ull\" - alter-entorn","description":"limpieza probi\u00f3tica, saludable, regenerativa, limpieza ecologica, limpieza sostenible, limpieza saludable, limpieza libre de qu\u00edmicos","robots":{"index":"index","follow":"follow","max-snippet":"max-snippet:-1","max-image-preview":"max-image-preview:large","max-video-preview":"max-video-preview:-1"},"canonical":"https:\/\/alter-entorn.com\/ca\/aquesta-primavera-parlem-de-probiotics-al-cop\/","og_locale":"ca_ES","og_type":"article","og_title":"Aquesta primavera parlem de probi\u00f2tics al \"cop d'ull\" - alter-entorn","og_description":"limpieza probi\u00f3tica, saludable, regenerativa, limpieza ecologica, limpieza sostenible, limpieza saludable, limpieza libre de qu\u00edmicos","og_url":"https:\/\/alter-entorn.com\/ca\/aquesta-primavera-parlem-de-probiotics-al-cop\/","og_site_name":"alter-entorn","article_publisher":"https:\/\/www.facebook.com\/alterentorn\/","article_published_time":"2021-03-16T11:38:17+00:00","article_modified_time":"2021-10-26T08:00:45+00:00","og_image":[{"width":2016,"height":1512,"url":"https:\/\/alter-entorn.com\/wp-content\/uploads\/2021\/03\/article-sol.jpg","type":"image\/jpeg"}],"author":"Comandes","twitter_card":"summary_large_image","twitter_creator":"@alterentorn","twitter_site":"@alterentorn","twitter_misc":{"Escrit per":"Comandes","Temps estimat de lectura":"3 minuts"},"schema":{"@context":"https:\/\/schema.org","@graph":[{"@type":"Article","@id":"https:\/\/alter-entorn.com\/ca\/aquesta-primavera-parlem-de-probiotics-al-cop\/#article","isPartOf":{"@id":"https:\/\/alter-entorn.com\/ca\/aquesta-primavera-parlem-de-probiotics-al-cop\/"},"author":{"name":"Comandes","@id":"https:\/\/alter-entorn.com\/ca\/#\/schema\/person\/038d634ba7da15974cd21b377dac47e7"},"headline":"Aquesta primavera parlem de probi\u00f2tics al &#8220;cop d&#8217;ull&#8221;","datePublished":"2021-03-16T11:38:17+00:00","dateModified":"2021-10-26T08:00:45+00:00","mainEntityOfPage":{"@id":"https:\/\/alter-entorn.com\/ca\/aquesta-primavera-parlem-de-probiotics-al-cop\/"},"wordCount":506,"publisher":{"@id":"https:\/\/alter-entorn.com\/ca\/#organization"},"image":{"@id":"https:\/\/alter-entorn.com\/ca\/aquesta-primavera-parlem-de-probiotics-al-cop\/#primaryimage"},"thumbnailUrl":"https:\/\/alter-entorn.com\/wp-content\/uploads\/2021\/03\/article-sol.jpg","articleSection":["SALUD Y BIENESTAR"],"inLanguage":"ca"},{"@type":"WebPage","@id":"https:\/\/alter-entorn.com\/ca\/aquesta-primavera-parlem-de-probiotics-al-cop\/","url":"https:\/\/alter-entorn.com\/ca\/aquesta-primavera-parlem-de-probiotics-al-cop\/","name":"Aquesta primavera parlem de probi\u00f2tics al \"cop d'ull\" - alter-entorn","isPartOf":{"@id":"https:\/\/alter-entorn.com\/ca\/#website"},"primaryImageOfPage":{"@id":"https:\/\/alter-entorn.com\/ca\/aquesta-primavera-parlem-de-probiotics-al-cop\/#primaryimage"},"image":{"@id":"https:\/\/alter-entorn.com\/ca\/aquesta-primavera-parlem-de-probiotics-al-cop\/#primaryimage"},"thumbnailUrl":"https:\/\/alter-entorn.com\/wp-content\/uploads\/2021\/03\/article-sol.jpg","datePublished":"2021-03-16T11:38:17+00:00","dateModified":"2021-10-26T08:00:45+00:00","description":"limpieza probi\u00f3tica, saludable, regenerativa, limpieza ecologica, limpieza sostenible, limpieza saludable, limpieza libre de qu\u00edmicos","breadcrumb":{"@id":"https:\/\/alter-entorn.com\/ca\/aquesta-primavera-parlem-de-probiotics-al-cop\/#breadcrumb"},"inLanguage":"ca","potentialAction":[{"@type":"ReadAction","target":["https:\/\/alter-entorn.com\/ca\/aquesta-primavera-parlem-de-probiotics-al-cop\/"]}]},{"@type":"ImageObject","inLanguage":"ca","@id":"https:\/\/alter-entorn.com\/ca\/aquesta-primavera-parlem-de-probiotics-al-cop\/#primaryimage","url":"https:\/\/alter-entorn.com\/wp-content\/uploads\/2021\/03\/article-sol.jpg","contentUrl":"https:\/\/alter-entorn.com\/wp-content\/uploads\/2021\/03\/article-sol.jpg","width":2016,"height":1512},{"@type":"BreadcrumbList","@id":"https:\/\/alter-entorn.com\/ca\/aquesta-primavera-parlem-de-probiotics-al-cop\/#breadcrumb","itemListElement":[{"@type":"ListItem","position":1,"name":"Portada","item":"https:\/\/alter-entorn.com\/ca\/"},{"@type":"ListItem","position":2,"name":"Aquesta primavera parlem de probi\u00f2tics al &#8220;cop d&#8217;ull&#8221;"}]},{"@type":"WebSite","@id":"https:\/\/alter-entorn.com\/ca\/#website","url":"https:\/\/alter-entorn.com\/ca\/","name":"alter-entorn","description":"Soluciones Microbiol\u00f3gicas probi\u00f3ticos","publisher":{"@id":"https:\/\/alter-entorn.com\/ca\/#organization"},"potentialAction":[{"@type":"SearchAction","target":{"@type":"EntryPoint","urlTemplate":"https:\/\/alter-entorn.com\/ca\/?s={search_term_string}"},"query-input":{"@type":"PropertyValueSpecification","valueRequired":true,"valueName":"search_term_string"}}],"inLanguage":"ca"},{"@type":"Organization","@id":"https:\/\/alter-entorn.com\/ca\/#organization","name":"alter-entorn","url":"https:\/\/alter-entorn.com\/ca\/","logo":{"@type":"ImageObject","inLanguage":"ca","@id":"https:\/\/alter-entorn.com\/ca\/#\/schema\/logo\/image\/","url":"https:\/\/alter-entorn.com\/wp-content\/uploads\/2018\/10\/logo_alter_entorn-sin-texto-1.png","contentUrl":"https:\/\/alter-entorn.com\/wp-content\/uploads\/2018\/10\/logo_alter_entorn-sin-texto-1.png","width":246,"height":68,"caption":"alter-entorn"},"image":{"@id":"https:\/\/alter-entorn.com\/ca\/#\/schema\/logo\/image\/"},"sameAs":["https:\/\/www.facebook.com\/alterentorn\/","https:\/\/x.com\/alterentorn"]},{"@type":"Person","@id":"https:\/\/alter-entorn.com\/ca\/#\/schema\/person\/038d634ba7da15974cd21b377dac47e7","name":"Comandes"}]}},"_links":{"self":[{"href":"https:\/\/alter-entorn.com\/ca\/wp-json\/wp\/v2\/posts\/8390","targetHints":{"allow":["GET"]}}],"collection":[{"href":"https:\/\/alter-entorn.com\/ca\/wp-json\/wp\/v2\/posts"}],"about":[{"href":"https:\/\/alter-entorn.com\/ca\/wp-json\/wp\/v2\/types\/post"}],"author":[{"embeddable":true,"href":"https:\/\/alter-entorn.com\/ca\/wp-json\/wp\/v2\/users\/3"}],"replies":[{"embeddable":true,"href":"https:\/\/alter-entorn.com\/ca\/wp-json\/wp\/v2\/comments?post=8390"}],"version-history":[{"count":0,"href":"https:\/\/alter-entorn.com\/ca\/wp-json\/wp\/v2\/posts\/8390\/revisions"}],"wp:featuredmedia":[{"embeddable":true,"href":"https:\/\/alter-entorn.com\/ca\/wp-json\/wp\/v2\/media\/8399"}],"wp:attachment":[{"href":"https:\/\/alter-entorn.com\/ca\/wp-json\/wp\/v2\/media?parent=8390"}],"wp:term":[{"taxonomy":"category","embeddable":true,"href":"https:\/\/alter-entorn.com\/ca\/wp-json\/wp\/v2\/categories?post=8390"},{"taxonomy":"post_tag","embeddable":true,"href":"https:\/\/alter-entorn.com\/ca\/wp-json\/wp\/v2\/tags?post=8390"}],"curies":[{"name":"wp","href":"https:\/\/api.w.org\/{rel}","templated":true}]}}