{"id":8552,"date":"2021-10-25T12:22:20","date_gmt":"2021-10-25T10:22:20","guid":{"rendered":"https:\/\/alter-entorn.com\/?p=8552"},"modified":"2021-10-25T12:22:23","modified_gmt":"2021-10-25T10:22:23","slug":"de-ego-a-eco-naturaleza-y-microbiologia-regenerativa","status":"publish","type":"post","link":"https:\/\/alter-entorn.com\/ca\/de-ego-a-eco-naturaleza-y-microbiologia-regenerativa\/","title":{"rendered":"D\u2019EGO a ECO canvi de paradigma"},"content":{"rendered":"\n<blockquote class=\"wp-block-quote is-layout-flow wp-block-quote-is-layout-flow\"><p>Felicitat, &nbsp;natura i microbiologia.<\/p><\/blockquote>\n\n\n\n<p>En una vida rodejada de tecnologia i suposades comoditats sembla que la desconnexi\u00f3 entre el m\u00f3n cognitiu i el m\u00f3n natural sigui cada cop m\u00e9s gran. La visi\u00f3 antropoc\u00e8ntrica que ens situa en el centre de totes les coses, sovint en un pla de superioritat, ens desconnecta de la nostra ess\u00e8ncia i de la relaci\u00f3 amb la natura. Necessitem un <strong>canvi de paradigma d\u00b4ego a eco. <\/strong>Som la \u00fanica esp\u00e8cie que destrueix el seu propi h\u00e0bitat, i amb ell el de la resta d\u2019\u00e9ssers. Necessitem noves estrat\u00e8gies que motivin les noves generacions a connectar amb la natura. Al final, \u00e9s la seva relaci\u00f3 amb la natura que determinar\u00e0 el futur.<\/p>\n\n\n\n<p>La connexi\u00f3 amb la natura \u00e9s una de les millors accions per millorar la nostra <strong>FELICITAT<\/strong>, la salut i el nostre entorn.&nbsp; El contacte amb la <strong>NATURA<\/strong> ens aporta felicitat i benestar independentment de l\u2019edat. Aquestes mateixes connexions s\u00f3n la clau per salvar el planeta. Existeixen en aquests moments grans contradiccions entre el que ens diuen qu\u00e8 hem de fer, el que pensem qu\u00e8 hem de fer i el que observem qu\u00e8 est\u00e0 passant&#8230; Moltes de les coses que se\u2019ns proposen promouen l\u2019individualisme, la competitivitat, la desigualtat, l\u2019allunyament de lo natural&#8230; Alhora ens arriben molts missatges de la necessitat de fer un canvi en la nostra manera de consumir, de produir fins i tot de relacionar-nos.<\/p>\n\n\n\n<p>Totes les activitat humanes tenen una repercussi\u00f3 directa en el medi ambient. Aqu\u00ed entra en joc &nbsp;la import\u00e0ncia de la <strong>MICROBIOLOGIA. <\/strong>Del total de microorganismes la majoria tenen papers imprescindibles per la vida. Els \u201corganismes superiors\u201d no podr\u00edem viure sense la funci\u00f3 que fan aquests \u00e9ssers microsc\u00f2pics. Nom\u00e9s els microorganismes podran ajudar-nos a regenerar el que ja hem fet malb\u00e9, perqu\u00e8 la natura t\u00e9 aquesta capacitat si la deixem treballar. De microorganismes n\u2019hi ha milions i estan a tot arreu. Intervenen en tots els processos de la vida, s\u00f3n regeneratius i tenen una gran capacitat d\u2019adaptaci\u00f3, sense les seves funcions la vida a la Terra seria inviable.<\/p>\n\n\n\n<p>Podem substituir la majoria dels qu\u00edmics nocius que fem servir en tots els \u00e0mbits de la vida per microbiologia. Tant en \u00fas dom\u00e8stic (probi\u00f2tics de neteja, probi\u00f2tics per la salut, cosm\u00e8tica&#8230;), com en agricultura (descontaminaci\u00f3 de s\u00f2ls, fixaci\u00f3 de nitr\u00f2gen, reincorporaci\u00f3 de mat\u00e8ria org\u00e0nica al s\u00f2l&#8230;), ramaderia (benestar animal, neteja d\u2019espais&#8230;) o la ind\u00fastria ( eliminaci\u00f3 de males olors i gasos nocius, tractament de residus, tractament d\u2019aig\u00fces brutes&#8230; ). La utilitzaci\u00f3 de microbiologia beneficiosa t\u00e9 molts avantatges per la salut i el medi, \u00e9s natural, eficient, econ\u00f2mica i regenerativa.<\/p>\n\n\n\n<p>Aqu\u00ed hi ha d\u2019haver un canvi!! Hem de saber que la nostra consci\u00e8ncia sempre pot escollir una de les m\u00faltiples possibilitats. Nosaltres escollim i creem la nostra pr\u00f2pia realitat. Aix\u00ed de senzill! Deixem d\u2019una vegada de pensar que estem en el centre de totes les coses. Mimetitzem-nos amb la natura, observem-la i treballem amb ella.<\/p>\n\n\n\n<p>&nbsp;La utilitzaci\u00f3 de microbiologia i probi\u00f2tics est\u00e0 en plena expansi\u00f3 i sembla el cam\u00ed m\u00e9s l\u00f2gic i natural per aquest canvi necessari d\u2019<strong>ego a eco. <\/strong>Som natura i estem tots els \u00e9ssers connectats, i sotmesos a les lleis naturals per molt antropoc\u00e8ntrics que siguem. Aix\u00ed que en totes les accions del dia a dia siguem actius i conscients, adoptem la visi\u00f3 eco. La del respecte, l\u2019empatia, l\u2019harmonia, la vitalitat, la col\u00b7laboraci\u00f3, la regeneraci\u00f3, la creativitat&#8230; l\u2019AMOR.<\/p>\n","protected":false},"excerpt":{"rendered":"<p>Felicitat, &nbsp;natura i microbiologia. En una vida rodejada de tecnologia i suposades comoditats sembla que la desconnexi\u00f3 entre el m\u00f3n cognitiu i el m\u00f3n natural sigui cada cop m\u00e9s gran. La visi\u00f3 antropoc\u00e8ntrica que ens situa en el centre de totes les coses, sovint en un pla de superioritat, ens desconnecta de la nostra ess\u00e8ncia [&hellip;]<\/p>\n","protected":false},"author":3,"featured_media":8555,"comment_status":"closed","ping_status":"closed","sticky":false,"template":"","format":"standard","meta":{"_joinchat":[],"footnotes":""},"categories":[96],"tags":[3152,3153,3154],"class_list":["post-8552","post","type-post","status-publish","format-standard","has-post-thumbnail","hentry","category-salud-y-bienestar","tag-naturaleza","tag-microbiologia-beneficiosa","tag-agricultura-regenerativa"],"yoast_head":"<!-- This site is optimized with the Yoast SEO plugin v27.4 - https:\/\/yoast.com\/product\/yoast-seo-wordpress\/ -->\n<title>Ecologia, naturaleza, felicidad, microbilogiaD\u2019EGO a ECO canvi de paradigma - alter-entorn<\/title>\n<meta name=\"description\" content=\"Cambio de paradigma, de ego a eco, dejar el antropocentrismo y dar espacio a la naturaleza. naturaleza, ecologia, agricultura regenerativa, microbiologia beneficiosa\" \/>\n<meta name=\"robots\" content=\"index, follow, max-snippet:-1, max-image-preview:large, max-video-preview:-1\" \/>\n<link rel=\"canonical\" href=\"https:\/\/alter-entorn.com\/ca\/de-ego-a-eco-naturaleza-y-microbiologia-regenerativa\/\" \/>\n<meta property=\"og:locale\" content=\"ca_ES\" \/>\n<meta property=\"og:type\" content=\"article\" \/>\n<meta property=\"og:title\" content=\"Ecologia, naturaleza, felicidad, microbilogiaD\u2019EGO a ECO canvi de paradigma - alter-entorn\" \/>\n<meta property=\"og:description\" content=\"Cambio de paradigma, de ego a eco, dejar el antropocentrismo y dar espacio a la naturaleza. naturaleza, ecologia, agricultura regenerativa, microbiologia beneficiosa\" \/>\n<meta property=\"og:url\" content=\"https:\/\/alter-entorn.com\/ca\/de-ego-a-eco-naturaleza-y-microbiologia-regenerativa\/\" \/>\n<meta property=\"og:site_name\" content=\"alter-entorn\" \/>\n<meta property=\"article:publisher\" content=\"https:\/\/www.facebook.com\/alterentorn\/\" \/>\n<meta property=\"article:published_time\" content=\"2021-10-25T10:22:20+00:00\" \/>\n<meta property=\"article:modified_time\" content=\"2021-10-25T10:22:23+00:00\" \/>\n<meta property=\"og:image\" content=\"https:\/\/alter-entorn.com\/wp-content\/uploads\/2021\/09\/PAISATGE-CASA.jpg\" \/>\n\t<meta property=\"og:image:width\" content=\"640\" \/>\n\t<meta property=\"og:image:height\" content=\"480\" \/>\n\t<meta property=\"og:image:type\" content=\"image\/jpeg\" \/>\n<meta name=\"author\" content=\"Comandes\" \/>\n<meta name=\"twitter:card\" content=\"summary_large_image\" \/>\n<meta name=\"twitter:creator\" content=\"@alterentorn\" \/>\n<meta name=\"twitter:site\" content=\"@alterentorn\" \/>\n<meta name=\"twitter:label1\" content=\"Escrit per\" \/>\n\t<meta name=\"twitter:data1\" content=\"Comandes\" \/>\n\t<meta name=\"twitter:label2\" content=\"Temps estimat de lectura\" \/>\n\t<meta name=\"twitter:data2\" content=\"3 minuts\" \/>\n<script type=\"application\/ld+json\" class=\"yoast-schema-graph\">{\"@context\":\"https:\\\/\\\/schema.org\",\"@graph\":[{\"@type\":\"Article\",\"@id\":\"https:\\\/\\\/alter-entorn.com\\\/ca\\\/de-ego-a-eco-naturaleza-y-microbiologia-regenerativa\\\/#article\",\"isPartOf\":{\"@id\":\"https:\\\/\\\/alter-entorn.com\\\/ca\\\/de-ego-a-eco-naturaleza-y-microbiologia-regenerativa\\\/\"},\"author\":{\"name\":\"Comandes\",\"@id\":\"https:\\\/\\\/alter-entorn.com\\\/ca\\\/#\\\/schema\\\/person\\\/038d634ba7da15974cd21b377dac47e7\"},\"headline\":\"D\u2019EGO a ECO canvi de paradigma\",\"datePublished\":\"2021-10-25T10:22:20+00:00\",\"dateModified\":\"2021-10-25T10:22:23+00:00\",\"mainEntityOfPage\":{\"@id\":\"https:\\\/\\\/alter-entorn.com\\\/ca\\\/de-ego-a-eco-naturaleza-y-microbiologia-regenerativa\\\/\"},\"wordCount\":617,\"publisher\":{\"@id\":\"https:\\\/\\\/alter-entorn.com\\\/ca\\\/#organization\"},\"image\":{\"@id\":\"https:\\\/\\\/alter-entorn.com\\\/ca\\\/de-ego-a-eco-naturaleza-y-microbiologia-regenerativa\\\/#primaryimage\"},\"thumbnailUrl\":\"https:\\\/\\\/alter-entorn.com\\\/wp-content\\\/uploads\\\/2021\\\/09\\\/PAISATGE-CASA.jpg\",\"keywords\":[\"Naturaleza\",\"microbiologia beneficiosa\",\"agricultura regenerativa\"],\"articleSection\":[\"SALUD Y BIENESTAR\"],\"inLanguage\":\"ca\"},{\"@type\":\"WebPage\",\"@id\":\"https:\\\/\\\/alter-entorn.com\\\/ca\\\/de-ego-a-eco-naturaleza-y-microbiologia-regenerativa\\\/\",\"url\":\"https:\\\/\\\/alter-entorn.com\\\/ca\\\/de-ego-a-eco-naturaleza-y-microbiologia-regenerativa\\\/\",\"name\":\"Ecologia, naturaleza, felicidad, microbilogiaD\u2019EGO a ECO canvi de paradigma - alter-entorn\",\"isPartOf\":{\"@id\":\"https:\\\/\\\/alter-entorn.com\\\/ca\\\/#website\"},\"primaryImageOfPage\":{\"@id\":\"https:\\\/\\\/alter-entorn.com\\\/ca\\\/de-ego-a-eco-naturaleza-y-microbiologia-regenerativa\\\/#primaryimage\"},\"image\":{\"@id\":\"https:\\\/\\\/alter-entorn.com\\\/ca\\\/de-ego-a-eco-naturaleza-y-microbiologia-regenerativa\\\/#primaryimage\"},\"thumbnailUrl\":\"https:\\\/\\\/alter-entorn.com\\\/wp-content\\\/uploads\\\/2021\\\/09\\\/PAISATGE-CASA.jpg\",\"datePublished\":\"2021-10-25T10:22:20+00:00\",\"dateModified\":\"2021-10-25T10:22:23+00:00\",\"description\":\"Cambio de paradigma, de ego a eco, dejar el antropocentrismo y dar espacio a la naturaleza. naturaleza, ecologia, agricultura regenerativa, microbiologia beneficiosa\",\"breadcrumb\":{\"@id\":\"https:\\\/\\\/alter-entorn.com\\\/ca\\\/de-ego-a-eco-naturaleza-y-microbiologia-regenerativa\\\/#breadcrumb\"},\"inLanguage\":\"ca\",\"potentialAction\":[{\"@type\":\"ReadAction\",\"target\":[\"https:\\\/\\\/alter-entorn.com\\\/ca\\\/de-ego-a-eco-naturaleza-y-microbiologia-regenerativa\\\/\"]}]},{\"@type\":\"ImageObject\",\"inLanguage\":\"ca\",\"@id\":\"https:\\\/\\\/alter-entorn.com\\\/ca\\\/de-ego-a-eco-naturaleza-y-microbiologia-regenerativa\\\/#primaryimage\",\"url\":\"https:\\\/\\\/alter-entorn.com\\\/wp-content\\\/uploads\\\/2021\\\/09\\\/PAISATGE-CASA.jpg\",\"contentUrl\":\"https:\\\/\\\/alter-entorn.com\\\/wp-content\\\/uploads\\\/2021\\\/09\\\/PAISATGE-CASA.jpg\",\"width\":640,\"height\":480},{\"@type\":\"BreadcrumbList\",\"@id\":\"https:\\\/\\\/alter-entorn.com\\\/ca\\\/de-ego-a-eco-naturaleza-y-microbiologia-regenerativa\\\/#breadcrumb\",\"itemListElement\":[{\"@type\":\"ListItem\",\"position\":1,\"name\":\"Portada\",\"item\":\"https:\\\/\\\/alter-entorn.com\\\/ca\\\/\"},{\"@type\":\"ListItem\",\"position\":2,\"name\":\"D\u2019EGO a ECO canvi de paradigma\"}]},{\"@type\":\"WebSite\",\"@id\":\"https:\\\/\\\/alter-entorn.com\\\/ca\\\/#website\",\"url\":\"https:\\\/\\\/alter-entorn.com\\\/ca\\\/\",\"name\":\"alter-entorn\",\"description\":\"Soluciones Microbiol\u00f3gicas probi\u00f3ticos\",\"publisher\":{\"@id\":\"https:\\\/\\\/alter-entorn.com\\\/ca\\\/#organization\"},\"potentialAction\":[{\"@type\":\"SearchAction\",\"target\":{\"@type\":\"EntryPoint\",\"urlTemplate\":\"https:\\\/\\\/alter-entorn.com\\\/ca\\\/?s={search_term_string}\"},\"query-input\":{\"@type\":\"PropertyValueSpecification\",\"valueRequired\":true,\"valueName\":\"search_term_string\"}}],\"inLanguage\":\"ca\"},{\"@type\":\"Organization\",\"@id\":\"https:\\\/\\\/alter-entorn.com\\\/ca\\\/#organization\",\"name\":\"alter-entorn\",\"url\":\"https:\\\/\\\/alter-entorn.com\\\/ca\\\/\",\"logo\":{\"@type\":\"ImageObject\",\"inLanguage\":\"ca\",\"@id\":\"https:\\\/\\\/alter-entorn.com\\\/ca\\\/#\\\/schema\\\/logo\\\/image\\\/\",\"url\":\"https:\\\/\\\/alter-entorn.com\\\/wp-content\\\/uploads\\\/2018\\\/10\\\/logo_alter_entorn-sin-texto-1.png\",\"contentUrl\":\"https:\\\/\\\/alter-entorn.com\\\/wp-content\\\/uploads\\\/2018\\\/10\\\/logo_alter_entorn-sin-texto-1.png\",\"width\":246,\"height\":68,\"caption\":\"alter-entorn\"},\"image\":{\"@id\":\"https:\\\/\\\/alter-entorn.com\\\/ca\\\/#\\\/schema\\\/logo\\\/image\\\/\"},\"sameAs\":[\"https:\\\/\\\/www.facebook.com\\\/alterentorn\\\/\",\"https:\\\/\\\/x.com\\\/alterentorn\"]},{\"@type\":\"Person\",\"@id\":\"https:\\\/\\\/alter-entorn.com\\\/ca\\\/#\\\/schema\\\/person\\\/038d634ba7da15974cd21b377dac47e7\",\"name\":\"Comandes\"}]}<\/script>\n<!-- \/ Yoast SEO plugin. -->","yoast_head_json":{"title":"Ecologia, naturaleza, felicidad, microbilogiaD\u2019EGO a ECO canvi de paradigma - alter-entorn","description":"Cambio de paradigma, de ego a eco, dejar el antropocentrismo y dar espacio a la naturaleza. naturaleza, ecologia, agricultura regenerativa, microbiologia beneficiosa","robots":{"index":"index","follow":"follow","max-snippet":"max-snippet:-1","max-image-preview":"max-image-preview:large","max-video-preview":"max-video-preview:-1"},"canonical":"https:\/\/alter-entorn.com\/ca\/de-ego-a-eco-naturaleza-y-microbiologia-regenerativa\/","og_locale":"ca_ES","og_type":"article","og_title":"Ecologia, naturaleza, felicidad, microbilogiaD\u2019EGO a ECO canvi de paradigma - alter-entorn","og_description":"Cambio de paradigma, de ego a eco, dejar el antropocentrismo y dar espacio a la naturaleza. naturaleza, ecologia, agricultura regenerativa, microbiologia beneficiosa","og_url":"https:\/\/alter-entorn.com\/ca\/de-ego-a-eco-naturaleza-y-microbiologia-regenerativa\/","og_site_name":"alter-entorn","article_publisher":"https:\/\/www.facebook.com\/alterentorn\/","article_published_time":"2021-10-25T10:22:20+00:00","article_modified_time":"2021-10-25T10:22:23+00:00","og_image":[{"width":640,"height":480,"url":"https:\/\/alter-entorn.com\/wp-content\/uploads\/2021\/09\/PAISATGE-CASA.jpg","type":"image\/jpeg"}],"author":"Comandes","twitter_card":"summary_large_image","twitter_creator":"@alterentorn","twitter_site":"@alterentorn","twitter_misc":{"Escrit per":"Comandes","Temps estimat de lectura":"3 minuts"},"schema":{"@context":"https:\/\/schema.org","@graph":[{"@type":"Article","@id":"https:\/\/alter-entorn.com\/ca\/de-ego-a-eco-naturaleza-y-microbiologia-regenerativa\/#article","isPartOf":{"@id":"https:\/\/alter-entorn.com\/ca\/de-ego-a-eco-naturaleza-y-microbiologia-regenerativa\/"},"author":{"name":"Comandes","@id":"https:\/\/alter-entorn.com\/ca\/#\/schema\/person\/038d634ba7da15974cd21b377dac47e7"},"headline":"D\u2019EGO a ECO canvi de paradigma","datePublished":"2021-10-25T10:22:20+00:00","dateModified":"2021-10-25T10:22:23+00:00","mainEntityOfPage":{"@id":"https:\/\/alter-entorn.com\/ca\/de-ego-a-eco-naturaleza-y-microbiologia-regenerativa\/"},"wordCount":617,"publisher":{"@id":"https:\/\/alter-entorn.com\/ca\/#organization"},"image":{"@id":"https:\/\/alter-entorn.com\/ca\/de-ego-a-eco-naturaleza-y-microbiologia-regenerativa\/#primaryimage"},"thumbnailUrl":"https:\/\/alter-entorn.com\/wp-content\/uploads\/2021\/09\/PAISATGE-CASA.jpg","keywords":["Naturaleza","microbiologia beneficiosa","agricultura regenerativa"],"articleSection":["SALUD Y BIENESTAR"],"inLanguage":"ca"},{"@type":"WebPage","@id":"https:\/\/alter-entorn.com\/ca\/de-ego-a-eco-naturaleza-y-microbiologia-regenerativa\/","url":"https:\/\/alter-entorn.com\/ca\/de-ego-a-eco-naturaleza-y-microbiologia-regenerativa\/","name":"Ecologia, naturaleza, felicidad, microbilogiaD\u2019EGO a ECO canvi de paradigma - alter-entorn","isPartOf":{"@id":"https:\/\/alter-entorn.com\/ca\/#website"},"primaryImageOfPage":{"@id":"https:\/\/alter-entorn.com\/ca\/de-ego-a-eco-naturaleza-y-microbiologia-regenerativa\/#primaryimage"},"image":{"@id":"https:\/\/alter-entorn.com\/ca\/de-ego-a-eco-naturaleza-y-microbiologia-regenerativa\/#primaryimage"},"thumbnailUrl":"https:\/\/alter-entorn.com\/wp-content\/uploads\/2021\/09\/PAISATGE-CASA.jpg","datePublished":"2021-10-25T10:22:20+00:00","dateModified":"2021-10-25T10:22:23+00:00","description":"Cambio de paradigma, de ego a eco, dejar el antropocentrismo y dar espacio a la naturaleza. naturaleza, ecologia, agricultura regenerativa, microbiologia beneficiosa","breadcrumb":{"@id":"https:\/\/alter-entorn.com\/ca\/de-ego-a-eco-naturaleza-y-microbiologia-regenerativa\/#breadcrumb"},"inLanguage":"ca","potentialAction":[{"@type":"ReadAction","target":["https:\/\/alter-entorn.com\/ca\/de-ego-a-eco-naturaleza-y-microbiologia-regenerativa\/"]}]},{"@type":"ImageObject","inLanguage":"ca","@id":"https:\/\/alter-entorn.com\/ca\/de-ego-a-eco-naturaleza-y-microbiologia-regenerativa\/#primaryimage","url":"https:\/\/alter-entorn.com\/wp-content\/uploads\/2021\/09\/PAISATGE-CASA.jpg","contentUrl":"https:\/\/alter-entorn.com\/wp-content\/uploads\/2021\/09\/PAISATGE-CASA.jpg","width":640,"height":480},{"@type":"BreadcrumbList","@id":"https:\/\/alter-entorn.com\/ca\/de-ego-a-eco-naturaleza-y-microbiologia-regenerativa\/#breadcrumb","itemListElement":[{"@type":"ListItem","position":1,"name":"Portada","item":"https:\/\/alter-entorn.com\/ca\/"},{"@type":"ListItem","position":2,"name":"D\u2019EGO a ECO canvi de paradigma"}]},{"@type":"WebSite","@id":"https:\/\/alter-entorn.com\/ca\/#website","url":"https:\/\/alter-entorn.com\/ca\/","name":"alter-entorn","description":"Soluciones Microbiol\u00f3gicas probi\u00f3ticos","publisher":{"@id":"https:\/\/alter-entorn.com\/ca\/#organization"},"potentialAction":[{"@type":"SearchAction","target":{"@type":"EntryPoint","urlTemplate":"https:\/\/alter-entorn.com\/ca\/?s={search_term_string}"},"query-input":{"@type":"PropertyValueSpecification","valueRequired":true,"valueName":"search_term_string"}}],"inLanguage":"ca"},{"@type":"Organization","@id":"https:\/\/alter-entorn.com\/ca\/#organization","name":"alter-entorn","url":"https:\/\/alter-entorn.com\/ca\/","logo":{"@type":"ImageObject","inLanguage":"ca","@id":"https:\/\/alter-entorn.com\/ca\/#\/schema\/logo\/image\/","url":"https:\/\/alter-entorn.com\/wp-content\/uploads\/2018\/10\/logo_alter_entorn-sin-texto-1.png","contentUrl":"https:\/\/alter-entorn.com\/wp-content\/uploads\/2018\/10\/logo_alter_entorn-sin-texto-1.png","width":246,"height":68,"caption":"alter-entorn"},"image":{"@id":"https:\/\/alter-entorn.com\/ca\/#\/schema\/logo\/image\/"},"sameAs":["https:\/\/www.facebook.com\/alterentorn\/","https:\/\/x.com\/alterentorn"]},{"@type":"Person","@id":"https:\/\/alter-entorn.com\/ca\/#\/schema\/person\/038d634ba7da15974cd21b377dac47e7","name":"Comandes"}]}},"_links":{"self":[{"href":"https:\/\/alter-entorn.com\/ca\/wp-json\/wp\/v2\/posts\/8552","targetHints":{"allow":["GET"]}}],"collection":[{"href":"https:\/\/alter-entorn.com\/ca\/wp-json\/wp\/v2\/posts"}],"about":[{"href":"https:\/\/alter-entorn.com\/ca\/wp-json\/wp\/v2\/types\/post"}],"author":[{"embeddable":true,"href":"https:\/\/alter-entorn.com\/ca\/wp-json\/wp\/v2\/users\/3"}],"replies":[{"embeddable":true,"href":"https:\/\/alter-entorn.com\/ca\/wp-json\/wp\/v2\/comments?post=8552"}],"version-history":[{"count":0,"href":"https:\/\/alter-entorn.com\/ca\/wp-json\/wp\/v2\/posts\/8552\/revisions"}],"wp:featuredmedia":[{"embeddable":true,"href":"https:\/\/alter-entorn.com\/ca\/wp-json\/wp\/v2\/media\/8555"}],"wp:attachment":[{"href":"https:\/\/alter-entorn.com\/ca\/wp-json\/wp\/v2\/media?parent=8552"}],"wp:term":[{"taxonomy":"category","embeddable":true,"href":"https:\/\/alter-entorn.com\/ca\/wp-json\/wp\/v2\/categories?post=8552"},{"taxonomy":"post_tag","embeddable":true,"href":"https:\/\/alter-entorn.com\/ca\/wp-json\/wp\/v2\/tags?post=8552"}],"curies":[{"name":"wp","href":"https:\/\/api.w.org\/{rel}","templated":true}]}}