{"id":10733,"date":"2025-10-27T14:24:05","date_gmt":"2025-10-27T12:24:05","guid":{"rendered":"https:\/\/alter-entorn.com\/?p=10733"},"modified":"2025-10-27T14:24:07","modified_gmt":"2025-10-27T12:24:07","slug":"supplements-probiotiques-dans-la-petite-enfance","status":"publish","type":"post","link":"https:\/\/alter-entorn.com\/fr\/supplements-probiotiques-dans-la-petite-enfance\/","title":{"rendered":"Suppl\u00e9ments probiotiques dans la petite enfance"},"content":{"rendered":"\n<h2 class=\"wp-block-heading\">La flore intestinale du nouveau-n\u00e9 est tr\u00e8s limit\u00e9e \u00e0 la naissance ; elle se d\u00e9veloppe progressivement gr\u00e2ce \u00e0 la transmission de micro-organismes entre le b\u00e9b\u00e9 et son environnement.<\/h2>\n\n\n\n<p class=\"has-text-align-left\">La flore intestinale du b\u00e9b\u00e9 est fortement influenc\u00e9e par le mode d&rsquo;accouchement et l&rsquo;allaitement, les processus naturels favorisant un microbiote plus diversifi\u00e9 et \u00e9quilibr\u00e9. Ainsi, l&rsquo;accouchement par voie basse permet d&rsquo;obtenir plus de micro-organismes dans le tube digestif du b\u00e9b\u00e9 que l&rsquo;accouchement par voie basse. L&rsquo;allaitement favorise le d\u00e9veloppement de bact\u00e9ries b\u00e9n\u00e9fiques, telles que les bifidobact\u00e9ries et les lactobacilles, qui nous prot\u00e8gent contre les maladies respiratoires et digestives. Lorsque l&rsquo;allaitement maternel n&rsquo;est pas possible ou que l&rsquo;on choisit une pr\u00e9paration pour nourrissons, il est important de veiller \u00e0 ce que celle-ci contienne diff\u00e9rentes souches de probiotiques.<br><br><\/p>\n\n\n\n<p class=\"has-text-align-left\">De m\u00eame, lors de l&rsquo;introduction d&rsquo;une alimentation compl\u00e9mentaire, il faut garder \u00e0 l&rsquo;esprit qu&rsquo;une carence en nutriments et en vitamines peut endommager la flore intestinale. Le microbiote de l&rsquo;enfant se stabilise vers l&rsquo;\u00e2ge de trois ans, d&rsquo;o\u00f9<a href=\"https:\/\/scptfe.com\/probioticos-en-pediatria\/\"> l&rsquo;importance de l&rsquo;apport de probiotiques sains d\u00e8s la petite enfance.<\/a> Cela lui permettra de d\u00e9velopper un microbiote riche, diversifi\u00e9, \u00e9quilibr\u00e9 et r\u00e9silient.<\/p>\n\n\n\n<h2 class=\"wp-block-heading has-text-align-left\">Comment renforcer le microbiote pendant l&rsquo;enfance ?<\/h2>\n\n\n\n<ul class=\"wp-block-list\">\n<li>\u2022 Une alimentation saine pour la m\u00e8re pendant la grossesse. <\/li>\n\n\n\n<li>\u2022 Privil\u00e9giez si possible un accouchement par voie basse. <\/li>\n\n\n\n<li>\u2022 Allaitement maternel exclusif pendant les 6 premiers mois, autant que possible. <\/li>\n\n\n\n<li>\u2022 Consommez des probiotiques sains<\/li>\n\n\n\n<li>\u2022 M\u00e2chez bien vos aliments.<\/li>\n\n\n\n<li>\u2022 Lavez-vous soigneusement les mains.<\/li>\n\n\n\n<li>\u2022 Mangez des fruits et l\u00e9gumes.<\/li>\n\n\n\n<li>\u2022 N&rsquo;utilisez des antibiotiques qu&rsquo;en cas de n\u00e9cessit\u00e9 absolue.<\/li>\n<\/ul>\n\n\n\n<h2 class=\"wp-block-heading\">Bienfaits des probiotiques pour la sant\u00e9 des enfants<\/h2>\n\n\n\n<p>Tous les probiotiques ne sont pas identiques et n&rsquo;agissent pas de la m\u00eame mani\u00e8re ; il est donc conseill\u00e9 de consulter un professionnel avant d&rsquo;en prendre. Mais en g\u00e9n\u00e9ral, sauf pour traiter un probl\u00e8me sp\u00e9cifique, les probiotiques liquides contenant diff\u00e9rentes souches de micro-organismes constituent une option \u00e9quilibr\u00e9e et saine qui soutient les fonctions de l&rsquo;organisme. Voici quelques-uns de leurs bienfaits :<br><\/p>\n\n\n\n<ul class=\"wp-block-list\">\n<li>\u2022 Am\u00e9lioration de la sant\u00e9 digestive : Aide \u00e0 maintenir un bon \u00e9quilibre bact\u00e9rien dans l\u2019intestin, ce qui peut contribuer \u00e0 pr\u00e9venir les troubles digestifs tels que la diarrh\u00e9e, la constipation, les gaz et les coliques chez les enfants.<\/li>\n\n\n\n<li>\u2022 Renforce le syst\u00e8me immunitaire : Renforce la fonction intestinale, contribuant ainsi \u00e0 pr\u00e9venir et \u00e0 r\u00e9duire l\u2019incidence des maladies respiratoires, de la grippe et des otites moyennes.<\/li>\n\n\n\n<li>\u2022 Pr\u00e9vient les infections intestinales : Aide \u00e0 pr\u00e9venir les infections intestinales caus\u00e9es par des bact\u00e9ries pathog\u00e8nes, car des micro-organismes b\u00e9n\u00e9fiques colonisent l\u2019intestin et neutralisent les bact\u00e9ries nocives.<\/li>\n\n\n\n<li>\u2022 Am\u00e9liore l\u2019absorption des nutriments : Assure une meilleure utilisation des vitamines, des min\u00e9raux et d\u2019autres nutriments essentiels \u00e0 la croissance et au d\u00e9veloppement des enfants. Aide \u00e0 r\u00e9guler l\u2019\u00e9quilibre nutritionnel et contribue \u00e0 un poids sant\u00e9.<\/li>\n\n\n\n<li>\u2022 Soutient la sant\u00e9 mentale : Il existe une connexion importante entre l\u2019intestin et le cerveau via le nerf vague. Les probiotiques peuvent influencer positivement ce lien, am\u00e9liorant l\u2019humeur et r\u00e9duisant l\u2019anxi\u00e9t\u00e9 et la d\u00e9pression chez les enfants.<\/li>\n\n\n\n<li>\u2022 R\u00e9duction des allergies : Il a \u00e9t\u00e9 observ\u00e9 que la consommation de probiotiques pendant la grossesse et l\u2019allaitement, ainsi que dans la petite enfance, peut r\u00e9duire l\u2019incidence de la dermatite atopique et des allergies alimentaires.<\/li>\n<\/ul>\n\n\n\n<h2 class=\"wp-block-heading\">Quels aliments contiennent desprobiotiques\u00a0?<\/h2>\n\n\n\n<p><p style=\"font-weight: 400;\">Les probiotiques sont pr\u00e9sents dans diff\u00e9rents aliments et compl\u00e9ments alimentaires. Parmi les sources courantes de probiotiques, on trouve les aliments ferment\u00e9s comme le yaourt et les fruits comme les pommes, l&rsquo;ananas, les oranges et les baies, qui apportent des vitamines et des nutriments essentiels \u00e0 la sant\u00e9 de la flore intestinale et sont particuli\u00e8rement adapt\u00e9s \u00e0 l&rsquo;enfance. Nous vous aiderons \u00e9galement \u00e0 d\u00e9velopper de bonnes habitudes alimentaires en consommant des aliments frais et de saison, en \u00e9vitant les sucres et les aliments transform\u00e9s. \u00c9vitez les aliments tr\u00e8s sal\u00e9s, \u00e9pic\u00e9s ou tr\u00e8s sucr\u00e9s pour stimuler le go\u00fbt et les saveurs naturelles.<\/p><\/p>\n\n\n\n<p>En p\u00e9riode de changements stressants, comme la rentr\u00e9e scolaire, le changement d&rsquo;heure, les vacances et le manque de routine, les rhumes, les changements de saison, etc., il est important de donner \u00e0 votre b\u00e9b\u00e9 un compl\u00e9ment probiotique liquide contenant diverses souches de micro-organismes pour l&rsquo;aider \u00e0 maintenir ou \u00e0 r\u00e9tablir l&rsquo;\u00e9quilibre de sa flore intestinale. Ce compl\u00e9ment apporte \u00e9galement les vitamines et min\u00e9raux n\u00e9cessaires au bon fonctionnement de l&rsquo;organisme. Les probiotiques liquides <em><strong>Microbz Kids<\/strong><\/em> sont la solution id\u00e9ale pour les premi\u00e8res ann\u00e9es de vie, ainsi que pour les futures mamans pendant la grossesse et l&rsquo;allaitement. Ils sont tr\u00e8s complets et \u00e9quilibr\u00e9s car ils combinent diff\u00e9rentes souches de micro-organismes avec des extraits de plantes, des jus et des min\u00e9raux.<\/p>\n\n\n\n<p><\/p>\n","protected":false},"excerpt":{"rendered":"<p>La flore intestinale du nouveau-n\u00e9 est tr\u00e8s limit\u00e9e \u00e0 la naissance ; elle se d\u00e9veloppe progressivement gr\u00e2ce \u00e0 la transmission de micro-organismes entre le b\u00e9b\u00e9 et son environnement. La flore intestinale du b\u00e9b\u00e9 est fortement influenc\u00e9e par le mode d&rsquo;accouchement et l&rsquo;allaitement, les processus naturels favorisant un microbiote plus diversifi\u00e9 et \u00e9quilibr\u00e9. Ainsi, l&rsquo;accouchement par [&hellip;]<\/p>\n","protected":false},"author":3,"featured_media":10724,"comment_status":"closed","ping_status":"closed","sticky":false,"template":"","format":"standard","meta":{"_joinchat":[],"footnotes":""},"categories":[99],"tags":[3346,3347,3361,3362,3363,3364,3365],"class_list":["post-10733","post","type-post","status-publish","format-standard","has-post-thumbnail","hentry","category-nouvelle","tag-microbiote","tag-sante-intestinale","tag-microbiome-fr","tag-flore-intestinale-enfance","tag-probiotiques-fr","tag-probiotiques-liquides-fr","tag-microbz-fr"],"yoast_head":"<!-- This site is optimized with the Yoast SEO plugin v27.4 - https:\/\/yoast.com\/product\/yoast-seo-wordpress\/ -->\n<title>Suppl\u00e9ments probiotiques dans la petite enfance - alter-entorn<\/title>\n<meta name=\"description\" content=\"Les suppl\u00e9ments probiotiques pendant l&#039;enfance offrent de nombreux bienfaits pour la sant\u00e9. Vers trois ans, le microbiote se stabilise.\" \/>\n<meta name=\"robots\" content=\"index, follow, max-snippet:-1, max-image-preview:large, max-video-preview:-1\" \/>\n<link rel=\"canonical\" href=\"https:\/\/alter-entorn.com\/fr\/supplements-probiotiques-dans-la-petite-enfance\/\" \/>\n<meta property=\"og:locale\" content=\"fr_FR\" \/>\n<meta property=\"og:type\" content=\"article\" \/>\n<meta property=\"og:title\" content=\"Suppl\u00e9ments probiotiques dans la petite enfance - alter-entorn\" \/>\n<meta property=\"og:description\" content=\"Les suppl\u00e9ments probiotiques pendant l&#039;enfance offrent de nombreux bienfaits pour la sant\u00e9. Vers trois ans, le microbiote se stabilise.\" \/>\n<meta property=\"og:url\" content=\"https:\/\/alter-entorn.com\/fr\/supplements-probiotiques-dans-la-petite-enfance\/\" \/>\n<meta property=\"og:site_name\" content=\"alter-entorn\" \/>\n<meta property=\"article:publisher\" content=\"https:\/\/www.facebook.com\/alterentorn\/\" \/>\n<meta property=\"article:published_time\" content=\"2025-10-27T12:24:05+00:00\" \/>\n<meta property=\"article:modified_time\" content=\"2025-10-27T12:24:07+00:00\" \/>\n<meta property=\"og:image\" content=\"https:\/\/alter-entorn.com\/wp-content\/uploads\/2025\/10\/bebe.jpg\" \/>\n\t<meta property=\"og:image:width\" content=\"640\" \/>\n\t<meta property=\"og:image:height\" content=\"412\" \/>\n\t<meta property=\"og:image:type\" content=\"image\/jpeg\" \/>\n<meta name=\"author\" content=\"Comandes\" \/>\n<meta name=\"twitter:card\" content=\"summary_large_image\" \/>\n<meta name=\"twitter:creator\" content=\"@alterentorn\" \/>\n<meta name=\"twitter:site\" content=\"@alterentorn\" \/>\n<meta name=\"twitter:label1\" content=\"\u00c9crit par\" \/>\n\t<meta name=\"twitter:data1\" content=\"Comandes\" \/>\n\t<meta name=\"twitter:label2\" content=\"Dur\u00e9e de lecture estim\u00e9e\" \/>\n\t<meta name=\"twitter:data2\" content=\"4 minutes\" \/>\n<script type=\"application\/ld+json\" class=\"yoast-schema-graph\">{\"@context\":\"https:\\\/\\\/schema.org\",\"@graph\":[{\"@type\":\"Article\",\"@id\":\"https:\\\/\\\/alter-entorn.com\\\/fr\\\/supplements-probiotiques-dans-la-petite-enfance\\\/#article\",\"isPartOf\":{\"@id\":\"https:\\\/\\\/alter-entorn.com\\\/fr\\\/supplements-probiotiques-dans-la-petite-enfance\\\/\"},\"author\":{\"name\":\"Comandes\",\"@id\":\"https:\\\/\\\/alter-entorn.com\\\/fr\\\/#\\\/schema\\\/person\\\/038d634ba7da15974cd21b377dac47e7\"},\"headline\":\"Suppl\u00e9ments probiotiques dans la petite enfance\",\"datePublished\":\"2025-10-27T12:24:05+00:00\",\"dateModified\":\"2025-10-27T12:24:07+00:00\",\"mainEntityOfPage\":{\"@id\":\"https:\\\/\\\/alter-entorn.com\\\/fr\\\/supplements-probiotiques-dans-la-petite-enfance\\\/\"},\"wordCount\":813,\"publisher\":{\"@id\":\"https:\\\/\\\/alter-entorn.com\\\/fr\\\/#organization\"},\"image\":{\"@id\":\"https:\\\/\\\/alter-entorn.com\\\/fr\\\/supplements-probiotiques-dans-la-petite-enfance\\\/#primaryimage\"},\"thumbnailUrl\":\"https:\\\/\\\/alter-entorn.com\\\/wp-content\\\/uploads\\\/2025\\\/10\\\/bebe.jpg\",\"keywords\":[\"microbiote\",\"sant\u00e9 intestinale\",\"microbiome\",\"flore intestinale enfance\",\"probiotiques\",\"probiotiques liquides\",\"microbz\"],\"articleSection\":[\"Nouvelle\"],\"inLanguage\":\"fr-FR\"},{\"@type\":\"WebPage\",\"@id\":\"https:\\\/\\\/alter-entorn.com\\\/fr\\\/supplements-probiotiques-dans-la-petite-enfance\\\/\",\"url\":\"https:\\\/\\\/alter-entorn.com\\\/fr\\\/supplements-probiotiques-dans-la-petite-enfance\\\/\",\"name\":\"Suppl\u00e9ments probiotiques dans la petite enfance - alter-entorn\",\"isPartOf\":{\"@id\":\"https:\\\/\\\/alter-entorn.com\\\/fr\\\/#website\"},\"primaryImageOfPage\":{\"@id\":\"https:\\\/\\\/alter-entorn.com\\\/fr\\\/supplements-probiotiques-dans-la-petite-enfance\\\/#primaryimage\"},\"image\":{\"@id\":\"https:\\\/\\\/alter-entorn.com\\\/fr\\\/supplements-probiotiques-dans-la-petite-enfance\\\/#primaryimage\"},\"thumbnailUrl\":\"https:\\\/\\\/alter-entorn.com\\\/wp-content\\\/uploads\\\/2025\\\/10\\\/bebe.jpg\",\"datePublished\":\"2025-10-27T12:24:05+00:00\",\"dateModified\":\"2025-10-27T12:24:07+00:00\",\"description\":\"Les suppl\u00e9ments probiotiques pendant l'enfance offrent de nombreux bienfaits pour la sant\u00e9. Vers trois ans, le microbiote se stabilise.\",\"breadcrumb\":{\"@id\":\"https:\\\/\\\/alter-entorn.com\\\/fr\\\/supplements-probiotiques-dans-la-petite-enfance\\\/#breadcrumb\"},\"inLanguage\":\"fr-FR\",\"potentialAction\":[{\"@type\":\"ReadAction\",\"target\":[\"https:\\\/\\\/alter-entorn.com\\\/fr\\\/supplements-probiotiques-dans-la-petite-enfance\\\/\"]}]},{\"@type\":\"ImageObject\",\"inLanguage\":\"fr-FR\",\"@id\":\"https:\\\/\\\/alter-entorn.com\\\/fr\\\/supplements-probiotiques-dans-la-petite-enfance\\\/#primaryimage\",\"url\":\"https:\\\/\\\/alter-entorn.com\\\/wp-content\\\/uploads\\\/2025\\\/10\\\/bebe.jpg\",\"contentUrl\":\"https:\\\/\\\/alter-entorn.com\\\/wp-content\\\/uploads\\\/2025\\\/10\\\/bebe.jpg\",\"width\":640,\"height\":412,\"caption\":\"recien nacido durmiendo\"},{\"@type\":\"BreadcrumbList\",\"@id\":\"https:\\\/\\\/alter-entorn.com\\\/fr\\\/supplements-probiotiques-dans-la-petite-enfance\\\/#breadcrumb\",\"itemListElement\":[{\"@type\":\"ListItem\",\"position\":1,\"name\":\"Portada\",\"item\":\"https:\\\/\\\/alter-entorn.com\\\/fr\\\/\"},{\"@type\":\"ListItem\",\"position\":2,\"name\":\"Suppl\u00e9ments probiotiques dans la petite enfance\"}]},{\"@type\":\"WebSite\",\"@id\":\"https:\\\/\\\/alter-entorn.com\\\/fr\\\/#website\",\"url\":\"https:\\\/\\\/alter-entorn.com\\\/fr\\\/\",\"name\":\"alter-entorn\",\"description\":\"Soluciones Microbiol\u00f3gicas probi\u00f3ticos\",\"publisher\":{\"@id\":\"https:\\\/\\\/alter-entorn.com\\\/fr\\\/#organization\"},\"potentialAction\":[{\"@type\":\"SearchAction\",\"target\":{\"@type\":\"EntryPoint\",\"urlTemplate\":\"https:\\\/\\\/alter-entorn.com\\\/fr\\\/?s={search_term_string}\"},\"query-input\":{\"@type\":\"PropertyValueSpecification\",\"valueRequired\":true,\"valueName\":\"search_term_string\"}}],\"inLanguage\":\"fr-FR\"},{\"@type\":\"Organization\",\"@id\":\"https:\\\/\\\/alter-entorn.com\\\/fr\\\/#organization\",\"name\":\"alter-entorn\",\"url\":\"https:\\\/\\\/alter-entorn.com\\\/fr\\\/\",\"logo\":{\"@type\":\"ImageObject\",\"inLanguage\":\"fr-FR\",\"@id\":\"https:\\\/\\\/alter-entorn.com\\\/fr\\\/#\\\/schema\\\/logo\\\/image\\\/\",\"url\":\"https:\\\/\\\/alter-entorn.com\\\/wp-content\\\/uploads\\\/2018\\\/10\\\/logo_alter_entorn-sin-texto-1.png\",\"contentUrl\":\"https:\\\/\\\/alter-entorn.com\\\/wp-content\\\/uploads\\\/2018\\\/10\\\/logo_alter_entorn-sin-texto-1.png\",\"width\":246,\"height\":68,\"caption\":\"alter-entorn\"},\"image\":{\"@id\":\"https:\\\/\\\/alter-entorn.com\\\/fr\\\/#\\\/schema\\\/logo\\\/image\\\/\"},\"sameAs\":[\"https:\\\/\\\/www.facebook.com\\\/alterentorn\\\/\",\"https:\\\/\\\/x.com\\\/alterentorn\"]},{\"@type\":\"Person\",\"@id\":\"https:\\\/\\\/alter-entorn.com\\\/fr\\\/#\\\/schema\\\/person\\\/038d634ba7da15974cd21b377dac47e7\",\"name\":\"Comandes\"}]}<\/script>\n<!-- \/ Yoast SEO plugin. -->","yoast_head_json":{"title":"Suppl\u00e9ments probiotiques dans la petite enfance - alter-entorn","description":"Les suppl\u00e9ments probiotiques pendant l'enfance offrent de nombreux bienfaits pour la sant\u00e9. Vers trois ans, le microbiote se stabilise.","robots":{"index":"index","follow":"follow","max-snippet":"max-snippet:-1","max-image-preview":"max-image-preview:large","max-video-preview":"max-video-preview:-1"},"canonical":"https:\/\/alter-entorn.com\/fr\/supplements-probiotiques-dans-la-petite-enfance\/","og_locale":"fr_FR","og_type":"article","og_title":"Suppl\u00e9ments probiotiques dans la petite enfance - alter-entorn","og_description":"Les suppl\u00e9ments probiotiques pendant l'enfance offrent de nombreux bienfaits pour la sant\u00e9. Vers trois ans, le microbiote se stabilise.","og_url":"https:\/\/alter-entorn.com\/fr\/supplements-probiotiques-dans-la-petite-enfance\/","og_site_name":"alter-entorn","article_publisher":"https:\/\/www.facebook.com\/alterentorn\/","article_published_time":"2025-10-27T12:24:05+00:00","article_modified_time":"2025-10-27T12:24:07+00:00","og_image":[{"width":640,"height":412,"url":"https:\/\/alter-entorn.com\/wp-content\/uploads\/2025\/10\/bebe.jpg","type":"image\/jpeg"}],"author":"Comandes","twitter_card":"summary_large_image","twitter_creator":"@alterentorn","twitter_site":"@alterentorn","twitter_misc":{"\u00c9crit par":"Comandes","Dur\u00e9e de lecture estim\u00e9e":"4 minutes"},"schema":{"@context":"https:\/\/schema.org","@graph":[{"@type":"Article","@id":"https:\/\/alter-entorn.com\/fr\/supplements-probiotiques-dans-la-petite-enfance\/#article","isPartOf":{"@id":"https:\/\/alter-entorn.com\/fr\/supplements-probiotiques-dans-la-petite-enfance\/"},"author":{"name":"Comandes","@id":"https:\/\/alter-entorn.com\/fr\/#\/schema\/person\/038d634ba7da15974cd21b377dac47e7"},"headline":"Suppl\u00e9ments probiotiques dans la petite enfance","datePublished":"2025-10-27T12:24:05+00:00","dateModified":"2025-10-27T12:24:07+00:00","mainEntityOfPage":{"@id":"https:\/\/alter-entorn.com\/fr\/supplements-probiotiques-dans-la-petite-enfance\/"},"wordCount":813,"publisher":{"@id":"https:\/\/alter-entorn.com\/fr\/#organization"},"image":{"@id":"https:\/\/alter-entorn.com\/fr\/supplements-probiotiques-dans-la-petite-enfance\/#primaryimage"},"thumbnailUrl":"https:\/\/alter-entorn.com\/wp-content\/uploads\/2025\/10\/bebe.jpg","keywords":["microbiote","sant\u00e9 intestinale","microbiome","flore intestinale enfance","probiotiques","probiotiques liquides","microbz"],"articleSection":["Nouvelle"],"inLanguage":"fr-FR"},{"@type":"WebPage","@id":"https:\/\/alter-entorn.com\/fr\/supplements-probiotiques-dans-la-petite-enfance\/","url":"https:\/\/alter-entorn.com\/fr\/supplements-probiotiques-dans-la-petite-enfance\/","name":"Suppl\u00e9ments probiotiques dans la petite enfance - alter-entorn","isPartOf":{"@id":"https:\/\/alter-entorn.com\/fr\/#website"},"primaryImageOfPage":{"@id":"https:\/\/alter-entorn.com\/fr\/supplements-probiotiques-dans-la-petite-enfance\/#primaryimage"},"image":{"@id":"https:\/\/alter-entorn.com\/fr\/supplements-probiotiques-dans-la-petite-enfance\/#primaryimage"},"thumbnailUrl":"https:\/\/alter-entorn.com\/wp-content\/uploads\/2025\/10\/bebe.jpg","datePublished":"2025-10-27T12:24:05+00:00","dateModified":"2025-10-27T12:24:07+00:00","description":"Les suppl\u00e9ments probiotiques pendant l'enfance offrent de nombreux bienfaits pour la sant\u00e9. Vers trois ans, le microbiote se stabilise.","breadcrumb":{"@id":"https:\/\/alter-entorn.com\/fr\/supplements-probiotiques-dans-la-petite-enfance\/#breadcrumb"},"inLanguage":"fr-FR","potentialAction":[{"@type":"ReadAction","target":["https:\/\/alter-entorn.com\/fr\/supplements-probiotiques-dans-la-petite-enfance\/"]}]},{"@type":"ImageObject","inLanguage":"fr-FR","@id":"https:\/\/alter-entorn.com\/fr\/supplements-probiotiques-dans-la-petite-enfance\/#primaryimage","url":"https:\/\/alter-entorn.com\/wp-content\/uploads\/2025\/10\/bebe.jpg","contentUrl":"https:\/\/alter-entorn.com\/wp-content\/uploads\/2025\/10\/bebe.jpg","width":640,"height":412,"caption":"recien nacido durmiendo"},{"@type":"BreadcrumbList","@id":"https:\/\/alter-entorn.com\/fr\/supplements-probiotiques-dans-la-petite-enfance\/#breadcrumb","itemListElement":[{"@type":"ListItem","position":1,"name":"Portada","item":"https:\/\/alter-entorn.com\/fr\/"},{"@type":"ListItem","position":2,"name":"Suppl\u00e9ments probiotiques dans la petite enfance"}]},{"@type":"WebSite","@id":"https:\/\/alter-entorn.com\/fr\/#website","url":"https:\/\/alter-entorn.com\/fr\/","name":"alter-entorn","description":"Soluciones Microbiol\u00f3gicas probi\u00f3ticos","publisher":{"@id":"https:\/\/alter-entorn.com\/fr\/#organization"},"potentialAction":[{"@type":"SearchAction","target":{"@type":"EntryPoint","urlTemplate":"https:\/\/alter-entorn.com\/fr\/?s={search_term_string}"},"query-input":{"@type":"PropertyValueSpecification","valueRequired":true,"valueName":"search_term_string"}}],"inLanguage":"fr-FR"},{"@type":"Organization","@id":"https:\/\/alter-entorn.com\/fr\/#organization","name":"alter-entorn","url":"https:\/\/alter-entorn.com\/fr\/","logo":{"@type":"ImageObject","inLanguage":"fr-FR","@id":"https:\/\/alter-entorn.com\/fr\/#\/schema\/logo\/image\/","url":"https:\/\/alter-entorn.com\/wp-content\/uploads\/2018\/10\/logo_alter_entorn-sin-texto-1.png","contentUrl":"https:\/\/alter-entorn.com\/wp-content\/uploads\/2018\/10\/logo_alter_entorn-sin-texto-1.png","width":246,"height":68,"caption":"alter-entorn"},"image":{"@id":"https:\/\/alter-entorn.com\/fr\/#\/schema\/logo\/image\/"},"sameAs":["https:\/\/www.facebook.com\/alterentorn\/","https:\/\/x.com\/alterentorn"]},{"@type":"Person","@id":"https:\/\/alter-entorn.com\/fr\/#\/schema\/person\/038d634ba7da15974cd21b377dac47e7","name":"Comandes"}]}},"_links":{"self":[{"href":"https:\/\/alter-entorn.com\/fr\/wp-json\/wp\/v2\/posts\/10733","targetHints":{"allow":["GET"]}}],"collection":[{"href":"https:\/\/alter-entorn.com\/fr\/wp-json\/wp\/v2\/posts"}],"about":[{"href":"https:\/\/alter-entorn.com\/fr\/wp-json\/wp\/v2\/types\/post"}],"author":[{"embeddable":true,"href":"https:\/\/alter-entorn.com\/fr\/wp-json\/wp\/v2\/users\/3"}],"replies":[{"embeddable":true,"href":"https:\/\/alter-entorn.com\/fr\/wp-json\/wp\/v2\/comments?post=10733"}],"version-history":[{"count":4,"href":"https:\/\/alter-entorn.com\/fr\/wp-json\/wp\/v2\/posts\/10733\/revisions"}],"predecessor-version":[{"id":10756,"href":"https:\/\/alter-entorn.com\/fr\/wp-json\/wp\/v2\/posts\/10733\/revisions\/10756"}],"wp:featuredmedia":[{"embeddable":true,"href":"https:\/\/alter-entorn.com\/fr\/wp-json\/wp\/v2\/media\/10724"}],"wp:attachment":[{"href":"https:\/\/alter-entorn.com\/fr\/wp-json\/wp\/v2\/media?parent=10733"}],"wp:term":[{"taxonomy":"category","embeddable":true,"href":"https:\/\/alter-entorn.com\/fr\/wp-json\/wp\/v2\/categories?post=10733"},{"taxonomy":"post_tag","embeddable":true,"href":"https:\/\/alter-entorn.com\/fr\/wp-json\/wp\/v2\/tags?post=10733"}],"curies":[{"name":"wp","href":"https:\/\/api.w.org\/{rel}","templated":true}]}}